{"id":46652,"date":"2014-05-20T09:15:49","date_gmt":"2014-05-20T13:15:49","guid":{"rendered":"http:\/\/www.eltrabajo.cl\/portal\/?p=46652"},"modified":"2014-05-20T09:15:49","modified_gmt":"2014-05-20T13:15:49","slug":"cientos-de-personas-participaron-de-rogativa-a-san-isidro-en-el-asiento","status":"publish","type":"post","link":"https:\/\/eltrabajo.cl\/portal\/cientos-de-personas-participaron-de-rogativa-a-san-isidro-en-el-asiento\/","title":{"rendered":"Cientos de personas participaron de rogativa a San Isidro en El Asiento"},"content":{"rendered":"<figure id=\"attachment_46653\" aria-describedby=\"caption-attachment-46653\" style=\"width: 529px\" class=\"wp-caption alignnone\"><a href=\"https:\/\/i0.wp.com\/www.eltrabajo.cl\/portal\/wp-content\/uploads\/2014\/05\/Santo3.jpg\"><img data-recalc-dims=\"1\" loading=\"lazy\" decoding=\"async\" class=\"size-full wp-image-46653\" alt=\"Esta procesi\u00f3n se encuentra recorriendo las 17 comunidades pertenecientes a la Parroquia Nuestra Se\u00f1ora del Carmen de Rinconada de Silva.\" src=\"https:\/\/i0.wp.com\/www.eltrabajo.cl\/portal\/wp-content\/uploads\/2014\/05\/Santo3.jpg?resize=529%2C324\" width=\"529\" height=\"324\" srcset=\"https:\/\/i0.wp.com\/eltrabajo.cl\/portal\/wp-content\/uploads\/2014\/05\/Santo3.jpg?w=529&amp;ssl=1 529w, https:\/\/i0.wp.com\/eltrabajo.cl\/portal\/wp-content\/uploads\/2014\/05\/Santo3.jpg?resize=200%2C122&amp;ssl=1 200w, https:\/\/i0.wp.com\/eltrabajo.cl\/portal\/wp-content\/uploads\/2014\/05\/Santo3.jpg?resize=300%2C183&amp;ssl=1 300w, https:\/\/i0.wp.com\/eltrabajo.cl\/portal\/wp-content\/uploads\/2014\/05\/Santo3.jpg?resize=150%2C91&amp;ssl=1 150w, https:\/\/i0.wp.com\/eltrabajo.cl\/portal\/wp-content\/uploads\/2014\/05\/Santo3.jpg?resize=400%2C244&amp;ssl=1 400w\" sizes=\"auto, (max-width: 529px) 100vw, 529px\" \/><\/a><figcaption id=\"caption-attachment-46653\" class=\"wp-caption-text\">Esta procesi\u00f3n se encuentra recorriendo las 17 comunidades pertenecientes a la Parroquia Nuestra Se\u00f1ora del Carmen de Rinconada de Silva.<\/figcaption><\/figure>\n<p><strong>PUTAENDO.<\/strong>&#8211; Agricultores, vecinos, huasos y cuasimodistas junto a un multitudinario grupo de fieles, participaron de una rogativa a San Isidro en el sector El Asiento para pedir por la pronta llegada de la lluvia. En horas de la tarde de este domingo, la imagen de San Isidro fue sacada desde la Capilla de El Asiento y llevada en andas por un grupo de fieles hasta la cima del Cerro La Cruz, donde existe una capilla, en la cual se desarroll\u00f3 una eucarist\u00eda para pedir la intercesi\u00f3n del santo para la llegada de la lluvia.<\/p>\n<p>La imagen de la Virgen del Carmen de La Ermita de los ba\u00f1os del parr\u00f3n acompa\u00f1\u00f3 esta procesi\u00f3n pues se encuentra recorriendo las 17 comunidades pertenecientes a la Parroquia Nuestra Se\u00f1ora del Carmen de Rinconada de Silva.<\/p>\n<p>El Grupo de Baile Chino San Victorino de Lourdes, conformado por integrantes del sector 21 de Mayo y de las comuna de San Felipe y Llay Llay dirigidos por Fernando \u2018Caballito Blanco\u2019 acompa\u00f1\u00f3 el andar del santo, al igual que la Agrupaci\u00f3n de Cuasimodistas de Quebrada Herrera, en una hermosa procesi\u00f3n que recorri\u00f3 las principales calles del sector El Asiento.<\/p>\n<p>El Cura Ricardo G\u00f3mez presidi\u00f3 la eucarist\u00eda en la cima del Cerro La Cruz y destac\u00f3 la fe de la comunidad que se uni\u00f3 en una emotiva jornada vivida la tarde de este domingo con la preocupaci\u00f3n de la comunidad por la falta de lluvia en la zona. La procesi\u00f3n realizada este domingo mantiene viva una de las tradiciones m\u00e1s antiguas de la comunidad cat\u00f3lica como es la rogativa a San Isidro, a quien se le atribuye ser el patrono de los agricultores.<\/p>\n<p>Al finalizar la actividad en las afueras de la capilla de El T\u00e1rtaro el Baile Chino San Victorino de Lourdes realiz\u00f3 una plegaria a La Virgen del Carmen y posteriormente los Cuasimodistas realizaron un saludo a San Isidro Labrador y a la Patrona de Chile, la que posteriormente fue llevada hasta el sector 21 de Mayo por parte de la comunidad del sector acompa\u00f1ada por voluntarios de bomberos.<\/p>\n<p>Patricio Gallardo M.<\/p>\n<div class=\"tiled-gallery type-rectangular tiled-gallery-unresized\" data-original-width=\"640\" data-carousel-extra='null' itemscope itemtype=\"http:\/\/schema.org\/ImageGallery\" > <div class=\"gallery-row\" style=\"width: 640px; height: 256px;\" data-original-width=\"640\" data-original-height=\"256\" > <div class=\"gallery-group images-1\" style=\"width: 375px; height: 256px;\" data-original-width=\"375\" data-original-height=\"256\" > <div class=\"tiled-gallery-item tiled-gallery-item-large\" itemprop=\"associatedMedia\" itemscope itemtype=\"http:\/\/schema.org\/ImageObject\"> <a href=\"https:\/\/eltrabajo.cl\/portal\/cientos-de-personas-participaron-de-rogativa-a-san-isidro-en-el-asiento\/santo2-2\/\" border=\"0\" itemprop=\"url\"> <meta itemprop=\"width\" content=\"371\"> <meta itemprop=\"height\" content=\"252\"> <img decoding=\"async\" class=\"\" data-attachment-id=\"46655\" data-orig-file=\"https:\/\/eltrabajo.cl\/portal\/wp-content\/uploads\/2014\/05\/Santo2.jpg\" data-orig-size=\"528,358\" data-comments-opened=\"1\" data-image-meta=\"{&quot;aperture&quot;:&quot;6.3&quot;,&quot;credit&quot;:&quot;&quot;,&quot;camera&quot;:&quot;Canon EOS REBEL T3i&quot;,&quot;caption&quot;:&quot;&quot;,&quot;created_timestamp&quot;:&quot;1400429983&quot;,&quot;copyright&quot;:&quot;[wopmind]&quot;,&quot;focal_length&quot;:&quot;106&quot;,&quot;iso&quot;:&quot;100&quot;,&quot;shutter_speed&quot;:&quot;0.005&quot;,&quot;title&quot;:&quot;&quot;}\" data-image-title=\"Santo2\" data-image-description=\"&lt;p&gt;Cada uno interpret\u00f3 al personaje que quiso, al finalizar la actividad en las afueras de la capilla de El T\u00e1rtaro.&lt;\/p&gt; \" data-medium-file=\"https:\/\/i0.wp.com\/eltrabajo.cl\/portal\/wp-content\/uploads\/2014\/05\/Santo2.jpg?fit=300%2C203&#038;ssl=1\" data-large-file=\"https:\/\/i0.wp.com\/eltrabajo.cl\/portal\/wp-content\/uploads\/2014\/05\/Santo2.jpg?fit=528%2C358&#038;ssl=1\" src=\"https:\/\/i0.wp.com\/eltrabajo.cl\/portal\/wp-content\/uploads\/2014\/05\/Santo2.jpg?w=371&#038;h=252&#038;ssl=1\" srcset=\"https:\/\/i0.wp.com\/eltrabajo.cl\/portal\/wp-content\/uploads\/2014\/05\/Santo2.jpg?w=528&amp;ssl=1 528w, https:\/\/i0.wp.com\/eltrabajo.cl\/portal\/wp-content\/uploads\/2014\/05\/Santo2.jpg?resize=200%2C135&amp;ssl=1 200w, https:\/\/i0.wp.com\/eltrabajo.cl\/portal\/wp-content\/uploads\/2014\/05\/Santo2.jpg?resize=300%2C203&amp;ssl=1 300w, https:\/\/i0.wp.com\/eltrabajo.cl\/portal\/wp-content\/uploads\/2014\/05\/Santo2.jpg?resize=150%2C101&amp;ssl=1 150w, https:\/\/i0.wp.com\/eltrabajo.cl\/portal\/wp-content\/uploads\/2014\/05\/Santo2.jpg?resize=400%2C271&amp;ssl=1 400w\" width=\"371\" height=\"252\" loading=\"lazy\" data-original-width=\"371\" data-original-height=\"252\" itemprop=\"http:\/\/schema.org\/image\" title=\"Santo2\" alt=\"Cada uno interpret\u00f3 al personaje que quiso, al finalizar la actividad en las afueras de la capilla de El T\u00e1rtaro.\" style=\"width: 371px; height: 252px;\" \/> <\/a> <div class=\"tiled-gallery-caption\" itemprop=\"caption description\"> Cada uno interpret\u00f3 al personaje que quiso, al finalizar la actividad en las afueras de la capilla de El T\u00e1rtaro. <\/div> <\/div> <\/div> <!-- close group --> <div class=\"gallery-group images-1\" style=\"width: 265px; height: 256px;\" data-original-width=\"265\" data-original-height=\"256\" > <div class=\"tiled-gallery-item tiled-gallery-item-large\" itemprop=\"associatedMedia\" itemscope itemtype=\"http:\/\/schema.org\/ImageObject\"> <a href=\"https:\/\/eltrabajo.cl\/portal\/cientos-de-personas-participaron-de-rogativa-a-san-isidro-en-el-asiento\/santo1\/\" border=\"0\" itemprop=\"url\"> <meta itemprop=\"width\" content=\"261\"> <meta itemprop=\"height\" content=\"252\"> <img decoding=\"async\" class=\"\" data-attachment-id=\"46654\" data-orig-file=\"https:\/\/eltrabajo.cl\/portal\/wp-content\/uploads\/2014\/05\/Santo1.jpg\" data-orig-size=\"529,511\" data-comments-opened=\"1\" data-image-meta=\"{&quot;aperture&quot;:&quot;0&quot;,&quot;credit&quot;:&quot;&quot;,&quot;camera&quot;:&quot;&quot;,&quot;caption&quot;:&quot;&quot;,&quot;created_timestamp&quot;:&quot;0&quot;,&quot;copyright&quot;:&quot;&quot;,&quot;focal_length&quot;:&quot;0&quot;,&quot;iso&quot;:&quot;0&quot;,&quot;shutter_speed&quot;:&quot;0&quot;,&quot;title&quot;:&quot;&quot;}\" data-image-title=\"Santo1\" data-image-description=\"&lt;p&gt;Un multitudinario grupo de fieles participaron de una rogativa a San Isidro en el sector El Asiento para pedir por la pronta llegada de la lluvia.&lt;\/p&gt; \" data-medium-file=\"https:\/\/i0.wp.com\/eltrabajo.cl\/portal\/wp-content\/uploads\/2014\/05\/Santo1.jpg?fit=300%2C289&#038;ssl=1\" data-large-file=\"https:\/\/i0.wp.com\/eltrabajo.cl\/portal\/wp-content\/uploads\/2014\/05\/Santo1.jpg?fit=529%2C511&#038;ssl=1\" src=\"https:\/\/i0.wp.com\/eltrabajo.cl\/portal\/wp-content\/uploads\/2014\/05\/Santo1.jpg?w=261&#038;h=252&#038;ssl=1\" srcset=\"https:\/\/i0.wp.com\/eltrabajo.cl\/portal\/wp-content\/uploads\/2014\/05\/Santo1.jpg?w=529&amp;ssl=1 529w, https:\/\/i0.wp.com\/eltrabajo.cl\/portal\/wp-content\/uploads\/2014\/05\/Santo1.jpg?resize=155%2C150&amp;ssl=1 155w, https:\/\/i0.wp.com\/eltrabajo.cl\/portal\/wp-content\/uploads\/2014\/05\/Santo1.jpg?resize=300%2C289&amp;ssl=1 300w, https:\/\/i0.wp.com\/eltrabajo.cl\/portal\/wp-content\/uploads\/2014\/05\/Santo1.jpg?resize=150%2C144&amp;ssl=1 150w, https:\/\/i0.wp.com\/eltrabajo.cl\/portal\/wp-content\/uploads\/2014\/05\/Santo1.jpg?resize=400%2C386&amp;ssl=1 400w\" width=\"261\" height=\"252\" loading=\"lazy\" data-original-width=\"261\" data-original-height=\"252\" itemprop=\"http:\/\/schema.org\/image\" title=\"Santo1\" alt=\"Un multitudinario grupo de fieles participaron de una rogativa a San Isidro en el sector El Asiento para pedir por la pronta llegada de la lluvia.\" style=\"width: 261px; height: 252px;\" \/> <\/a> <div class=\"tiled-gallery-caption\" itemprop=\"caption description\"> Un multitudinario grupo de fieles participaron de una rogativa a San Isidro en el sector El Asiento para pedir por la pronta llegada de la lluvia. <\/div> <\/div> <\/div> <!-- close group --> <\/div> <!-- close row --> <\/div>\n","protected":false},"excerpt":{"rendered":"<p>PUTAENDO.&#8211; Agricultores, vecinos, huasos y cuasimodistas junto a un multitudinario grupo de fieles, participaron de una rogativa a San Isidro en el sector El Asiento para pedir por la pronta llegada de&#8230;<\/p>\n","protected":false},"author":482,"featured_media":46653,"comment_status":"open","ping_status":"closed","sticky":false,"template":"","format":"standard","meta":{"advanced_seo_description":"","jetpack_seo_html_title":"","jetpack_seo_noindex":false,"_jetpack_memberships_contains_paid_content":false,"footnotes":""},"categories":[1],"tags":[],"class_list":["post-46652","post","type-post","status-publish","format-standard","has-post-thumbnail","hentry","category-cronica"],"jetpack_featured_media_url":"https:\/\/i0.wp.com\/eltrabajo.cl\/portal\/wp-content\/uploads\/2014\/05\/Santo3.jpg?fit=529%2C324&ssl=1","jetpack_sharing_enabled":true,"jetpack_likes_enabled":true,"jetpack-related-posts":[],"_links":{"self":[{"href":"https:\/\/eltrabajo.cl\/portal\/wp-json\/wp\/v2\/posts\/46652","targetHints":{"allow":["GET"]}}],"collection":[{"href":"https:\/\/eltrabajo.cl\/portal\/wp-json\/wp\/v2\/posts"}],"about":[{"href":"https:\/\/eltrabajo.cl\/portal\/wp-json\/wp\/v2\/types\/post"}],"author":[{"embeddable":true,"href":"https:\/\/eltrabajo.cl\/portal\/wp-json\/wp\/v2\/users\/482"}],"replies":[{"embeddable":true,"href":"https:\/\/eltrabajo.cl\/portal\/wp-json\/wp\/v2\/comments?post=46652"}],"version-history":[{"count":0,"href":"https:\/\/eltrabajo.cl\/portal\/wp-json\/wp\/v2\/posts\/46652\/revisions"}],"wp:featuredmedia":[{"embeddable":true,"href":"https:\/\/eltrabajo.cl\/portal\/wp-json\/wp\/v2\/media\/46653"}],"wp:attachment":[{"href":"https:\/\/eltrabajo.cl\/portal\/wp-json\/wp\/v2\/media?parent=46652"}],"wp:term":[{"taxonomy":"category","embeddable":true,"href":"https:\/\/eltrabajo.cl\/portal\/wp-json\/wp\/v2\/categories?post=46652"},{"taxonomy":"post_tag","embeddable":true,"href":"https:\/\/eltrabajo.cl\/portal\/wp-json\/wp\/v2\/tags?post=46652"}],"curies":[{"name":"wp","href":"https:\/\/api.w.org\/{rel}","templated":true}]}}