{"id":46658,"date":"2014-05-20T09:17:43","date_gmt":"2014-05-20T13:17:43","guid":{"rendered":"http:\/\/www.eltrabajo.cl\/portal\/?p=46658"},"modified":"2014-05-20T09:17:43","modified_gmt":"2014-05-20T13:17:43","slug":"escuela-de-guzmanes-inauguro-patio-de-seguridad-y-de-juegos-para-pre-basica","status":"publish","type":"post","link":"https:\/\/eltrabajo.cl\/portal\/escuela-de-guzmanes-inauguro-patio-de-seguridad-y-de-juegos-para-pre-basica\/","title":{"rendered":"Escuela de Guzmanes inaugur\u00f3 patio de seguridad y de juegos para pre-b\u00e1sica"},"content":{"rendered":"<figure id=\"attachment_46659\" aria-describedby=\"caption-attachment-46659\" style=\"width: 529px\" class=\"wp-caption alignnone\"><a href=\"https:\/\/i0.wp.com\/www.eltrabajo.cl\/portal\/wp-content\/uploads\/2014\/05\/Patios1.jpg\"><img data-recalc-dims=\"1\" loading=\"lazy\" decoding=\"async\" class=\"size-full wp-image-46659\" alt=\"AVANZAMOS.- La Escuela San Alberto de Guzmanes ya tiene patio de seguridad y la implementaci\u00f3n de juegos de esparcimiento para los peque\u00f1os de pre-b\u00e1sica.\" src=\"https:\/\/i0.wp.com\/www.eltrabajo.cl\/portal\/wp-content\/uploads\/2014\/05\/Patios1.jpg?resize=529%2C368\" width=\"529\" height=\"368\" srcset=\"https:\/\/i0.wp.com\/eltrabajo.cl\/portal\/wp-content\/uploads\/2014\/05\/Patios1.jpg?w=529&amp;ssl=1 529w, https:\/\/i0.wp.com\/eltrabajo.cl\/portal\/wp-content\/uploads\/2014\/05\/Patios1.jpg?resize=200%2C139&amp;ssl=1 200w, https:\/\/i0.wp.com\/eltrabajo.cl\/portal\/wp-content\/uploads\/2014\/05\/Patios1.jpg?resize=300%2C208&amp;ssl=1 300w, https:\/\/i0.wp.com\/eltrabajo.cl\/portal\/wp-content\/uploads\/2014\/05\/Patios1.jpg?resize=150%2C104&amp;ssl=1 150w, https:\/\/i0.wp.com\/eltrabajo.cl\/portal\/wp-content\/uploads\/2014\/05\/Patios1.jpg?resize=400%2C278&amp;ssl=1 400w\" sizes=\"auto, (max-width: 529px) 100vw, 529px\" \/><\/a><figcaption id=\"caption-attachment-46659\" class=\"wp-caption-text\">AVANZAMOS.- La Escuela San Alberto de Guzmanes ya tiene patio de seguridad y la implementaci\u00f3n de juegos de esparcimiento para los peque\u00f1os de pre-b\u00e1sica.<\/figcaption><\/figure>\n<p><strong>PUTAENDO.<\/strong>&#8211; En una sencilla pero significativa ceremonia, la Escuela San Alberto de Guzmanes junto a la comunidad educativa inaugur\u00f3 el patio de seguridad y la implementaci\u00f3n de juegos de esparcimiento para los peque\u00f1os de pre-b\u00e1sica.<\/p>\n<figure id=\"attachment_46660\" aria-describedby=\"caption-attachment-46660\" style=\"width: 370px\" class=\"wp-caption alignright\"><a href=\"https:\/\/i0.wp.com\/www.eltrabajo.cl\/portal\/wp-content\/uploads\/2014\/05\/Patios2.jpg\"><img data-recalc-dims=\"1\" loading=\"lazy\" decoding=\"async\" class=\" wp-image-46660 \" alt=\"A JUGAR.- Los peques de la escuelita rural est\u00e1n que no caben de contentos con su nuevo patio de juegos.\" src=\"https:\/\/i0.wp.com\/www.eltrabajo.cl\/portal\/wp-content\/uploads\/2014\/05\/Patios2.jpg?resize=370%2C251\" width=\"370\" height=\"251\" srcset=\"https:\/\/i0.wp.com\/eltrabajo.cl\/portal\/wp-content\/uploads\/2014\/05\/Patios2.jpg?w=529&amp;ssl=1 529w, https:\/\/i0.wp.com\/eltrabajo.cl\/portal\/wp-content\/uploads\/2014\/05\/Patios2.jpg?resize=200%2C135&amp;ssl=1 200w, https:\/\/i0.wp.com\/eltrabajo.cl\/portal\/wp-content\/uploads\/2014\/05\/Patios2.jpg?resize=300%2C203&amp;ssl=1 300w, https:\/\/i0.wp.com\/eltrabajo.cl\/portal\/wp-content\/uploads\/2014\/05\/Patios2.jpg?resize=150%2C101&amp;ssl=1 150w, https:\/\/i0.wp.com\/eltrabajo.cl\/portal\/wp-content\/uploads\/2014\/05\/Patios2.jpg?resize=400%2C270&amp;ssl=1 400w\" sizes=\"auto, (max-width: 370px) 100vw, 370px\" \/><\/a><figcaption id=\"caption-attachment-46660\" class=\"wp-caption-text\">A JUGAR.- Los peques de la escuelita rural est\u00e1n que no caben de contentos con su nuevo patio de juegos.<\/figcaption><\/figure>\n<p>La ma\u00f1ana de este lunes en dependencias del colegio, el Director Marco Arancibia Silva junto a los Concejales Sergio Zamora y Luis Sandoval; el encargado de remuneraciones y personal de la Daem, Alan Silva y la Presidente del Centro General de Padres y Apoderados, Soledad Estay Galleguillos, se dio inicio a la ceremonia de inauguraci\u00f3n de este proyecto adjudicado a trav\u00e9s de los Fondos Concursables de Codelco Andina 2013.<\/p>\n<p>Fue justamente el Centro General de Padres y Apoderados el que postul\u00f3 a este fondo a trav\u00e9s de Codelco Andina y que permiti\u00f3 adquirir, por un monto de $400.000; camas el\u00e1sticas; resbalones y columpios para los peque\u00f1os de pre-kinder y kinder.<\/p>\n<p>En la ocasi\u00f3n adem\u00e1s fue inaugurado el cierre perimetral con una reja que fue reciclada, preparada e instalada por el Centro General de Padres y Apoderados, lo que permitir\u00e1 demarcar perimetralmente el patio para los m\u00e1s peque\u00f1os y la zona de seguridad para evacuar en caso de sismos o incendios.<\/p>\n<p>Marco Arancibia destac\u00f3 la iniciativa del Centro General de Padres y Apoderados y se\u00f1al\u00f3 que se sienten muy orgullosos de iniciar esta nueva instalaci\u00f3n, mientras que Soledad Estay indic\u00f3 que esta iniciativa favorecer\u00e1 a m\u00e1s de 24 peque\u00f1os de la ense\u00f1anza pre-b\u00e1sica del colegio, adem\u00e1s se\u00f1al\u00f3 que es muy satisfactorio ver como los ni\u00f1os disfrutaron con la inauguraci\u00f3n de este patio de juegos.<\/p>\n<p>Patricio Gallardo M.<\/p>\n","protected":false},"excerpt":{"rendered":"<p>PUTAENDO.&#8211; En una sencilla pero significativa ceremonia, la Escuela San Alberto de Guzmanes junto a la comunidad educativa inaugur\u00f3 el patio de seguridad y la implementaci\u00f3n de juegos de esparcimiento para los&#8230;<\/p>\n","protected":false},"author":482,"featured_media":46659,"comment_status":"open","ping_status":"closed","sticky":false,"template":"","format":"standard","meta":{"advanced_seo_description":"","jetpack_seo_html_title":"","jetpack_seo_noindex":false,"_jetpack_memberships_contains_paid_content":false,"footnotes":""},"categories":[15],"tags":[],"class_list":["post-46658","post","type-post","status-publish","format-standard","has-post-thumbnail","hentry","category-comunidad"],"jetpack_featured_media_url":"https:\/\/i0.wp.com\/eltrabajo.cl\/portal\/wp-content\/uploads\/2014\/05\/Patios1.jpg?fit=529%2C368&ssl=1","jetpack_sharing_enabled":true,"jetpack_likes_enabled":true,"jetpack-related-posts":[],"_links":{"self":[{"href":"https:\/\/eltrabajo.cl\/portal\/wp-json\/wp\/v2\/posts\/46658","targetHints":{"allow":["GET"]}}],"collection":[{"href":"https:\/\/eltrabajo.cl\/portal\/wp-json\/wp\/v2\/posts"}],"about":[{"href":"https:\/\/eltrabajo.cl\/portal\/wp-json\/wp\/v2\/types\/post"}],"author":[{"embeddable":true,"href":"https:\/\/eltrabajo.cl\/portal\/wp-json\/wp\/v2\/users\/482"}],"replies":[{"embeddable":true,"href":"https:\/\/eltrabajo.cl\/portal\/wp-json\/wp\/v2\/comments?post=46658"}],"version-history":[{"count":0,"href":"https:\/\/eltrabajo.cl\/portal\/wp-json\/wp\/v2\/posts\/46658\/revisions"}],"wp:featuredmedia":[{"embeddable":true,"href":"https:\/\/eltrabajo.cl\/portal\/wp-json\/wp\/v2\/media\/46659"}],"wp:attachment":[{"href":"https:\/\/eltrabajo.cl\/portal\/wp-json\/wp\/v2\/media?parent=46658"}],"wp:term":[{"taxonomy":"category","embeddable":true,"href":"https:\/\/eltrabajo.cl\/portal\/wp-json\/wp\/v2\/categories?post=46658"},{"taxonomy":"post_tag","embeddable":true,"href":"https:\/\/eltrabajo.cl\/portal\/wp-json\/wp\/v2\/tags?post=46658"}],"curies":[{"name":"wp","href":"https:\/\/api.w.org\/{rel}","templated":true}]}}