{"id":46674,"date":"2014-05-20T09:25:46","date_gmt":"2014-05-20T13:25:46","guid":{"rendered":"http:\/\/www.eltrabajo.cl\/portal\/?p=46674"},"modified":"2014-05-20T09:25:46","modified_gmt":"2014-05-20T13:25:46","slug":"camila-arizmendi-hizo-sonar-a-estudiantes-de-la-escuela-rep-argentina","status":"publish","type":"post","link":"https:\/\/eltrabajo.cl\/portal\/camila-arizmendi-hizo-sonar-a-estudiantes-de-la-escuela-rep-argentina\/","title":{"rendered":"Camila Arizmendi hizo so\u00f1ar a estudiantes de la Escuela Rep. Argentina"},"content":{"rendered":"<figure id=\"attachment_46675\" aria-describedby=\"caption-attachment-46675\" style=\"width: 528px\" class=\"wp-caption alignnone\"><a href=\"https:\/\/i0.wp.com\/www.eltrabajo.cl\/portal\/wp-content\/uploads\/2014\/05\/Publico11.jpg\"><img data-recalc-dims=\"1\" loading=\"lazy\" decoding=\"async\" class=\"size-full wp-image-46675\" alt=\"Durante la jornada, la cantante tuvo la posibilidad de compartir con los alumnos, mostrar su especialidad que es el canto.\" src=\"https:\/\/i0.wp.com\/www.eltrabajo.cl\/portal\/wp-content\/uploads\/2014\/05\/Publico11.jpg?resize=528%2C401\" width=\"528\" height=\"401\" srcset=\"https:\/\/i0.wp.com\/eltrabajo.cl\/portal\/wp-content\/uploads\/2014\/05\/Publico11.jpg?w=528&amp;ssl=1 528w, https:\/\/i0.wp.com\/eltrabajo.cl\/portal\/wp-content\/uploads\/2014\/05\/Publico11.jpg?resize=197%2C150&amp;ssl=1 197w, https:\/\/i0.wp.com\/eltrabajo.cl\/portal\/wp-content\/uploads\/2014\/05\/Publico11.jpg?resize=300%2C227&amp;ssl=1 300w, https:\/\/i0.wp.com\/eltrabajo.cl\/portal\/wp-content\/uploads\/2014\/05\/Publico11.jpg?resize=150%2C113&amp;ssl=1 150w, https:\/\/i0.wp.com\/eltrabajo.cl\/portal\/wp-content\/uploads\/2014\/05\/Publico11.jpg?resize=400%2C303&amp;ssl=1 400w\" sizes=\"auto, (max-width: 528px) 100vw, 528px\" \/><\/a><figcaption id=\"caption-attachment-46675\" class=\"wp-caption-text\">Durante la jornada, la cantante tuvo la posibilidad de compartir con los alumnos, mostrar su especialidad que es el canto.<\/figcaption><\/figure>\n<p>La ma\u00f1ana de este d\u00eda lunes 19 de mayo, hasta la Escuela Rep\u00fablica Argentina, ubicada en el sector del Tambo, llego Camila Arizmendi, destacada ex-integrante de los programas de TVN Factor X y Calle \/. Lo anterior fue posible gracias a las gestiones realizadas por el profesor de m\u00fasica del establecimiento, Lino Herrera, y est\u00e1 incluida en el marco de la celebraci\u00f3n a nivel nacional, de la Semana Art\u00edstica, estando dentro del plan de actividades el llevar a los establecimientos diferentes personajes importantes que puedan dar charlas motivacionales, y que presenten parte de lo que ellos hacen, accediendo la artista gentilmente a esta invitaci\u00f3n realizada desde la escuela y que se concret\u00f3 la ma\u00f1ana de este lunes.<\/p>\n<figure id=\"attachment_46676\" aria-describedby=\"caption-attachment-46676\" style=\"width: 317px\" class=\"wp-caption alignright\"><a href=\"https:\/\/i0.wp.com\/www.eltrabajo.cl\/portal\/wp-content\/uploads\/2014\/05\/Cantante1.jpg\"><img data-recalc-dims=\"1\" loading=\"lazy\" decoding=\"async\" class=\" wp-image-46676 \" alt=\"\u00daNICA Y ESPECIAL.- Con elegancia y dominio total del escenario en la escuelita rural, llego Camila Arizmendi,  destacada ex-integrante de los programas de TVN Factor X y Calle.\" src=\"https:\/\/i0.wp.com\/www.eltrabajo.cl\/portal\/wp-content\/uploads\/2014\/05\/Cantante1.jpg?resize=317%2C351\" width=\"317\" height=\"351\" srcset=\"https:\/\/i0.wp.com\/eltrabajo.cl\/portal\/wp-content\/uploads\/2014\/05\/Cantante1.jpg?w=529&amp;ssl=1 529w, https:\/\/i0.wp.com\/eltrabajo.cl\/portal\/wp-content\/uploads\/2014\/05\/Cantante1.jpg?resize=135%2C150&amp;ssl=1 135w, https:\/\/i0.wp.com\/eltrabajo.cl\/portal\/wp-content\/uploads\/2014\/05\/Cantante1.jpg?resize=271%2C300&amp;ssl=1 271w, https:\/\/i0.wp.com\/eltrabajo.cl\/portal\/wp-content\/uploads\/2014\/05\/Cantante1.jpg?resize=400%2C442&amp;ssl=1 400w\" sizes=\"auto, (max-width: 317px) 100vw, 317px\" \/><\/a><figcaption id=\"caption-attachment-46676\" class=\"wp-caption-text\">\u00daNICA Y ESPECIAL.- Con elegancia y dominio total del escenario en la escuelita rural, llego Camila Arizmendi, destacada ex-integrante de los programas de TVN Factor X y Calle.<\/figcaption><\/figure>\n<p>Ricardo Y\u00e1\u00f1ez, director de establecimiento, se mostr\u00f3 sumamente conforme con la presentaci\u00f3n de la destacada artista en el establecimiento, se\u00f1alando que \u201cnos sentimos sumamente honrados con la visita de esta cantante, porque nos ha aportado muchas cosas, que tienen que ver con la emoci\u00f3n, la vocaci\u00f3n y la motivaci\u00f3n, lo que es parte del proceso de trabajo de la escuela durante todo el a\u00f1o, ya que se parte desde educaci\u00f3n b\u00e1sica, y dentro de esta primera instancia existe lo que se denomina un curriculum com\u00fan, pero nuestro proyecto educativo est\u00e1 orientado a que los ni\u00f1os puedan explorar esa vocaci\u00f3n art\u00edstica, pudiendo claramente aspirar a ser m\u00e9dicos, abogados, pero tambi\u00e9n los proyecta en la parte art\u00edstica\u201d.<\/p>\n<p>En tanto, Arizmendi se mostr\u00f3 emocionada con los ni\u00f1os que la acogieron en su escuela, se\u00f1alando que \u201cpara m\u00ed es un honor que me hayan invitado, y poder de esta manera, mostrar parte de mi carrera a los ni\u00f1os y ni\u00f1as, ense\u00f1arles que con esfuerzo y perseverancia pueden lograr cualquier cosa, pero para eso tiene que haber voluntad, y eso lo llevamos dentro desde que somos muy peque\u00f1os, siendo muy importante la ayuda que nos brindan en el colegio, y el apoyo que nos brindan nuestros padres, ya que es aqu\u00ed, donde comenzamos a mostrar nuestra cualidades, las que nos pueden llevar a ser grandes en la vida\u201d.<\/p>\n<p>Durante la jornada, la cantante tuvo la posibilidad de compartir con los alumnos, mostrar su especialidad que es el canto, cont\u00e1ndoles detalles de participar en programas de televisi\u00f3n, relatos que fueron seguidos atentamente por los ni\u00f1os y ni\u00f1as, quienes tambi\u00e9n pudieron preguntar a la artista sobre su vida y sus inicios en su carrera.<\/p>\n<p>&nbsp;<\/p>\n","protected":false},"excerpt":{"rendered":"<p>La ma\u00f1ana de este d\u00eda lunes 19 de mayo, hasta la Escuela Rep\u00fablica Argentina, ubicada en el sector del Tambo, llego Camila Arizmendi, destacada ex-integrante de los programas de TVN Factor X&#8230;<\/p>\n","protected":false},"author":482,"featured_media":46675,"comment_status":"open","ping_status":"closed","sticky":false,"template":"","format":"standard","meta":{"advanced_seo_description":"","jetpack_seo_html_title":"","jetpack_seo_noindex":false,"_jetpack_memberships_contains_paid_content":false,"footnotes":""},"categories":[15],"tags":[],"class_list":["post-46674","post","type-post","status-publish","format-standard","has-post-thumbnail","hentry","category-comunidad"],"jetpack_featured_media_url":"https:\/\/i0.wp.com\/eltrabajo.cl\/portal\/wp-content\/uploads\/2014\/05\/Publico11.jpg?fit=528%2C401&ssl=1","jetpack_sharing_enabled":true,"jetpack_likes_enabled":true,"jetpack-related-posts":[],"_links":{"self":[{"href":"https:\/\/eltrabajo.cl\/portal\/wp-json\/wp\/v2\/posts\/46674","targetHints":{"allow":["GET"]}}],"collection":[{"href":"https:\/\/eltrabajo.cl\/portal\/wp-json\/wp\/v2\/posts"}],"about":[{"href":"https:\/\/eltrabajo.cl\/portal\/wp-json\/wp\/v2\/types\/post"}],"author":[{"embeddable":true,"href":"https:\/\/eltrabajo.cl\/portal\/wp-json\/wp\/v2\/users\/482"}],"replies":[{"embeddable":true,"href":"https:\/\/eltrabajo.cl\/portal\/wp-json\/wp\/v2\/comments?post=46674"}],"version-history":[{"count":0,"href":"https:\/\/eltrabajo.cl\/portal\/wp-json\/wp\/v2\/posts\/46674\/revisions"}],"wp:featuredmedia":[{"embeddable":true,"href":"https:\/\/eltrabajo.cl\/portal\/wp-json\/wp\/v2\/media\/46675"}],"wp:attachment":[{"href":"https:\/\/eltrabajo.cl\/portal\/wp-json\/wp\/v2\/media?parent=46674"}],"wp:term":[{"taxonomy":"category","embeddable":true,"href":"https:\/\/eltrabajo.cl\/portal\/wp-json\/wp\/v2\/categories?post=46674"},{"taxonomy":"post_tag","embeddable":true,"href":"https:\/\/eltrabajo.cl\/portal\/wp-json\/wp\/v2\/tags?post=46674"}],"curies":[{"name":"wp","href":"https:\/\/api.w.org\/{rel}","templated":true}]}}