{"id":46679,"date":"2014-05-20T09:27:48","date_gmt":"2014-05-20T13:27:48","guid":{"rendered":"http:\/\/www.eltrabajo.cl\/portal\/?p=46679"},"modified":"2014-05-20T09:27:48","modified_gmt":"2014-05-20T13:27:48","slug":"core-ivan-reyes-lo-anuncio-aprueban-definitivamente-el-proyecto-apr-quebrada-herrera","status":"publish","type":"post","link":"https:\/\/eltrabajo.cl\/portal\/core-ivan-reyes-lo-anuncio-aprueban-definitivamente-el-proyecto-apr-quebrada-herrera\/","title":{"rendered":"Core Iv\u00e1n Reyes lo anunci\u00f3: Aprueban definitivamente el Proyecto APR Quebrada Herrera"},"content":{"rendered":"<figure id=\"attachment_46681\" aria-describedby=\"caption-attachment-46681\" style=\"width: 317px\" class=\"wp-caption alignleft\"><a href=\"https:\/\/i0.wp.com\/www.eltrabajo.cl\/portal\/wp-content\/uploads\/2014\/05\/Ivan-Reyes.jpg\"><img data-recalc-dims=\"1\" loading=\"lazy\" decoding=\"async\" class=\" wp-image-46681 \" alt=\"Consejero Regional Iv\u00e1n Reyes.\" src=\"https:\/\/i0.wp.com\/www.eltrabajo.cl\/portal\/wp-content\/uploads\/2014\/05\/Ivan-Reyes.jpg?resize=317%2C240\" width=\"317\" height=\"240\" srcset=\"https:\/\/i0.wp.com\/eltrabajo.cl\/portal\/wp-content\/uploads\/2014\/05\/Ivan-Reyes.jpg?w=528&amp;ssl=1 528w, https:\/\/i0.wp.com\/eltrabajo.cl\/portal\/wp-content\/uploads\/2014\/05\/Ivan-Reyes.jpg?resize=198%2C150&amp;ssl=1 198w, https:\/\/i0.wp.com\/eltrabajo.cl\/portal\/wp-content\/uploads\/2014\/05\/Ivan-Reyes.jpg?resize=300%2C227&amp;ssl=1 300w, https:\/\/i0.wp.com\/eltrabajo.cl\/portal\/wp-content\/uploads\/2014\/05\/Ivan-Reyes.jpg?resize=150%2C113&amp;ssl=1 150w, https:\/\/i0.wp.com\/eltrabajo.cl\/portal\/wp-content\/uploads\/2014\/05\/Ivan-Reyes.jpg?resize=400%2C303&amp;ssl=1 400w\" sizes=\"auto, (max-width: 317px) 100vw, 317px\" \/><\/a><figcaption id=\"caption-attachment-46681\" class=\"wp-caption-text\">Consejero Regional Iv\u00e1n Reyes.<\/figcaption><\/figure>\n<p>Feliz regresaba este mi\u00e9rcoles el Core Iv\u00e1n Reyes tras sesionar el Pleno del Consejo Regional y conseguir la aprobaci\u00f3n definitiva del proyecto presentado por el Comit\u00e9 de Agua Potable Rural (APR) de Quebrada de Herrera, por un total de $597.856, lo que financiar\u00e1 el reacondicionamiento del pozo de captaci\u00f3n para hacerlo m\u00e1s profundo, la instalaci\u00f3n de bombas nuevas, obras de remplazo de la red de distribuci\u00f3n, la habilitaci\u00f3n de equipo de cloraci\u00f3n para nuevas captaciones, la construcci\u00f3n de un estanque met\u00e1lico en altura de 100 metros c\u00fabicos, la re-conexi\u00f3n de 50 arranques y de 240 arranques nuevos.<\/p>\n<p>\u201cRegreso feliz de Valpara\u00edso, ya que conseguimos al fin este financiamiento tan necesario para nuestros vecinos de Quebrada de Herrera. Ojo que este es el \u00fanico proyecto aprobado para todo el valle de Aconcagua en este pleno, por lo que los vecinos de ese sector de Putaendo deben sentirse orgullosos de que este proyecto pasara todas las etapas con \u00e9xito\u201d, explic\u00f3 el Consejero Regional Iv\u00e1n Reyes.<\/p>\n<p>Por su parte el Alcalde Guillermo Reyes declar\u00f3 hace pocos d\u00edas cuando la carpeta pas\u00f3 la aprobaci\u00f3n de una comisi\u00f3n que \u201ceste era un tema que estaba pendiente desde hace mucho tiempo, los dise\u00f1os de ingeniera estaban aprobados hace m\u00e1s de tres (\u2026) quiero agradecer a los Consejeros Regionales de la provincia (\u2026) por el apoyo en la adjudicaci\u00f3n de este proyecto\u201d.<\/p>\n<p>En tanto el Consejero Regional, Rolando Stevenson, se mostr\u00f3 \u201csatisfecho de poder apoyar a las APR, pues son empresas que se forman por la comunidad y por una necesidad, que es el agua, adem\u00e1s es importante que la organizaci\u00f3n de estas, sean bien planificadas, para as\u00ed evitar que sean absorbidas por otras empresas\u201d.<\/p>\n<p>El Core Iv\u00e1n Reyes reiter\u00f3 la necesidad de que los diferentes Secpla de cada municipio sean capaces de generar m\u00e1s y mejores proyectos a fin de que ellos puedan defenderlos y conseguir el financiamiento necesario. \u201cEste no es un trabajo que podamos hacer solos. Nosotros los Cores hacemos lo posible, a todos nos interesa que los proyectos se aprueben, pero para eso necesitamos que los municipios trabajen en otorgarnos una buena cartera de proyectos, t\u00e9cnicamente sustentables y con la menor cantidad de fallas posibles a fin de que no se entrampen\u201d, concluy\u00f3.<\/p>\n<p>&nbsp;<\/p>\n","protected":false},"excerpt":{"rendered":"<p>Feliz regresaba este mi\u00e9rcoles el Core Iv\u00e1n Reyes tras sesionar el Pleno del Consejo Regional y conseguir la aprobaci\u00f3n definitiva del proyecto presentado por el Comit\u00e9 de Agua Potable Rural (APR) de&#8230;<\/p>\n","protected":false},"author":482,"featured_media":46681,"comment_status":"open","ping_status":"closed","sticky":false,"template":"","format":"standard","meta":{"advanced_seo_description":"","jetpack_seo_html_title":"","jetpack_seo_noindex":false,"_jetpack_memberships_contains_paid_content":false,"footnotes":""},"categories":[1],"tags":[],"class_list":["post-46679","post","type-post","status-publish","format-standard","has-post-thumbnail","hentry","category-cronica"],"jetpack_featured_media_url":"https:\/\/i0.wp.com\/eltrabajo.cl\/portal\/wp-content\/uploads\/2014\/05\/Ivan-Reyes.jpg?fit=528%2C400&ssl=1","jetpack_sharing_enabled":true,"jetpack_likes_enabled":true,"jetpack-related-posts":[],"_links":{"self":[{"href":"https:\/\/eltrabajo.cl\/portal\/wp-json\/wp\/v2\/posts\/46679","targetHints":{"allow":["GET"]}}],"collection":[{"href":"https:\/\/eltrabajo.cl\/portal\/wp-json\/wp\/v2\/posts"}],"about":[{"href":"https:\/\/eltrabajo.cl\/portal\/wp-json\/wp\/v2\/types\/post"}],"author":[{"embeddable":true,"href":"https:\/\/eltrabajo.cl\/portal\/wp-json\/wp\/v2\/users\/482"}],"replies":[{"embeddable":true,"href":"https:\/\/eltrabajo.cl\/portal\/wp-json\/wp\/v2\/comments?post=46679"}],"version-history":[{"count":0,"href":"https:\/\/eltrabajo.cl\/portal\/wp-json\/wp\/v2\/posts\/46679\/revisions"}],"wp:featuredmedia":[{"embeddable":true,"href":"https:\/\/eltrabajo.cl\/portal\/wp-json\/wp\/v2\/media\/46681"}],"wp:attachment":[{"href":"https:\/\/eltrabajo.cl\/portal\/wp-json\/wp\/v2\/media?parent=46679"}],"wp:term":[{"taxonomy":"category","embeddable":true,"href":"https:\/\/eltrabajo.cl\/portal\/wp-json\/wp\/v2\/categories?post=46679"},{"taxonomy":"post_tag","embeddable":true,"href":"https:\/\/eltrabajo.cl\/portal\/wp-json\/wp\/v2\/tags?post=46679"}],"curies":[{"name":"wp","href":"https:\/\/api.w.org\/{rel}","templated":true}]}}