{"id":46684,"date":"2014-05-20T09:30:37","date_gmt":"2014-05-20T13:30:37","guid":{"rendered":"http:\/\/www.eltrabajo.cl\/portal\/?p=46684"},"modified":"2014-05-20T09:30:37","modified_gmt":"2014-05-20T13:30:37","slug":"vecina-denuncia-que-encontro-un-resorte-al-interior-de-un-pan","status":"publish","type":"post","link":"https:\/\/eltrabajo.cl\/portal\/vecina-denuncia-que-encontro-un-resorte-al-interior-de-un-pan\/","title":{"rendered":"Vecina denuncia que encontr\u00f3 un resorte al interior de un pan"},"content":{"rendered":"<figure id=\"attachment_46685\" aria-describedby=\"caption-attachment-46685\" style=\"width: 370px\" class=\"wp-caption alignleft\"><a href=\"https:\/\/i0.wp.com\/www.eltrabajo.cl\/portal\/wp-content\/uploads\/2014\/05\/Pan1.jpg\"><img data-recalc-dims=\"1\" loading=\"lazy\" decoding=\"async\" class=\" wp-image-46685 \" alt=\"LA DENUNCIA.- La Se\u00f1ora Julia Estay denunci\u00f3 que cuando se aprestaba a tomar desayuno encontr\u00f3 un peque\u00f1o resorte al interior de un pan.\" src=\"https:\/\/i0.wp.com\/www.eltrabajo.cl\/portal\/wp-content\/uploads\/2014\/05\/Pan1.jpg?resize=370%2C321\" width=\"370\" height=\"321\" srcset=\"https:\/\/i0.wp.com\/eltrabajo.cl\/portal\/wp-content\/uploads\/2014\/05\/Pan1.jpg?w=529&amp;ssl=1 529w, https:\/\/i0.wp.com\/eltrabajo.cl\/portal\/wp-content\/uploads\/2014\/05\/Pan1.jpg?resize=172%2C150&amp;ssl=1 172w, https:\/\/i0.wp.com\/eltrabajo.cl\/portal\/wp-content\/uploads\/2014\/05\/Pan1.jpg?resize=300%2C260&amp;ssl=1 300w, https:\/\/i0.wp.com\/eltrabajo.cl\/portal\/wp-content\/uploads\/2014\/05\/Pan1.jpg?resize=150%2C130&amp;ssl=1 150w, https:\/\/i0.wp.com\/eltrabajo.cl\/portal\/wp-content\/uploads\/2014\/05\/Pan1.jpg?resize=400%2C347&amp;ssl=1 400w\" sizes=\"auto, (max-width: 370px) 100vw, 370px\" \/><\/a><figcaption id=\"caption-attachment-46685\" class=\"wp-caption-text\">LA DENUNCIA.- La Se\u00f1ora Julia Estay denunci\u00f3 que cuando se aprestaba a tomar desayuno encontr\u00f3 un peque\u00f1o resorte al interior de un pan.<\/figcaption><\/figure>\n<p><strong>PUTAENDO<\/strong>.- La Se\u00f1ora Julia Estay, quien vive en la Poblaci\u00f3n Ej\u00e9rcito Libertador, denunci\u00f3 que cuando se aprestaba a tomar desayuno encontr\u00f3 un peque\u00f1o resorte al interior de un pan. La denunciante asegur\u00f3 que en horas de la ma\u00f1ana del domingo junto a su esposo se aprestaban a tomar desayuno cuando luego de partir un pan a la mitad y abrirlo se percat\u00f3 que algo extra\u00f1o hab\u00eda en una hallulla y al mirarla con detenci\u00f3n grande fue su sorpresa al encontrar un resorte entre las migas del pan.<\/p>\n<p>Julia Estay se\u00f1al\u00f3 que el d\u00eda s\u00e1bado compr\u00f3 el pan en un negocio ubicado frente a la Poblaci\u00f3n Ej\u00e9rcito Libertador y que nunca imagin\u00f3 que al interior del pan encontrar\u00eda un resorte, por lo que manifest\u00f3 que hoy s\u00f3lo ha hecho esto p\u00fablico para que la gente tenga m\u00e1s cuidado, pues de haber untado la palta en el pan no se habr\u00eda percatado del resorte y seguramente se lo hubiese tragado con consecuencias insospechadas para su salud o para su familia.<\/p>\n<figure id=\"attachment_46686\" aria-describedby=\"caption-attachment-46686\" style=\"width: 370px\" class=\"wp-caption alignright\"><a href=\"https:\/\/i0.wp.com\/www.eltrabajo.cl\/portal\/wp-content\/uploads\/2014\/05\/Resorte1.jpg\"><img data-recalc-dims=\"1\" loading=\"lazy\" decoding=\"async\" class=\" wp-image-46686 \" alt=\"DUDAS.- Patricia Jorquera, due\u00f1a de la panader\u00eda, asegura que a\u00fan no tienen claridad si el pan fue o no elaborado en su panader\u00eda.\" src=\"https:\/\/i0.wp.com\/www.eltrabajo.cl\/portal\/wp-content\/uploads\/2014\/05\/Resorte1.jpg?resize=370%2C333\" width=\"370\" height=\"333\" srcset=\"https:\/\/i0.wp.com\/eltrabajo.cl\/portal\/wp-content\/uploads\/2014\/05\/Resorte1.jpg?w=529&amp;ssl=1 529w, https:\/\/i0.wp.com\/eltrabajo.cl\/portal\/wp-content\/uploads\/2014\/05\/Resorte1.jpg?resize=166%2C150&amp;ssl=1 166w, https:\/\/i0.wp.com\/eltrabajo.cl\/portal\/wp-content\/uploads\/2014\/05\/Resorte1.jpg?resize=300%2C269&amp;ssl=1 300w, https:\/\/i0.wp.com\/eltrabajo.cl\/portal\/wp-content\/uploads\/2014\/05\/Resorte1.jpg?resize=150%2C134&amp;ssl=1 150w, https:\/\/i0.wp.com\/eltrabajo.cl\/portal\/wp-content\/uploads\/2014\/05\/Resorte1.jpg?resize=400%2C359&amp;ssl=1 400w\" sizes=\"auto, (max-width: 370px) 100vw, 370px\" \/><\/a><figcaption id=\"caption-attachment-46686\" class=\"wp-caption-text\">DUDAS.- Patricia Jorquera, due\u00f1a de la panader\u00eda, asegura que a\u00fan no tienen claridad si el pan fue o no elaborado en su panader\u00eda.<\/figcaption><\/figure>\n<p>Con estos antecedentes tomamos el trozo de pan con el resorte y lo llevamos hasta el peque\u00f1o negocio donde fue vendido y en el lugar nos indicaron que el pan es abastecido por la Panader\u00eda Putaendo y aseguraron que no tienen mayor responsabilidad sobre lo ocurrido pues el resorte estaba al interior del pan y era imposible saber que ese cuerpo extra\u00f1o pod\u00eda estar ah\u00ed.<\/p>\n<p><strong>VERSI\u00d3N DE PANADER\u00cdA PUTAENDO<\/strong><\/p>\n<p>El d\u00eda domingo conversamos con el administrador de la Panader\u00eda Putaendo, a quien le mostramos el trozo de pan y le contamos de esta denuncia y fue as\u00ed como en horas de la ma\u00f1ana de este lunes la propietaria de la panader\u00eda, Patricia Jorquera, nos recibi\u00f3 para tener su versi\u00f3n.<\/p>\n<p>Jorquera dijo que hab\u00edan comenzado a indagar en forma inmediata lo ocurrido pues le parece sumamente extra\u00f1o que un resorte pueda haber llegado hasta un pan pues cumplen con todas las medidas sanitarias e incluso asegur\u00f3 que en la preparaci\u00f3n de la masa hay ciertas medidas que hacen imposible que ese resorte hubiese pasado por la m\u00e1quina, adem\u00e1s se\u00f1al\u00f3 que por la textura del pan no est\u00e1n del todo seguros que haya sido fabricado por ellos.<\/p>\n<p>La comerciante visit\u00f3 a la denunciante y a la propietaria del almac\u00e9n, donde el pan fue vendido y dijo que de todas maneras como panader\u00eda est\u00e1n indagando esta denuncia e hizo un llamado a la comunidad a estar tranquila, pues la Panader\u00eda Putaendo cumple con altos est\u00e1ndares de calidad constantemente fiscalizados por la autoridad de salud, junto con asegurar que a\u00fan no tienen claridad si el pan fue o no elaborado en su panader\u00eda.<\/p>\n<p>Patricio Gallardo M.<\/p>\n","protected":false},"excerpt":{"rendered":"<p>PUTAENDO.- La Se\u00f1ora Julia Estay, quien vive en la Poblaci\u00f3n Ej\u00e9rcito Libertador, denunci\u00f3 que cuando se aprestaba a tomar desayuno encontr\u00f3 un peque\u00f1o resorte al interior de un pan. La denunciante asegur\u00f3&#8230;<\/p>\n","protected":false},"author":482,"featured_media":46685,"comment_status":"open","ping_status":"closed","sticky":false,"template":"","format":"standard","meta":{"advanced_seo_description":"","jetpack_seo_html_title":"","jetpack_seo_noindex":false,"_jetpack_memberships_contains_paid_content":false,"footnotes":""},"categories":[15],"tags":[],"class_list":["post-46684","post","type-post","status-publish","format-standard","has-post-thumbnail","hentry","category-comunidad"],"jetpack_featured_media_url":"https:\/\/i0.wp.com\/eltrabajo.cl\/portal\/wp-content\/uploads\/2014\/05\/Pan1.jpg?fit=529%2C459&ssl=1","jetpack_sharing_enabled":true,"jetpack_likes_enabled":true,"jetpack-related-posts":[],"_links":{"self":[{"href":"https:\/\/eltrabajo.cl\/portal\/wp-json\/wp\/v2\/posts\/46684","targetHints":{"allow":["GET"]}}],"collection":[{"href":"https:\/\/eltrabajo.cl\/portal\/wp-json\/wp\/v2\/posts"}],"about":[{"href":"https:\/\/eltrabajo.cl\/portal\/wp-json\/wp\/v2\/types\/post"}],"author":[{"embeddable":true,"href":"https:\/\/eltrabajo.cl\/portal\/wp-json\/wp\/v2\/users\/482"}],"replies":[{"embeddable":true,"href":"https:\/\/eltrabajo.cl\/portal\/wp-json\/wp\/v2\/comments?post=46684"}],"version-history":[{"count":0,"href":"https:\/\/eltrabajo.cl\/portal\/wp-json\/wp\/v2\/posts\/46684\/revisions"}],"wp:featuredmedia":[{"embeddable":true,"href":"https:\/\/eltrabajo.cl\/portal\/wp-json\/wp\/v2\/media\/46685"}],"wp:attachment":[{"href":"https:\/\/eltrabajo.cl\/portal\/wp-json\/wp\/v2\/media?parent=46684"}],"wp:term":[{"taxonomy":"category","embeddable":true,"href":"https:\/\/eltrabajo.cl\/portal\/wp-json\/wp\/v2\/categories?post=46684"},{"taxonomy":"post_tag","embeddable":true,"href":"https:\/\/eltrabajo.cl\/portal\/wp-json\/wp\/v2\/tags?post=46684"}],"curies":[{"name":"wp","href":"https:\/\/api.w.org\/{rel}","templated":true}]}}