{"id":46689,"date":"2014-05-20T09:33:52","date_gmt":"2014-05-20T13:33:52","guid":{"rendered":"http:\/\/www.eltrabajo.cl\/portal\/?p=46689"},"modified":"2014-05-20T09:33:52","modified_gmt":"2014-05-20T13:33:52","slug":"alcaldes-del-valle-firman-convenio-mas-sonrisas-para-chile","status":"publish","type":"post","link":"https:\/\/eltrabajo.cl\/portal\/alcaldes-del-valle-firman-convenio-mas-sonrisas-para-chile\/","title":{"rendered":"Alcaldes del valle firman convenio \u2018M\u00e1s sonrisas para Chile\u2019"},"content":{"rendered":"<figure id=\"attachment_46690\" aria-describedby=\"caption-attachment-46690\" style=\"width: 423px\" class=\"wp-caption alignleft\"><a href=\"https:\/\/i0.wp.com\/www.eltrabajo.cl\/portal\/wp-content\/uploads\/2014\/05\/Convenio11.jpg\"><img data-recalc-dims=\"1\" loading=\"lazy\" decoding=\"async\" class=\" wp-image-46690 \" alt=\"FIRMADO CONVENIO.- El Alcalde Patricio Freire estamp\u00f3 su firma en el Programa Odontol\u00f3gico en Atenci\u00f3n Primaria M\u00e1s sonrisas para Chile.\" src=\"https:\/\/i0.wp.com\/www.eltrabajo.cl\/portal\/wp-content\/uploads\/2014\/05\/Convenio11.jpg?resize=423%2C309\" width=\"423\" height=\"309\" srcset=\"https:\/\/i0.wp.com\/eltrabajo.cl\/portal\/wp-content\/uploads\/2014\/05\/Convenio11.jpg?w=529&amp;ssl=1 529w, https:\/\/i0.wp.com\/eltrabajo.cl\/portal\/wp-content\/uploads\/2014\/05\/Convenio11.jpg?resize=200%2C145&amp;ssl=1 200w, https:\/\/i0.wp.com\/eltrabajo.cl\/portal\/wp-content\/uploads\/2014\/05\/Convenio11.jpg?resize=300%2C218&amp;ssl=1 300w, https:\/\/i0.wp.com\/eltrabajo.cl\/portal\/wp-content\/uploads\/2014\/05\/Convenio11.jpg?resize=150%2C109&amp;ssl=1 150w, https:\/\/i0.wp.com\/eltrabajo.cl\/portal\/wp-content\/uploads\/2014\/05\/Convenio11.jpg?resize=400%2C291&amp;ssl=1 400w\" sizes=\"auto, (max-width: 423px) 100vw, 423px\" \/><\/a><figcaption id=\"caption-attachment-46690\" class=\"wp-caption-text\">FIRMADO CONVENIO.- El Alcalde Patricio Freire estamp\u00f3 su firma en el Programa Odontol\u00f3gico en Atenci\u00f3n Primaria M\u00e1s sonrisas para Chile.<\/figcaption><\/figure>\n<p>Con la presencia del Gobernador de la Provincia San Felipe Eduardo Le\u00f3n Lazcano; del Director del Servicio, Alejandro C\u00e1rdenas; los alcaldes del Valle de Aconcagua, dos importantes convenios se firmaron en el Sal\u00f3n del Servicio de Salud Aconcagua, la expansi\u00f3n del Programa Odontol\u00f3gico en Atenci\u00f3n Primaria M\u00e1s sonrisas para Chile y del Fondo de Farmacia para enfermedades cr\u00f3nicas no transmisibles en atenci\u00f3n primaria, que est\u00e1n incluidas en las 50 medidas del programa de gobierno.<\/p>\n<p>La firma de estos convenios la destaco el Director del Servicio, Alejandro C\u00e1rdenas, manifestando que \u201cson dos programas que alcanzan los $300 millones, el Programa Dental da cuenta del aumento de las altas odontol\u00f3gicas integrales que vamos a realizar en cada establecimiento de Salud y de Farmacia, que es la provisi\u00f3n de los medicamentos para las tres enfermedades cardiovasculares que tienen mayor prevalencia en nuestro pa\u00eds que son: diabetes, hipertensi\u00f3n arterial y dislipidemia, esto ser\u00e1 con la entrega a los usuarios de medicamentos en forma oportuna para que puedan atender su enfermedad de salud, y con esto se realizara un seguimiento a los pacientes para ver si est\u00e1n o no consumiendo los medicamentos\u201d.<\/p>\n<p>La ampliaci\u00f3n de la cobertura del Programa M\u00e1s sonrisas para Chile, en las dos provincias alcanzar\u00eda a m\u00e1s de 200 personas. En la comuna de Putaendo no est\u00e1 inserto el Programa Odontol\u00f3gico en Atenci\u00f3n Primaria M\u00e1s sonrisas para Chile, ya que se est\u00e1 realizando un trabajo destinado a aumentar la cantidad de sillas odontol\u00f3gicas, no es un tema de recursos sino de instalaciones, y se espera que en el corto plazo se pueda integrar a la ampliaci\u00f3n de este programa.<\/p>\n<p>En un mes deber\u00edan estar listos estos dos convenios, ahora se realiza la transferencia de recursos y de ah\u00ed la disposici\u00f3n en los establecimientos de Salud Primaria para que puedan emprender dichos programas.<\/p>\n<p>&nbsp;<\/p>\n","protected":false},"excerpt":{"rendered":"<p>Con la presencia del Gobernador de la Provincia San Felipe Eduardo Le\u00f3n Lazcano; del Director del Servicio, Alejandro C\u00e1rdenas; los alcaldes del Valle de Aconcagua, dos importantes convenios se firmaron en el&#8230;<\/p>\n","protected":false},"author":482,"featured_media":46690,"comment_status":"open","ping_status":"closed","sticky":false,"template":"","format":"standard","meta":{"advanced_seo_description":"","jetpack_seo_html_title":"","jetpack_seo_noindex":false,"_jetpack_memberships_contains_paid_content":false,"footnotes":""},"categories":[1],"tags":[],"class_list":["post-46689","post","type-post","status-publish","format-standard","has-post-thumbnail","hentry","category-cronica"],"jetpack_featured_media_url":"https:\/\/i0.wp.com\/eltrabajo.cl\/portal\/wp-content\/uploads\/2014\/05\/Convenio11.jpg?fit=529%2C386&ssl=1","jetpack_sharing_enabled":true,"jetpack_likes_enabled":true,"jetpack-related-posts":[],"_links":{"self":[{"href":"https:\/\/eltrabajo.cl\/portal\/wp-json\/wp\/v2\/posts\/46689","targetHints":{"allow":["GET"]}}],"collection":[{"href":"https:\/\/eltrabajo.cl\/portal\/wp-json\/wp\/v2\/posts"}],"about":[{"href":"https:\/\/eltrabajo.cl\/portal\/wp-json\/wp\/v2\/types\/post"}],"author":[{"embeddable":true,"href":"https:\/\/eltrabajo.cl\/portal\/wp-json\/wp\/v2\/users\/482"}],"replies":[{"embeddable":true,"href":"https:\/\/eltrabajo.cl\/portal\/wp-json\/wp\/v2\/comments?post=46689"}],"version-history":[{"count":0,"href":"https:\/\/eltrabajo.cl\/portal\/wp-json\/wp\/v2\/posts\/46689\/revisions"}],"wp:featuredmedia":[{"embeddable":true,"href":"https:\/\/eltrabajo.cl\/portal\/wp-json\/wp\/v2\/media\/46690"}],"wp:attachment":[{"href":"https:\/\/eltrabajo.cl\/portal\/wp-json\/wp\/v2\/media?parent=46689"}],"wp:term":[{"taxonomy":"category","embeddable":true,"href":"https:\/\/eltrabajo.cl\/portal\/wp-json\/wp\/v2\/categories?post=46689"},{"taxonomy":"post_tag","embeddable":true,"href":"https:\/\/eltrabajo.cl\/portal\/wp-json\/wp\/v2\/tags?post=46689"}],"curies":[{"name":"wp","href":"https:\/\/api.w.org\/{rel}","templated":true}]}}