{"id":46693,"date":"2014-05-20T09:34:44","date_gmt":"2014-05-20T13:34:44","guid":{"rendered":"http:\/\/www.eltrabajo.cl\/portal\/?p=46693"},"modified":"2014-05-20T09:34:44","modified_gmt":"2014-05-20T13:34:44","slug":"en-etapa-de-anteproyecto-se-encuentra-iniciativa-de-parque-para-san-felipe","status":"publish","type":"post","link":"https:\/\/eltrabajo.cl\/portal\/en-etapa-de-anteproyecto-se-encuentra-iniciativa-de-parque-para-san-felipe\/","title":{"rendered":"En etapa de anteproyecto se encuentra iniciativa de parque para San Felipe"},"content":{"rendered":"<figure id=\"attachment_46694\" aria-describedby=\"caption-attachment-46694\" style=\"width: 528px\" class=\"wp-caption alignnone\"><a href=\"https:\/\/i0.wp.com\/www.eltrabajo.cl\/portal\/wp-content\/uploads\/2014\/05\/Mapa1.jpg\"><img data-recalc-dims=\"1\" loading=\"lazy\" decoding=\"async\" class=\"size-full wp-image-46694\" alt=\"EN ESPERA.- Actualmente el municipio se encuentra a la espera de que el Minvu informe los plazos que corresponden a dos aspectos, el financiamiento del dise\u00f1o y la ejecuci\u00f3n del proyecto, que ser\u00eda el compromiso de la Presidenta.\" src=\"https:\/\/i0.wp.com\/www.eltrabajo.cl\/portal\/wp-content\/uploads\/2014\/05\/Mapa1.jpg?resize=528%2C401\" width=\"528\" height=\"401\" srcset=\"https:\/\/i0.wp.com\/eltrabajo.cl\/portal\/wp-content\/uploads\/2014\/05\/Mapa1.jpg?w=528&amp;ssl=1 528w, https:\/\/i0.wp.com\/eltrabajo.cl\/portal\/wp-content\/uploads\/2014\/05\/Mapa1.jpg?resize=197%2C150&amp;ssl=1 197w, https:\/\/i0.wp.com\/eltrabajo.cl\/portal\/wp-content\/uploads\/2014\/05\/Mapa1.jpg?resize=300%2C227&amp;ssl=1 300w, https:\/\/i0.wp.com\/eltrabajo.cl\/portal\/wp-content\/uploads\/2014\/05\/Mapa1.jpg?resize=150%2C113&amp;ssl=1 150w, https:\/\/i0.wp.com\/eltrabajo.cl\/portal\/wp-content\/uploads\/2014\/05\/Mapa1.jpg?resize=400%2C303&amp;ssl=1 400w\" sizes=\"auto, (max-width: 528px) 100vw, 528px\" \/><\/a><figcaption id=\"caption-attachment-46694\" class=\"wp-caption-text\">EN ESPERA.- Actualmente el municipio se encuentra a la espera de que el Minvu informe los plazos que corresponden a dos aspectos, el financiamiento del dise\u00f1o y la ejecuci\u00f3n del proyecto, que ser\u00eda el compromiso de la Presidenta.<\/figcaption><\/figure>\n<p>Los arquitectos del Minvu y Secpla del municipio sanfelipe\u00f1o, han realizado reuniones de trabajo, las que han permitido ir definiendo algunas \u00e1reas primarias de intervenci\u00f3n. En el marco de las medidas que implementar\u00e1 la Presidente Michelle Bachelet durante su gobierno, anunci\u00f3 la creaci\u00f3n de parques en varias comunas a lo largo de nuestro pa\u00eds y entre ellas San Felipe.<\/p>\n<p>El Alcalde Patricio Freire destac\u00f3 el anuncio de la mandataria y se\u00f1al\u00f3 que se trata de una iniciativa que se encuentra en etapa de anteproyecto y que se ha estado trabajando entre la Municipalidad de San Felipe y el Minvu y que contempla el terreno del borde estero sur, desde el aer\u00f3dromo por el lado oriente y hasta el puente Negro por el sector poniente.<\/p>\n<p>\u00abSon cuatro hect\u00e1reas y creemos que ser\u00e1 el comienzo para la construcci\u00f3n de otros parques que estamos pensando para la comuna y que estamos trabajando\u00bb, dijo el jefe comunal. La iniciativa contemplar\u00eda la instalaci\u00f3n de mobiliario urbano, luminarias, senderos peatonales, que tiene como objetivo integrar todo el sector en un terreno de cuatro hect\u00e1reas aproximadamente, es decir 2.600 metros lineales.<\/p>\n<p>\u00abSe trata de una inversi\u00f3n muy interesante desde el punto de vista del espacio, que hoy d\u00eda es un espacio que no est\u00e1 siendo utilizado y as\u00ed abrir a la ciudadan\u00eda este parque urbano del sector norte de la comuna\u00bb, dijo Claudio Paredes, Secretario de Planificaci\u00f3n Comunal. La iniciativa se encuentra en etapa de anteproyecto, los arquitectos de la Secpla y del Minvu han realizado reuniones de trabajo y se han ido definiendo algunas \u00e1reas primarias.<\/p>\n<p>\u00abPor ejemplo, se han ido definiendo como eje inicial del proyecto el sector comprendido entre Calle Salinas y Avenida Yungay, que pudiera ser el primer tramo de este proyecto, se han ido definiendo algunos requerimientos del municipio de como tienen que ser las \u00e1reas verdes, el mobiliario y la iluminaci\u00f3n, ojala cada 20 metros para que haya un mejor \u00e1rea de iluminaci\u00f3n y en tecnolog\u00eda LED, es decir, se ha ido trabajando y est\u00e1 bastante avanzado\u00bb, dijo Paredes.<\/p>\n<p>&nbsp;<\/p>\n","protected":false},"excerpt":{"rendered":"<p>Los arquitectos del Minvu y Secpla del municipio sanfelipe\u00f1o, han realizado reuniones de trabajo, las que han permitido ir definiendo algunas \u00e1reas primarias de intervenci\u00f3n. En el marco de las medidas que&#8230;<\/p>\n","protected":false},"author":482,"featured_media":46694,"comment_status":"open","ping_status":"closed","sticky":false,"template":"","format":"standard","meta":{"advanced_seo_description":"","jetpack_seo_html_title":"","jetpack_seo_noindex":false,"_jetpack_memberships_contains_paid_content":false,"footnotes":""},"categories":[1],"tags":[],"class_list":["post-46693","post","type-post","status-publish","format-standard","has-post-thumbnail","hentry","category-cronica"],"jetpack_featured_media_url":"https:\/\/i0.wp.com\/eltrabajo.cl\/portal\/wp-content\/uploads\/2014\/05\/Mapa1.jpg?fit=528%2C401&ssl=1","jetpack_sharing_enabled":true,"jetpack_likes_enabled":true,"jetpack-related-posts":[],"_links":{"self":[{"href":"https:\/\/eltrabajo.cl\/portal\/wp-json\/wp\/v2\/posts\/46693","targetHints":{"allow":["GET"]}}],"collection":[{"href":"https:\/\/eltrabajo.cl\/portal\/wp-json\/wp\/v2\/posts"}],"about":[{"href":"https:\/\/eltrabajo.cl\/portal\/wp-json\/wp\/v2\/types\/post"}],"author":[{"embeddable":true,"href":"https:\/\/eltrabajo.cl\/portal\/wp-json\/wp\/v2\/users\/482"}],"replies":[{"embeddable":true,"href":"https:\/\/eltrabajo.cl\/portal\/wp-json\/wp\/v2\/comments?post=46693"}],"version-history":[{"count":0,"href":"https:\/\/eltrabajo.cl\/portal\/wp-json\/wp\/v2\/posts\/46693\/revisions"}],"wp:featuredmedia":[{"embeddable":true,"href":"https:\/\/eltrabajo.cl\/portal\/wp-json\/wp\/v2\/media\/46694"}],"wp:attachment":[{"href":"https:\/\/eltrabajo.cl\/portal\/wp-json\/wp\/v2\/media?parent=46693"}],"wp:term":[{"taxonomy":"category","embeddable":true,"href":"https:\/\/eltrabajo.cl\/portal\/wp-json\/wp\/v2\/categories?post=46693"},{"taxonomy":"post_tag","embeddable":true,"href":"https:\/\/eltrabajo.cl\/portal\/wp-json\/wp\/v2\/tags?post=46693"}],"curies":[{"name":"wp","href":"https:\/\/api.w.org\/{rel}","templated":true}]}}