{"id":46713,"date":"2014-05-22T09:21:05","date_gmt":"2014-05-22T13:21:05","guid":{"rendered":"http:\/\/www.eltrabajo.cl\/portal\/?p=46713"},"modified":"2014-05-22T09:21:05","modified_gmt":"2014-05-22T13:21:05","slug":"con-masivo-desfile-andinos-conmemoraron-las-glorias-navales","status":"publish","type":"post","link":"https:\/\/eltrabajo.cl\/portal\/con-masivo-desfile-andinos-conmemoraron-las-glorias-navales\/","title":{"rendered":"Con masivo desfile andinos conmemoraron las Glorias Navales"},"content":{"rendered":"<figure id=\"attachment_46714\" aria-describedby=\"caption-attachment-46714\" style=\"width: 528px\" class=\"wp-caption alignnone\"><a href=\"https:\/\/i0.wp.com\/www.eltrabajo.cl\/portal\/wp-content\/uploads\/2014\/05\/Glorias2.jpg\"><img data-recalc-dims=\"1\" loading=\"lazy\" decoding=\"async\" class=\"size-full wp-image-46714\" alt=\"Las autoridades acudieron tambi\u00e9n a la Plaza de Centenario donde, donde  colocaron ofrendas florales en el busto del Capit\u00e1n Arturo Prat.\" src=\"https:\/\/i0.wp.com\/www.eltrabajo.cl\/portal\/wp-content\/uploads\/2014\/05\/Glorias2.jpg?resize=528%2C401\" width=\"528\" height=\"401\" srcset=\"https:\/\/i0.wp.com\/eltrabajo.cl\/portal\/wp-content\/uploads\/2014\/05\/Glorias2.jpg?w=528&amp;ssl=1 528w, https:\/\/i0.wp.com\/eltrabajo.cl\/portal\/wp-content\/uploads\/2014\/05\/Glorias2.jpg?resize=197%2C150&amp;ssl=1 197w, https:\/\/i0.wp.com\/eltrabajo.cl\/portal\/wp-content\/uploads\/2014\/05\/Glorias2.jpg?resize=300%2C227&amp;ssl=1 300w, https:\/\/i0.wp.com\/eltrabajo.cl\/portal\/wp-content\/uploads\/2014\/05\/Glorias2.jpg?resize=150%2C113&amp;ssl=1 150w, https:\/\/i0.wp.com\/eltrabajo.cl\/portal\/wp-content\/uploads\/2014\/05\/Glorias2.jpg?resize=400%2C303&amp;ssl=1 400w\" sizes=\"auto, (max-width: 528px) 100vw, 528px\" \/><\/a><figcaption id=\"caption-attachment-46714\" class=\"wp-caption-text\">Las autoridades acudieron tambi\u00e9n a la Plaza de Centenario donde, donde colocaron ofrendas florales en el busto del Capit\u00e1n Arturo Prat.<\/figcaption><\/figure>\n<p><strong>LOS ANDES.<\/strong>&#8211; En el contexto de la celebraci\u00f3n nacional del D\u00eda de las Glorias Navales, la Municipalidad de Los Andes realiz\u00f3 su tradicional desfile en conmemoraci\u00f3n de las Glorias Navales y el Mes del Mar, que en esta oportunidad se efectu\u00f3 en el Estadio Regional. Los vecinos y p\u00fablico en general llegaron hasta el recinto deportivo para honrar a los h\u00e9roes navales en un desfile c\u00edvico-militar que convoc\u00f3 a jardines infantiles, colegios, clubes deportivos, agrupaciones folcl\u00f3ricas, Bomberos, Defensa Civil, el Regimiento Reforzado Yungay y una delegaci\u00f3n de la Escuela de Fronteras de Carabineros.<\/p>\n<p>Previo a ello las autoridades junto a una delegaci\u00f3n de la Arma realizaron una visita al Mausoleo de Veteranos de la Guerra del 79\u2019 en el Cementerio Parroquial, donde junto a la colocaci\u00f3n de ofrendas florales se ley\u00f3 una alocuci\u00f3n hist\u00f3rica respecto al combate naval de Iquique y la participaci\u00f3n de cuatro andinos en esta gloriosa gesta. Tras ello se trasladaron a la Plaza de Centenario donde, se colocaron ofrendas florales en el busto del Capit\u00e1n Arturo Prat.<\/p>\n<p>La Gobernadora Mar\u00eda Victoria Rodr\u00edguez, se\u00f1al\u00f3 que junto con destacar la gesta heroica del Combate Naval de Iquique, tambi\u00e9n es importante recordar a los h\u00e9roes locales que estuvieron a bordo de la Esmeralda ese 21 de mayo de 1879 como Nicanor Navas P\u00e9rez, Guillermo Serey Collantes, Arsenio Canabes Mini\u00f1o y Jos\u00e9 Manuel Ram\u00edrez Urrutia, \u201cpor lo que para nosotros es un gran orgullo estar acompa\u00f1ados de descendientes de estos compatriotas\u201d.<\/p>\n<p>La autoridad dijo que los h\u00e9roes del pasado nos han dejado como legado dar la vida en defensa de la patria. Por su parte el Capit\u00e1n de Fragata Carlos Jara Quiroz, quien presidi\u00f3 la delegaci\u00f3n de la marina que particip\u00f3 de este homenaje, resalt\u00f3 que es muy importante poder compartir con la comunidad de Los Andes este significativo acto y tambi\u00e9n con familiares descendientes de quienes combatieron a bordo de La Esmeralda, lo que para nosotros constituye un orgullo poder destacarlos.<\/p>\n<p>El capit\u00e1n dijo que es muy importante para la ciudad de Los Andes poder contar con descendientes de estos h\u00e9roes y a la vez deben ser recordados para las nuevas generaciones.<\/p>\n<p>&nbsp;<\/p>\n","protected":false},"excerpt":{"rendered":"<p>LOS ANDES.&#8211; En el contexto de la celebraci\u00f3n nacional del D\u00eda de las Glorias Navales, la Municipalidad de Los Andes realiz\u00f3 su tradicional desfile en conmemoraci\u00f3n de las Glorias Navales y el&#8230;<\/p>\n","protected":false},"author":482,"featured_media":46714,"comment_status":"open","ping_status":"closed","sticky":false,"template":"","format":"standard","meta":{"advanced_seo_description":"","jetpack_seo_html_title":"","jetpack_seo_noindex":false,"_jetpack_memberships_contains_paid_content":false,"footnotes":""},"categories":[15],"tags":[],"class_list":["post-46713","post","type-post","status-publish","format-standard","has-post-thumbnail","hentry","category-comunidad"],"jetpack_featured_media_url":"https:\/\/i0.wp.com\/eltrabajo.cl\/portal\/wp-content\/uploads\/2014\/05\/Glorias2.jpg?fit=528%2C401&ssl=1","jetpack_sharing_enabled":true,"jetpack_likes_enabled":true,"jetpack-related-posts":[],"_links":{"self":[{"href":"https:\/\/eltrabajo.cl\/portal\/wp-json\/wp\/v2\/posts\/46713","targetHints":{"allow":["GET"]}}],"collection":[{"href":"https:\/\/eltrabajo.cl\/portal\/wp-json\/wp\/v2\/posts"}],"about":[{"href":"https:\/\/eltrabajo.cl\/portal\/wp-json\/wp\/v2\/types\/post"}],"author":[{"embeddable":true,"href":"https:\/\/eltrabajo.cl\/portal\/wp-json\/wp\/v2\/users\/482"}],"replies":[{"embeddable":true,"href":"https:\/\/eltrabajo.cl\/portal\/wp-json\/wp\/v2\/comments?post=46713"}],"version-history":[{"count":0,"href":"https:\/\/eltrabajo.cl\/portal\/wp-json\/wp\/v2\/posts\/46713\/revisions"}],"wp:featuredmedia":[{"embeddable":true,"href":"https:\/\/eltrabajo.cl\/portal\/wp-json\/wp\/v2\/media\/46714"}],"wp:attachment":[{"href":"https:\/\/eltrabajo.cl\/portal\/wp-json\/wp\/v2\/media?parent=46713"}],"wp:term":[{"taxonomy":"category","embeddable":true,"href":"https:\/\/eltrabajo.cl\/portal\/wp-json\/wp\/v2\/categories?post=46713"},{"taxonomy":"post_tag","embeddable":true,"href":"https:\/\/eltrabajo.cl\/portal\/wp-json\/wp\/v2\/tags?post=46713"}],"curies":[{"name":"wp","href":"https:\/\/api.w.org\/{rel}","templated":true}]}}