{"id":46716,"date":"2014-05-22T09:37:52","date_gmt":"2014-05-22T13:37:52","guid":{"rendered":"http:\/\/www.eltrabajo.cl\/portal\/?p=46716"},"modified":"2014-05-22T09:37:52","modified_gmt":"2014-05-22T13:37:52","slug":"dia-de-las-glorias-navales-fue-celebrado-a-lo-grande-en-nuestra-provincia","status":"publish","type":"post","link":"https:\/\/eltrabajo.cl\/portal\/dia-de-las-glorias-navales-fue-celebrado-a-lo-grande-en-nuestra-provincia\/","title":{"rendered":"D\u00eda de las Glorias Navales fue celebrado a lo grande en nuestra provincia"},"content":{"rendered":"<figure id=\"attachment_46717\" aria-describedby=\"caption-attachment-46717\" style=\"width: 529px\" class=\"wp-caption alignnone\"><a href=\"https:\/\/i0.wp.com\/www.eltrabajo.cl\/portal\/wp-content\/uploads\/2014\/05\/Porta1.jpg\"><img data-recalc-dims=\"1\" loading=\"lazy\" decoding=\"async\" class=\"size-full wp-image-46717\" alt=\"CACHO DE CHICHA.- El Alcalde Patricio Freire; el Gobernador Eduardo Le\u00f3n y dem\u00e1s autoridades presentes, degustaron del tradicional cacho de chicha.\" src=\"https:\/\/i0.wp.com\/www.eltrabajo.cl\/portal\/wp-content\/uploads\/2014\/05\/Porta1.jpg?resize=529%2C358\" width=\"529\" height=\"358\" srcset=\"https:\/\/i0.wp.com\/eltrabajo.cl\/portal\/wp-content\/uploads\/2014\/05\/Porta1.jpg?w=529&amp;ssl=1 529w, https:\/\/i0.wp.com\/eltrabajo.cl\/portal\/wp-content\/uploads\/2014\/05\/Porta1.jpg?resize=200%2C135&amp;ssl=1 200w, https:\/\/i0.wp.com\/eltrabajo.cl\/portal\/wp-content\/uploads\/2014\/05\/Porta1.jpg?resize=300%2C203&amp;ssl=1 300w, https:\/\/i0.wp.com\/eltrabajo.cl\/portal\/wp-content\/uploads\/2014\/05\/Porta1.jpg?resize=150%2C101&amp;ssl=1 150w, https:\/\/i0.wp.com\/eltrabajo.cl\/portal\/wp-content\/uploads\/2014\/05\/Porta1.jpg?resize=400%2C270&amp;ssl=1 400w\" sizes=\"auto, (max-width: 529px) 100vw, 529px\" \/><\/a><figcaption id=\"caption-attachment-46717\" class=\"wp-caption-text\">CACHO DE CHICHA.- El Alcalde Patricio Freire; el Gobernador Eduardo Le\u00f3n y dem\u00e1s autoridades presentes, degustaron del tradicional cacho de chicha.<\/figcaption><\/figure>\n<p>Todo el mundo se lanz\u00f3 a las calles en nuestra provincia y especialmente en la Poblaci\u00f3n 21 de Mayo de San Felipe, para celebrar alegremente el D\u00eda de las Glorias Navales, que es nuestra efem\u00e9ride en conmemoraci\u00f3n al Combate naval de Iquique, ocurrido el mi\u00e9rcoles 21 de mayo de 1879, donde muri\u00f3 el capit\u00e1n de fragata Arturo Prat Chac\u00f3n, junto a toda la plana mayor de la Corbeta Esmeralda, la cual fue hundida en combate por el monitor peruano Hu\u00e1scar al mando del Capit\u00e1n Miguel Grau Seminario.<\/p>\n<p>Es por ello que las c\u00e1maras de Diario El Trabajo viajaron al lugar de los desfiles para compartir con nuestros lectores una rese\u00f1a gr\u00e1fica sobre las actividades propias de esa fecha tan importante para nuestra historia patria.<\/p>\n<p>Roberto Gonz\u00e1lez Short<\/p>\n<p>rgonzalez@eltrabajo.cl<\/p>\n<div class=\"tiled-gallery type-rectangular tiled-gallery-unresized\" data-original-width=\"640\" data-carousel-extra='null' itemscope itemtype=\"http:\/\/schema.org\/ImageGallery\" > <div class=\"gallery-row\" style=\"width: 640px; height: 305px;\" data-original-width=\"640\" data-original-height=\"305\" > <div class=\"gallery-group images-2\" style=\"width: 244px; height: 305px;\" data-original-width=\"244\" data-original-height=\"305\" > <div class=\"tiled-gallery-item tiled-gallery-item-small\" itemprop=\"associatedMedia\" itemscope itemtype=\"http:\/\/schema.org\/ImageObject\"> <a href=\"https:\/\/eltrabajo.cl\/portal\/dia-de-las-glorias-navales-fue-celebrado-a-lo-grande-en-nuestra-provincia\/orfeon1-2\/\" border=\"0\" itemprop=\"url\"> <meta itemprop=\"width\" content=\"240\"> <meta itemprop=\"height\" content=\"140\"> <img decoding=\"async\" class=\"\" data-attachment-id=\"46729\" data-orig-file=\"https:\/\/eltrabajo.cl\/portal\/wp-content\/uploads\/2014\/05\/Orfeon1.jpg\" data-orig-size=\"528,308\" data-comments-opened=\"1\" data-image-meta=\"{&quot;aperture&quot;:&quot;14&quot;,&quot;credit&quot;:&quot;&quot;,&quot;camera&quot;:&quot;Canon EOS REBEL T1i&quot;,&quot;caption&quot;:&quot;&quot;,&quot;created_timestamp&quot;:&quot;1400593299&quot;,&quot;copyright&quot;:&quot;&quot;,&quot;focal_length&quot;:&quot;35&quot;,&quot;iso&quot;:&quot;400&quot;,&quot;shutter_speed&quot;:&quot;0.005&quot;,&quot;title&quot;:&quot;&quot;}\" data-image-title=\"Orfeon1\" data-image-description=\"&lt;p&gt;NUESTRO ORFE\u00d3N.- El Orfe\u00f3n Municipal de San Felipe tambi\u00e9n se llev\u00f3 los aplausos de los presentes, cuando desfilaron y alegraron las calles de la Poblaci\u00f3n 21 de Mayo.&lt;\/p&gt; \" data-medium-file=\"https:\/\/i0.wp.com\/eltrabajo.cl\/portal\/wp-content\/uploads\/2014\/05\/Orfeon1.jpg?fit=300%2C175&#038;ssl=1\" data-large-file=\"https:\/\/i0.wp.com\/eltrabajo.cl\/portal\/wp-content\/uploads\/2014\/05\/Orfeon1.jpg?fit=528%2C308&#038;ssl=1\" src=\"https:\/\/i0.wp.com\/eltrabajo.cl\/portal\/wp-content\/uploads\/2014\/05\/Orfeon1.jpg?w=240&#038;h=140&#038;ssl=1\" srcset=\"https:\/\/i0.wp.com\/eltrabajo.cl\/portal\/wp-content\/uploads\/2014\/05\/Orfeon1.jpg?w=528&amp;ssl=1 528w, https:\/\/i0.wp.com\/eltrabajo.cl\/portal\/wp-content\/uploads\/2014\/05\/Orfeon1.jpg?resize=200%2C116&amp;ssl=1 200w, https:\/\/i0.wp.com\/eltrabajo.cl\/portal\/wp-content\/uploads\/2014\/05\/Orfeon1.jpg?resize=300%2C175&amp;ssl=1 300w, https:\/\/i0.wp.com\/eltrabajo.cl\/portal\/wp-content\/uploads\/2014\/05\/Orfeon1.jpg?resize=150%2C87&amp;ssl=1 150w, https:\/\/i0.wp.com\/eltrabajo.cl\/portal\/wp-content\/uploads\/2014\/05\/Orfeon1.jpg?resize=400%2C233&amp;ssl=1 400w\" width=\"240\" height=\"140\" loading=\"lazy\" data-original-width=\"240\" data-original-height=\"140\" itemprop=\"http:\/\/schema.org\/image\" title=\"Orfeon1\" alt=\"NUESTRO ORFE\u00d3N.- El Orfe\u00f3n Municipal de San Felipe tambi\u00e9n se llev\u00f3 los aplausos de los presentes, cuando desfilaron y alegraron las calles de la Poblaci\u00f3n 21 de Mayo.\" style=\"width: 240px; height: 140px;\" \/> <\/a> <div class=\"tiled-gallery-caption\" itemprop=\"caption description\"> NUESTRO ORFE\u00d3N.- El Orfe\u00f3n Municipal de San Felipe tambi\u00e9n se llev\u00f3 los aplausos de los presentes, cuando desfilaron y alegraron las calles de la Poblaci\u00f3n 21 de Mayo. <\/div> <\/div> <div class=\"tiled-gallery-item tiled-gallery-item-small\" itemprop=\"associatedMedia\" itemscope itemtype=\"http:\/\/schema.org\/ImageObject\"> <a href=\"https:\/\/eltrabajo.cl\/portal\/dia-de-las-glorias-navales-fue-celebrado-a-lo-grande-en-nuestra-provincia\/naval8\/\" border=\"0\" itemprop=\"url\"> <meta itemprop=\"width\" content=\"240\"> <meta itemprop=\"height\" content=\"157\"> <img decoding=\"async\" class=\"\" data-attachment-id=\"46728\" data-orig-file=\"https:\/\/eltrabajo.cl\/portal\/wp-content\/uploads\/2014\/05\/Naval8.jpg\" data-orig-size=\"529,346\" data-comments-opened=\"1\" data-image-meta=\"{&quot;aperture&quot;:&quot;11&quot;,&quot;credit&quot;:&quot;&quot;,&quot;camera&quot;:&quot;Canon EOS REBEL T1i&quot;,&quot;caption&quot;:&quot;&quot;,&quot;created_timestamp&quot;:&quot;1400593117&quot;,&quot;copyright&quot;:&quot;&quot;,&quot;focal_length&quot;:&quot;55&quot;,&quot;iso&quot;:&quot;400&quot;,&quot;shutter_speed&quot;:&quot;0.008&quot;,&quot;title&quot;:&quot;&quot;}\" data-image-title=\"Naval8\" data-image-description=\"&lt;p&gt;PEQUE\u00d1A ARMADA.- Estos peque\u00f1itos desfilaron con su uniforme de la Armada de Chile, s\u00f3lo el tiempo nos dir\u00e1 si llegan a enlistarse en el futuro para prestar servicio.&lt;\/p&gt; \" data-medium-file=\"https:\/\/i0.wp.com\/eltrabajo.cl\/portal\/wp-content\/uploads\/2014\/05\/Naval8.jpg?fit=300%2C196&#038;ssl=1\" data-large-file=\"https:\/\/i0.wp.com\/eltrabajo.cl\/portal\/wp-content\/uploads\/2014\/05\/Naval8.jpg?fit=529%2C346&#038;ssl=1\" src=\"https:\/\/i0.wp.com\/eltrabajo.cl\/portal\/wp-content\/uploads\/2014\/05\/Naval8.jpg?w=240&#038;h=157&#038;ssl=1\" srcset=\"https:\/\/i0.wp.com\/eltrabajo.cl\/portal\/wp-content\/uploads\/2014\/05\/Naval8.jpg?w=529&amp;ssl=1 529w, https:\/\/i0.wp.com\/eltrabajo.cl\/portal\/wp-content\/uploads\/2014\/05\/Naval8.jpg?resize=200%2C130&amp;ssl=1 200w, https:\/\/i0.wp.com\/eltrabajo.cl\/portal\/wp-content\/uploads\/2014\/05\/Naval8.jpg?resize=300%2C196&amp;ssl=1 300w, https:\/\/i0.wp.com\/eltrabajo.cl\/portal\/wp-content\/uploads\/2014\/05\/Naval8.jpg?resize=150%2C98&amp;ssl=1 150w, https:\/\/i0.wp.com\/eltrabajo.cl\/portal\/wp-content\/uploads\/2014\/05\/Naval8.jpg?resize=400%2C261&amp;ssl=1 400w\" width=\"240\" height=\"157\" loading=\"lazy\" data-original-width=\"240\" data-original-height=\"157\" itemprop=\"http:\/\/schema.org\/image\" title=\"Naval8\" alt=\"PEQUE\u00d1A ARMADA.- Estos peque\u00f1itos desfilaron con su uniforme de la Armada de Chile, s\u00f3lo el tiempo nos dir\u00e1 si llegan a enlistarse en el futuro para prestar servicio.\" style=\"width: 240px; height: 157px;\" \/> <\/a> <div class=\"tiled-gallery-caption\" itemprop=\"caption description\"> PEQUE\u00d1A ARMADA.- Estos peque\u00f1itos desfilaron con su uniforme de la Armada de Chile, s\u00f3lo el tiempo nos dir\u00e1 si llegan a enlistarse en el futuro para prestar servicio. <\/div> <\/div> <\/div> <!-- close group --> <div class=\"gallery-group images-1\" style=\"width: 396px; height: 305px;\" data-original-width=\"396\" data-original-height=\"305\" > <div class=\"tiled-gallery-item tiled-gallery-item-large\" itemprop=\"associatedMedia\" itemscope itemtype=\"http:\/\/schema.org\/ImageObject\"> <a href=\"https:\/\/eltrabajo.cl\/portal\/dia-de-las-glorias-navales-fue-celebrado-a-lo-grande-en-nuestra-provincia\/naval6\/\" border=\"0\" itemprop=\"url\"> <meta itemprop=\"width\" content=\"392\"> <meta itemprop=\"height\" content=\"301\"> <img decoding=\"async\" class=\"\" data-attachment-id=\"46727\" data-orig-file=\"https:\/\/eltrabajo.cl\/portal\/wp-content\/uploads\/2014\/05\/Naval6.jpg\" data-orig-size=\"528,405\" data-comments-opened=\"1\" data-image-meta=\"{&quot;aperture&quot;:&quot;14&quot;,&quot;credit&quot;:&quot;&quot;,&quot;camera&quot;:&quot;Canon EOS REBEL T1i&quot;,&quot;caption&quot;:&quot;&quot;,&quot;created_timestamp&quot;:&quot;1400593244&quot;,&quot;copyright&quot;:&quot;&quot;,&quot;focal_length&quot;:&quot;27&quot;,&quot;iso&quot;:&quot;400&quot;,&quot;shutter_speed&quot;:&quot;0.005&quot;,&quot;title&quot;:&quot;&quot;}\" data-image-title=\"Naval6\" data-image-description=\"&lt;p&gt;ALEGR\u00cdA SIN L\u00cdMITES.- Y las m\u00e1s peque\u00f1itas, tambi\u00e9n disfrutaron sus primeras experiencias en p\u00fablico, pues para alegrar a los presentes no hubo l\u00edmite de edades.&lt;\/p&gt; \" data-medium-file=\"https:\/\/i0.wp.com\/eltrabajo.cl\/portal\/wp-content\/uploads\/2014\/05\/Naval6.jpg?fit=300%2C230&#038;ssl=1\" data-large-file=\"https:\/\/i0.wp.com\/eltrabajo.cl\/portal\/wp-content\/uploads\/2014\/05\/Naval6.jpg?fit=528%2C405&#038;ssl=1\" src=\"https:\/\/i0.wp.com\/eltrabajo.cl\/portal\/wp-content\/uploads\/2014\/05\/Naval6.jpg?w=392&#038;h=301&#038;ssl=1\" srcset=\"https:\/\/i0.wp.com\/eltrabajo.cl\/portal\/wp-content\/uploads\/2014\/05\/Naval6.jpg?w=528&amp;ssl=1 528w, https:\/\/i0.wp.com\/eltrabajo.cl\/portal\/wp-content\/uploads\/2014\/05\/Naval6.jpg?resize=195%2C150&amp;ssl=1 195w, https:\/\/i0.wp.com\/eltrabajo.cl\/portal\/wp-content\/uploads\/2014\/05\/Naval6.jpg?resize=300%2C230&amp;ssl=1 300w, https:\/\/i0.wp.com\/eltrabajo.cl\/portal\/wp-content\/uploads\/2014\/05\/Naval6.jpg?resize=150%2C115&amp;ssl=1 150w, https:\/\/i0.wp.com\/eltrabajo.cl\/portal\/wp-content\/uploads\/2014\/05\/Naval6.jpg?resize=400%2C306&amp;ssl=1 400w\" width=\"392\" height=\"301\" loading=\"lazy\" data-original-width=\"392\" data-original-height=\"301\" itemprop=\"http:\/\/schema.org\/image\" title=\"Naval6\" alt=\"ALEGR\u00cdA SIN L\u00cdMITES.- Y las m\u00e1s peque\u00f1itas, tambi\u00e9n disfrutaron sus primeras experiencias en p\u00fablico, pues para alegrar a los presentes no hubo l\u00edmite de edades.\" style=\"width: 392px; height: 301px;\" \/> <\/a> <div class=\"tiled-gallery-caption\" itemprop=\"caption description\"> ALEGR\u00cdA SIN L\u00cdMITES.- Y las m\u00e1s peque\u00f1itas, tambi\u00e9n disfrutaron sus primeras experiencias en p\u00fablico, pues para alegrar a los presentes no hubo l\u00edmite de edades. <\/div> <\/div> <\/div> <!-- close group --> <\/div> <!-- close row --> <div class=\"gallery-row\" style=\"width: 640px; height: 327px;\" data-original-width=\"640\" data-original-height=\"327\" > <div class=\"gallery-group images-1\" style=\"width: 457px; height: 327px;\" data-original-width=\"457\" data-original-height=\"327\" > <div class=\"tiled-gallery-item tiled-gallery-item-large\" itemprop=\"associatedMedia\" itemscope itemtype=\"http:\/\/schema.org\/ImageObject\"> <a href=\"https:\/\/eltrabajo.cl\/portal\/dia-de-las-glorias-navales-fue-celebrado-a-lo-grande-en-nuestra-provincia\/naval5\/\" border=\"0\" itemprop=\"url\"> <meta itemprop=\"width\" content=\"453\"> <meta itemprop=\"height\" content=\"323\"> <img decoding=\"async\" class=\"\" data-attachment-id=\"46726\" data-orig-file=\"https:\/\/eltrabajo.cl\/portal\/wp-content\/uploads\/2014\/05\/Naval5.jpg\" data-orig-size=\"529,377\" data-comments-opened=\"1\" data-image-meta=\"{&quot;aperture&quot;:&quot;14&quot;,&quot;credit&quot;:&quot;&quot;,&quot;camera&quot;:&quot;Canon EOS REBEL T1i&quot;,&quot;caption&quot;:&quot;&quot;,&quot;created_timestamp&quot;:&quot;1400593247&quot;,&quot;copyright&quot;:&quot;&quot;,&quot;focal_length&quot;:&quot;27&quot;,&quot;iso&quot;:&quot;400&quot;,&quot;shutter_speed&quot;:&quot;0.005&quot;,&quot;title&quot;:&quot;&quot;}\" data-image-title=\"Naval5\" data-image-description=\"&lt;p&gt;VIVA LA CUECA.- Los amantes de nuestro baile nacional alegraron con sus pi\u00e9 de cueca, cada esquina de la poblaci\u00f3n por donde desfilaron y bailaron.&lt;\/p&gt; \" data-medium-file=\"https:\/\/i0.wp.com\/eltrabajo.cl\/portal\/wp-content\/uploads\/2014\/05\/Naval5.jpg?fit=300%2C213&#038;ssl=1\" data-large-file=\"https:\/\/i0.wp.com\/eltrabajo.cl\/portal\/wp-content\/uploads\/2014\/05\/Naval5.jpg?fit=529%2C377&#038;ssl=1\" src=\"https:\/\/i0.wp.com\/eltrabajo.cl\/portal\/wp-content\/uploads\/2014\/05\/Naval5.jpg?w=453&#038;h=323&#038;ssl=1\" srcset=\"https:\/\/i0.wp.com\/eltrabajo.cl\/portal\/wp-content\/uploads\/2014\/05\/Naval5.jpg?w=529&amp;ssl=1 529w, https:\/\/i0.wp.com\/eltrabajo.cl\/portal\/wp-content\/uploads\/2014\/05\/Naval5.jpg?resize=200%2C142&amp;ssl=1 200w, https:\/\/i0.wp.com\/eltrabajo.cl\/portal\/wp-content\/uploads\/2014\/05\/Naval5.jpg?resize=300%2C213&amp;ssl=1 300w, https:\/\/i0.wp.com\/eltrabajo.cl\/portal\/wp-content\/uploads\/2014\/05\/Naval5.jpg?resize=150%2C106&amp;ssl=1 150w, https:\/\/i0.wp.com\/eltrabajo.cl\/portal\/wp-content\/uploads\/2014\/05\/Naval5.jpg?resize=400%2C285&amp;ssl=1 400w\" width=\"453\" height=\"323\" loading=\"lazy\" data-original-width=\"453\" data-original-height=\"323\" itemprop=\"http:\/\/schema.org\/image\" title=\"Naval5\" alt=\"VIVA LA CUECA.- Los amantes de nuestro baile nacional alegraron con sus pi\u00e9 de cueca, cada esquina de la poblaci\u00f3n por donde desfilaron y bailaron.\" style=\"width: 453px; height: 323px;\" \/> <\/a> <div class=\"tiled-gallery-caption\" itemprop=\"caption description\"> VIVA LA CUECA.- Los amantes de nuestro baile nacional alegraron con sus pi\u00e9 de cueca, cada esquina de la poblaci\u00f3n por donde desfilaron y bailaron. <\/div> <\/div> <\/div> <!-- close group --> <div class=\"gallery-group images-2\" style=\"width: 183px; height: 327px;\" data-original-width=\"183\" data-original-height=\"327\" > <div class=\"tiled-gallery-item tiled-gallery-item-small\" itemprop=\"associatedMedia\" itemscope itemtype=\"http:\/\/schema.org\/ImageObject\"> <a href=\"https:\/\/eltrabajo.cl\/portal\/dia-de-las-glorias-navales-fue-celebrado-a-lo-grande-en-nuestra-provincia\/naval4\/\" border=\"0\" itemprop=\"url\"> <meta itemprop=\"width\" content=\"179\"> <meta itemprop=\"height\" content=\"146\"> <img decoding=\"async\" class=\"\" data-attachment-id=\"46725\" data-orig-file=\"https:\/\/eltrabajo.cl\/portal\/wp-content\/uploads\/2014\/05\/Naval4.jpg\" data-orig-size=\"528,428\" data-comments-opened=\"1\" data-image-meta=\"{&quot;aperture&quot;:&quot;16&quot;,&quot;credit&quot;:&quot;&quot;,&quot;camera&quot;:&quot;Canon EOS REBEL T1i&quot;,&quot;caption&quot;:&quot;&quot;,&quot;created_timestamp&quot;:&quot;1400593262&quot;,&quot;copyright&quot;:&quot;&quot;,&quot;focal_length&quot;:&quot;18&quot;,&quot;iso&quot;:&quot;400&quot;,&quot;shutter_speed&quot;:&quot;0.005&quot;,&quot;title&quot;:&quot;&quot;}\" data-image-title=\"Naval4\" data-image-description=\"&lt;p&gt;PEQUES Y GRANDES.- Profesoras y sus alumnos se lucieron como todos los a\u00f1os, durante esta significativa ceremonia de todos los chilenos.&lt;\/p&gt; \" data-medium-file=\"https:\/\/i0.wp.com\/eltrabajo.cl\/portal\/wp-content\/uploads\/2014\/05\/Naval4.jpg?fit=300%2C243&#038;ssl=1\" data-large-file=\"https:\/\/i0.wp.com\/eltrabajo.cl\/portal\/wp-content\/uploads\/2014\/05\/Naval4.jpg?fit=528%2C428&#038;ssl=1\" src=\"https:\/\/i0.wp.com\/eltrabajo.cl\/portal\/wp-content\/uploads\/2014\/05\/Naval4.jpg?w=179&#038;h=146&#038;ssl=1\" srcset=\"https:\/\/i0.wp.com\/eltrabajo.cl\/portal\/wp-content\/uploads\/2014\/05\/Naval4.jpg?w=528&amp;ssl=1 528w, https:\/\/i0.wp.com\/eltrabajo.cl\/portal\/wp-content\/uploads\/2014\/05\/Naval4.jpg?resize=185%2C150&amp;ssl=1 185w, https:\/\/i0.wp.com\/eltrabajo.cl\/portal\/wp-content\/uploads\/2014\/05\/Naval4.jpg?resize=300%2C243&amp;ssl=1 300w, https:\/\/i0.wp.com\/eltrabajo.cl\/portal\/wp-content\/uploads\/2014\/05\/Naval4.jpg?resize=150%2C121&amp;ssl=1 150w, https:\/\/i0.wp.com\/eltrabajo.cl\/portal\/wp-content\/uploads\/2014\/05\/Naval4.jpg?resize=400%2C324&amp;ssl=1 400w\" width=\"179\" height=\"146\" loading=\"lazy\" data-original-width=\"179\" data-original-height=\"146\" itemprop=\"http:\/\/schema.org\/image\" title=\"Naval4\" alt=\"PEQUES Y GRANDES.- Profesoras y sus alumnos se lucieron como todos los a\u00f1os, durante esta significativa ceremonia de todos los chilenos.\" style=\"width: 179px; height: 146px;\" \/> <\/a> <div class=\"tiled-gallery-caption\" itemprop=\"caption description\"> PEQUES Y GRANDES.- Profesoras y sus alumnos se lucieron como todos los a\u00f1os, durante esta significativa ceremonia de todos los chilenos. <\/div> <\/div> <div class=\"tiled-gallery-item tiled-gallery-item-small\" itemprop=\"associatedMedia\" itemscope itemtype=\"http:\/\/schema.org\/ImageObject\"> <a href=\"https:\/\/eltrabajo.cl\/portal\/dia-de-las-glorias-navales-fue-celebrado-a-lo-grande-en-nuestra-provincia\/naval3\/\" border=\"0\" itemprop=\"url\"> <meta itemprop=\"width\" content=\"179\"> <meta itemprop=\"height\" content=\"173\"> <img decoding=\"async\" class=\"\" data-attachment-id=\"46724\" data-orig-file=\"https:\/\/eltrabajo.cl\/portal\/wp-content\/uploads\/2014\/05\/Naval3.jpg\" data-orig-size=\"529,511\" data-comments-opened=\"1\" data-image-meta=\"{&quot;aperture&quot;:&quot;14&quot;,&quot;credit&quot;:&quot;&quot;,&quot;camera&quot;:&quot;Canon EOS REBEL T1i&quot;,&quot;caption&quot;:&quot;&quot;,&quot;created_timestamp&quot;:&quot;1400593270&quot;,&quot;copyright&quot;:&quot;&quot;,&quot;focal_length&quot;:&quot;28&quot;,&quot;iso&quot;:&quot;400&quot;,&quot;shutter_speed&quot;:&quot;0.005&quot;,&quot;title&quot;:&quot;&quot;}\" data-image-title=\"Naval3\" data-image-description=\"&lt;p&gt;APLAUSOS PARA ELLA.- Esta peque\u00f1ita de segura que ser\u00e1, si se lo propone, una digna oficial de Carabineros, pues su postura refleja el orgullo que ella siente desfilando ante las autoridades.&lt;\/p&gt; \" data-medium-file=\"https:\/\/i0.wp.com\/eltrabajo.cl\/portal\/wp-content\/uploads\/2014\/05\/Naval3.jpg?fit=300%2C289&#038;ssl=1\" data-large-file=\"https:\/\/i0.wp.com\/eltrabajo.cl\/portal\/wp-content\/uploads\/2014\/05\/Naval3.jpg?fit=529%2C511&#038;ssl=1\" src=\"https:\/\/i0.wp.com\/eltrabajo.cl\/portal\/wp-content\/uploads\/2014\/05\/Naval3.jpg?w=179&#038;h=173&#038;ssl=1\" srcset=\"https:\/\/i0.wp.com\/eltrabajo.cl\/portal\/wp-content\/uploads\/2014\/05\/Naval3.jpg?w=529&amp;ssl=1 529w, https:\/\/i0.wp.com\/eltrabajo.cl\/portal\/wp-content\/uploads\/2014\/05\/Naval3.jpg?resize=155%2C150&amp;ssl=1 155w, https:\/\/i0.wp.com\/eltrabajo.cl\/portal\/wp-content\/uploads\/2014\/05\/Naval3.jpg?resize=300%2C289&amp;ssl=1 300w, https:\/\/i0.wp.com\/eltrabajo.cl\/portal\/wp-content\/uploads\/2014\/05\/Naval3.jpg?resize=150%2C144&amp;ssl=1 150w, https:\/\/i0.wp.com\/eltrabajo.cl\/portal\/wp-content\/uploads\/2014\/05\/Naval3.jpg?resize=400%2C386&amp;ssl=1 400w\" width=\"179\" height=\"173\" loading=\"lazy\" data-original-width=\"179\" data-original-height=\"173\" itemprop=\"http:\/\/schema.org\/image\" title=\"Naval3\" alt=\"APLAUSOS PARA ELLA.- Esta peque\u00f1ita de segura que ser\u00e1, si se lo propone, una digna oficial de Carabineros, pues su postura refleja el orgullo que ella siente desfilando ante las autoridades.\" style=\"width: 179px; height: 173px;\" \/> <\/a> <div class=\"tiled-gallery-caption\" itemprop=\"caption description\"> APLAUSOS PARA ELLA.- Esta peque\u00f1ita de segura que ser\u00e1, si se lo propone, una digna oficial de Carabineros, pues su postura refleja el orgullo que ella siente desfilando ante las autoridades. <\/div> <\/div> <\/div> <!-- close group --> <\/div> <!-- close row --> <div class=\"gallery-row\" style=\"width: 640px; height: 230px;\" data-original-width=\"640\" data-original-height=\"230\" > <div class=\"gallery-group images-1\" style=\"width: 331px; height: 230px;\" data-original-width=\"331\" data-original-height=\"230\" > <div class=\"tiled-gallery-item tiled-gallery-item-large\" itemprop=\"associatedMedia\" itemscope itemtype=\"http:\/\/schema.org\/ImageObject\"> <a href=\"https:\/\/eltrabajo.cl\/portal\/dia-de-las-glorias-navales-fue-celebrado-a-lo-grande-en-nuestra-provincia\/naval2\/\" border=\"0\" itemprop=\"url\"> <meta itemprop=\"width\" content=\"327\"> <meta itemprop=\"height\" content=\"226\"> <img decoding=\"async\" class=\"\" data-attachment-id=\"46723\" data-orig-file=\"https:\/\/eltrabajo.cl\/portal\/wp-content\/uploads\/2014\/05\/Naval2.jpg\" data-orig-size=\"529,365\" data-comments-opened=\"1\" data-image-meta=\"{&quot;aperture&quot;:&quot;16&quot;,&quot;credit&quot;:&quot;&quot;,&quot;camera&quot;:&quot;Canon EOS REBEL T1i&quot;,&quot;caption&quot;:&quot;&quot;,&quot;created_timestamp&quot;:&quot;1400593283&quot;,&quot;copyright&quot;:&quot;&quot;,&quot;focal_length&quot;:&quot;35&quot;,&quot;iso&quot;:&quot;400&quot;,&quot;shutter_speed&quot;:&quot;0.005&quot;,&quot;title&quot;:&quot;&quot;}\" data-image-title=\"Naval2\" data-image-description=\"&lt;p&gt;LOS PROTAGONISTAS.- Estos peque\u00f1itos presentaron su visi\u00f3n de lo que pas\u00f3 aquel 21 de mayo de 1879 en Iquique.&lt;\/p&gt; \" data-medium-file=\"https:\/\/i0.wp.com\/eltrabajo.cl\/portal\/wp-content\/uploads\/2014\/05\/Naval2.jpg?fit=300%2C206&#038;ssl=1\" data-large-file=\"https:\/\/i0.wp.com\/eltrabajo.cl\/portal\/wp-content\/uploads\/2014\/05\/Naval2.jpg?fit=529%2C365&#038;ssl=1\" src=\"https:\/\/i0.wp.com\/eltrabajo.cl\/portal\/wp-content\/uploads\/2014\/05\/Naval2.jpg?w=327&#038;h=226&#038;ssl=1\" srcset=\"https:\/\/i0.wp.com\/eltrabajo.cl\/portal\/wp-content\/uploads\/2014\/05\/Naval2.jpg?w=529&amp;ssl=1 529w, https:\/\/i0.wp.com\/eltrabajo.cl\/portal\/wp-content\/uploads\/2014\/05\/Naval2.jpg?resize=200%2C137&amp;ssl=1 200w, https:\/\/i0.wp.com\/eltrabajo.cl\/portal\/wp-content\/uploads\/2014\/05\/Naval2.jpg?resize=300%2C206&amp;ssl=1 300w, https:\/\/i0.wp.com\/eltrabajo.cl\/portal\/wp-content\/uploads\/2014\/05\/Naval2.jpg?resize=150%2C103&amp;ssl=1 150w, https:\/\/i0.wp.com\/eltrabajo.cl\/portal\/wp-content\/uploads\/2014\/05\/Naval2.jpg?resize=400%2C275&amp;ssl=1 400w\" width=\"327\" height=\"226\" loading=\"lazy\" data-original-width=\"327\" data-original-height=\"226\" itemprop=\"http:\/\/schema.org\/image\" title=\"Naval2\" alt=\"LOS PROTAGONISTAS.- Estos peque\u00f1itos presentaron su visi\u00f3n de lo que pas\u00f3 aquel 21 de mayo de 1879 en Iquique.\" style=\"width: 327px; height: 226px;\" \/> <\/a> <div class=\"tiled-gallery-caption\" itemprop=\"caption description\"> LOS PROTAGONISTAS.- Estos peque\u00f1itos presentaron su visi\u00f3n de lo que pas\u00f3 aquel 21 de mayo de 1879 en Iquique. <\/div> <\/div> <\/div> <!-- close group --> <div class=\"gallery-group images-1\" style=\"width: 309px; height: 230px;\" data-original-width=\"309\" data-original-height=\"230\" > <div class=\"tiled-gallery-item tiled-gallery-item-large\" itemprop=\"associatedMedia\" itemscope itemtype=\"http:\/\/schema.org\/ImageObject\"> <a href=\"https:\/\/eltrabajo.cl\/portal\/dia-de-las-glorias-navales-fue-celebrado-a-lo-grande-en-nuestra-provincia\/fiesta4\/\" border=\"0\" itemprop=\"url\"> <meta itemprop=\"width\" content=\"305\"> <meta itemprop=\"height\" content=\"226\"> <img decoding=\"async\" class=\"\" data-attachment-id=\"46722\" data-orig-file=\"https:\/\/eltrabajo.cl\/portal\/wp-content\/uploads\/2014\/05\/Fiesta4.jpg\" data-orig-size=\"529,391\" data-comments-opened=\"1\" data-image-meta=\"{&quot;aperture&quot;:&quot;6.3&quot;,&quot;credit&quot;:&quot;&quot;,&quot;camera&quot;:&quot;Canon EOS REBEL T1i&quot;,&quot;caption&quot;:&quot;&quot;,&quot;created_timestamp&quot;:&quot;1400593418&quot;,&quot;copyright&quot;:&quot;&quot;,&quot;focal_length&quot;:&quot;23&quot;,&quot;iso&quot;:&quot;100&quot;,&quot;shutter_speed&quot;:&quot;0.01&quot;,&quot;title&quot;:&quot;&quot;}\" data-image-title=\"Fiesta4\" data-image-description=\"&lt;p&gt;CHICA FRESCA.- Honrando nuestras tradiciones campesinas, este imponente huaso ofrece la tradicional chica a oficiales de Carabineros.&lt;\/p&gt; \" data-medium-file=\"https:\/\/i0.wp.com\/eltrabajo.cl\/portal\/wp-content\/uploads\/2014\/05\/Fiesta4.jpg?fit=300%2C221&#038;ssl=1\" data-large-file=\"https:\/\/i0.wp.com\/eltrabajo.cl\/portal\/wp-content\/uploads\/2014\/05\/Fiesta4.jpg?fit=529%2C391&#038;ssl=1\" src=\"https:\/\/i0.wp.com\/eltrabajo.cl\/portal\/wp-content\/uploads\/2014\/05\/Fiesta4.jpg?w=305&#038;h=226&#038;ssl=1\" srcset=\"https:\/\/i0.wp.com\/eltrabajo.cl\/portal\/wp-content\/uploads\/2014\/05\/Fiesta4.jpg?w=529&amp;ssl=1 529w, https:\/\/i0.wp.com\/eltrabajo.cl\/portal\/wp-content\/uploads\/2014\/05\/Fiesta4.jpg?resize=200%2C147&amp;ssl=1 200w, https:\/\/i0.wp.com\/eltrabajo.cl\/portal\/wp-content\/uploads\/2014\/05\/Fiesta4.jpg?resize=300%2C221&amp;ssl=1 300w, https:\/\/i0.wp.com\/eltrabajo.cl\/portal\/wp-content\/uploads\/2014\/05\/Fiesta4.jpg?resize=150%2C110&amp;ssl=1 150w, https:\/\/i0.wp.com\/eltrabajo.cl\/portal\/wp-content\/uploads\/2014\/05\/Fiesta4.jpg?resize=400%2C295&amp;ssl=1 400w\" width=\"305\" height=\"226\" loading=\"lazy\" data-original-width=\"305\" data-original-height=\"226\" itemprop=\"http:\/\/schema.org\/image\" title=\"Fiesta4\" alt=\"CHICA FRESCA.- Honrando nuestras tradiciones campesinas, este imponente huaso ofrece la tradicional chica a oficiales de Carabineros.\" style=\"width: 305px; height: 226px;\" \/> <\/a> <div class=\"tiled-gallery-caption\" itemprop=\"caption description\"> CHICA FRESCA.- Honrando nuestras tradiciones campesinas, este imponente huaso ofrece la tradicional chica a oficiales de Carabineros. <\/div> <\/div> <\/div> <!-- close group --> <\/div> <!-- close row --> <div class=\"gallery-row\" style=\"width: 640px; height: 99px;\" data-original-width=\"640\" data-original-height=\"99\" > <div class=\"gallery-group images-1\" style=\"width: 156px; height: 99px;\" data-original-width=\"156\" data-original-height=\"99\" > <div class=\"tiled-gallery-item tiled-gallery-item-small\" itemprop=\"associatedMedia\" itemscope itemtype=\"http:\/\/schema.org\/ImageObject\"> <a href=\"https:\/\/eltrabajo.cl\/portal\/dia-de-las-glorias-navales-fue-celebrado-a-lo-grande-en-nuestra-provincia\/fiesta3\/\" border=\"0\" itemprop=\"url\"> <meta itemprop=\"width\" content=\"152\"> <meta itemprop=\"height\" content=\"95\"> <img decoding=\"async\" class=\"\" data-attachment-id=\"46721\" data-orig-file=\"https:\/\/eltrabajo.cl\/portal\/wp-content\/uploads\/2014\/05\/Fiesta3.jpg\" data-orig-size=\"529,333\" data-comments-opened=\"1\" data-image-meta=\"{&quot;aperture&quot;:&quot;10&quot;,&quot;credit&quot;:&quot;&quot;,&quot;camera&quot;:&quot;Canon EOS REBEL T1i&quot;,&quot;caption&quot;:&quot;&quot;,&quot;created_timestamp&quot;:&quot;1400593756&quot;,&quot;copyright&quot;:&quot;&quot;,&quot;focal_length&quot;:&quot;18&quot;,&quot;iso&quot;:&quot;400&quot;,&quot;shutter_speed&quot;:&quot;0.005&quot;,&quot;title&quot;:&quot;&quot;}\" data-image-title=\"Fiesta3\" data-image-description=\"&lt;p&gt;DANDO EJEMPLO.- Profesores y directores de las escuelas sanfelipe\u00f1as dijeron \u2018Presente\u2019 durante las celebraciones de nuestras Glorias Navales.&lt;\/p&gt; \" data-medium-file=\"https:\/\/i0.wp.com\/eltrabajo.cl\/portal\/wp-content\/uploads\/2014\/05\/Fiesta3.jpg?fit=300%2C188&#038;ssl=1\" data-large-file=\"https:\/\/i0.wp.com\/eltrabajo.cl\/portal\/wp-content\/uploads\/2014\/05\/Fiesta3.jpg?fit=529%2C333&#038;ssl=1\" src=\"https:\/\/i0.wp.com\/eltrabajo.cl\/portal\/wp-content\/uploads\/2014\/05\/Fiesta3.jpg?w=152&#038;h=95&#038;ssl=1\" srcset=\"https:\/\/i0.wp.com\/eltrabajo.cl\/portal\/wp-content\/uploads\/2014\/05\/Fiesta3.jpg?w=529&amp;ssl=1 529w, https:\/\/i0.wp.com\/eltrabajo.cl\/portal\/wp-content\/uploads\/2014\/05\/Fiesta3.jpg?resize=200%2C125&amp;ssl=1 200w, https:\/\/i0.wp.com\/eltrabajo.cl\/portal\/wp-content\/uploads\/2014\/05\/Fiesta3.jpg?resize=300%2C188&amp;ssl=1 300w, https:\/\/i0.wp.com\/eltrabajo.cl\/portal\/wp-content\/uploads\/2014\/05\/Fiesta3.jpg?resize=150%2C94&amp;ssl=1 150w, https:\/\/i0.wp.com\/eltrabajo.cl\/portal\/wp-content\/uploads\/2014\/05\/Fiesta3.jpg?resize=400%2C251&amp;ssl=1 400w\" width=\"152\" height=\"95\" loading=\"lazy\" data-original-width=\"152\" data-original-height=\"95\" itemprop=\"http:\/\/schema.org\/image\" title=\"Fiesta3\" alt=\"DANDO EJEMPLO.- Profesores y directores de las escuelas sanfelipe\u00f1as dijeron \u2018Presente\u2019 durante las celebraciones de nuestras Glorias Navales.\" style=\"width: 152px; height: 95px;\" \/> <\/a> <div class=\"tiled-gallery-caption\" itemprop=\"caption description\"> DANDO EJEMPLO.- Profesores y directores de las escuelas sanfelipe\u00f1as dijeron \u2018Presente\u2019 durante las celebraciones de nuestras Glorias Navales. <\/div> <\/div> <\/div> <!-- close group --> <div class=\"gallery-group images-1\" style=\"width: 126px; height: 99px;\" data-original-width=\"126\" data-original-height=\"99\" > <div class=\"tiled-gallery-item tiled-gallery-item-small\" itemprop=\"associatedMedia\" itemscope itemtype=\"http:\/\/schema.org\/ImageObject\"> <a href=\"https:\/\/eltrabajo.cl\/portal\/dia-de-las-glorias-navales-fue-celebrado-a-lo-grande-en-nuestra-provincia\/fiesta2-2\/\" border=\"0\" itemprop=\"url\"> <meta itemprop=\"width\" content=\"122\"> <meta itemprop=\"height\" content=\"95\"> <img decoding=\"async\" class=\"\" data-attachment-id=\"46720\" data-orig-file=\"https:\/\/eltrabajo.cl\/portal\/wp-content\/uploads\/2014\/05\/Fiesta2.jpg\" data-orig-size=\"528,414\" data-comments-opened=\"1\" data-image-meta=\"{&quot;aperture&quot;:&quot;14&quot;,&quot;credit&quot;:&quot;&quot;,&quot;camera&quot;:&quot;Canon EOS REBEL T1i&quot;,&quot;caption&quot;:&quot;&quot;,&quot;created_timestamp&quot;:&quot;1400593340&quot;,&quot;copyright&quot;:&quot;&quot;,&quot;focal_length&quot;:&quot;18&quot;,&quot;iso&quot;:&quot;400&quot;,&quot;shutter_speed&quot;:&quot;0.005&quot;,&quot;title&quot;:&quot;&quot;}\" data-image-title=\"Fiesta2\" data-image-description=\"&lt;p&gt;NUESTROS HUASOS.- El Club de Huasos Bellavista, fundado hace 45 a\u00f1os, cabalgaron con hidalgu\u00eda y gran elegancia ante las autoridades regionales.&lt;\/p&gt; \" data-medium-file=\"https:\/\/i0.wp.com\/eltrabajo.cl\/portal\/wp-content\/uploads\/2014\/05\/Fiesta2.jpg?fit=300%2C235&#038;ssl=1\" data-large-file=\"https:\/\/i0.wp.com\/eltrabajo.cl\/portal\/wp-content\/uploads\/2014\/05\/Fiesta2.jpg?fit=528%2C414&#038;ssl=1\" src=\"https:\/\/i0.wp.com\/eltrabajo.cl\/portal\/wp-content\/uploads\/2014\/05\/Fiesta2.jpg?w=122&#038;h=95&#038;ssl=1\" srcset=\"https:\/\/i0.wp.com\/eltrabajo.cl\/portal\/wp-content\/uploads\/2014\/05\/Fiesta2.jpg?w=528&amp;ssl=1 528w, https:\/\/i0.wp.com\/eltrabajo.cl\/portal\/wp-content\/uploads\/2014\/05\/Fiesta2.jpg?resize=191%2C150&amp;ssl=1 191w, https:\/\/i0.wp.com\/eltrabajo.cl\/portal\/wp-content\/uploads\/2014\/05\/Fiesta2.jpg?resize=300%2C235&amp;ssl=1 300w, https:\/\/i0.wp.com\/eltrabajo.cl\/portal\/wp-content\/uploads\/2014\/05\/Fiesta2.jpg?resize=150%2C117&amp;ssl=1 150w, https:\/\/i0.wp.com\/eltrabajo.cl\/portal\/wp-content\/uploads\/2014\/05\/Fiesta2.jpg?resize=400%2C313&amp;ssl=1 400w\" width=\"122\" height=\"95\" loading=\"lazy\" data-original-width=\"122\" data-original-height=\"95\" itemprop=\"http:\/\/schema.org\/image\" title=\"Fiesta2\" alt=\"NUESTROS HUASOS.- El Club de Huasos Bellavista, fundado hace 45 a\u00f1os, cabalgaron con hidalgu\u00eda y gran elegancia ante las autoridades regionales.\" style=\"width: 122px; height: 95px;\" \/> <\/a> <div class=\"tiled-gallery-caption\" itemprop=\"caption description\"> NUESTROS HUASOS.- El Club de Huasos Bellavista, fundado hace 45 a\u00f1os, cabalgaron con hidalgu\u00eda y gran elegancia ante las autoridades regionales. <\/div> <\/div> <\/div> <!-- close group --> <div class=\"gallery-group images-1\" style=\"width: 164px; height: 99px;\" data-original-width=\"164\" data-original-height=\"99\" > <div class=\"tiled-gallery-item tiled-gallery-item-small\" itemprop=\"associatedMedia\" itemscope itemtype=\"http:\/\/schema.org\/ImageObject\"> <a href=\"https:\/\/eltrabajo.cl\/portal\/dia-de-las-glorias-navales-fue-celebrado-a-lo-grande-en-nuestra-provincia\/fiesta1-3\/\" border=\"0\" itemprop=\"url\"> <meta itemprop=\"width\" content=\"160\"> <meta itemprop=\"height\" content=\"95\"> <img decoding=\"async\" class=\"\" data-attachment-id=\"46719\" data-orig-file=\"https:\/\/eltrabajo.cl\/portal\/wp-content\/uploads\/2014\/05\/Fiesta1.jpg\" data-orig-size=\"528,314\" data-comments-opened=\"1\" data-image-meta=\"{&quot;aperture&quot;:&quot;14&quot;,&quot;credit&quot;:&quot;&quot;,&quot;camera&quot;:&quot;Canon EOS REBEL T1i&quot;,&quot;caption&quot;:&quot;&quot;,&quot;created_timestamp&quot;:&quot;1400593097&quot;,&quot;copyright&quot;:&quot;&quot;,&quot;focal_length&quot;:&quot;30&quot;,&quot;iso&quot;:&quot;400&quot;,&quot;shutter_speed&quot;:&quot;0.008&quot;,&quot;title&quot;:&quot;&quot;}\" data-image-title=\"Fiesta1\" data-image-description=\"&lt;p&gt;MARCHANDO CON ORGULLO.- Directores de escuelas y sus alumnos marcharon con orgullo por las c\u00e9ntricas calles de la 21 de Mayo.&lt;\/p&gt; \" data-medium-file=\"https:\/\/i0.wp.com\/eltrabajo.cl\/portal\/wp-content\/uploads\/2014\/05\/Fiesta1.jpg?fit=300%2C178&#038;ssl=1\" data-large-file=\"https:\/\/i0.wp.com\/eltrabajo.cl\/portal\/wp-content\/uploads\/2014\/05\/Fiesta1.jpg?fit=528%2C314&#038;ssl=1\" src=\"https:\/\/i0.wp.com\/eltrabajo.cl\/portal\/wp-content\/uploads\/2014\/05\/Fiesta1.jpg?w=160&#038;h=95&#038;ssl=1\" srcset=\"https:\/\/i0.wp.com\/eltrabajo.cl\/portal\/wp-content\/uploads\/2014\/05\/Fiesta1.jpg?w=528&amp;ssl=1 528w, https:\/\/i0.wp.com\/eltrabajo.cl\/portal\/wp-content\/uploads\/2014\/05\/Fiesta1.jpg?resize=200%2C118&amp;ssl=1 200w, https:\/\/i0.wp.com\/eltrabajo.cl\/portal\/wp-content\/uploads\/2014\/05\/Fiesta1.jpg?resize=300%2C178&amp;ssl=1 300w, https:\/\/i0.wp.com\/eltrabajo.cl\/portal\/wp-content\/uploads\/2014\/05\/Fiesta1.jpg?resize=150%2C89&amp;ssl=1 150w, https:\/\/i0.wp.com\/eltrabajo.cl\/portal\/wp-content\/uploads\/2014\/05\/Fiesta1.jpg?resize=400%2C237&amp;ssl=1 400w\" width=\"160\" height=\"95\" loading=\"lazy\" data-original-width=\"160\" data-original-height=\"95\" itemprop=\"http:\/\/schema.org\/image\" title=\"Fiesta1\" alt=\"MARCHANDO CON ORGULLO.- Directores de escuelas y sus alumnos marcharon con orgullo por las c\u00e9ntricas calles de la 21 de Mayo.\" style=\"width: 160px; height: 95px;\" \/> <\/a> <div class=\"tiled-gallery-caption\" itemprop=\"caption description\"> MARCHANDO CON ORGULLO.- Directores de escuelas y sus alumnos marcharon con orgullo por las c\u00e9ntricas calles de la 21 de Mayo. <\/div> <\/div> <\/div> <!-- close group --> <div class=\"gallery-group images-1\" style=\"width: 194px; height: 99px;\" data-original-width=\"194\" data-original-height=\"99\" > <div class=\"tiled-gallery-item tiled-gallery-item-small\" itemprop=\"associatedMedia\" itemscope itemtype=\"http:\/\/schema.org\/ImageObject\"> <a href=\"https:\/\/eltrabajo.cl\/portal\/dia-de-las-glorias-navales-fue-celebrado-a-lo-grande-en-nuestra-provincia\/empanadas1\/\" border=\"0\" itemprop=\"url\"> <meta itemprop=\"width\" content=\"190\"> <meta itemprop=\"height\" content=\"95\"> <img decoding=\"async\" class=\"\" data-attachment-id=\"46718\" data-orig-file=\"https:\/\/eltrabajo.cl\/portal\/wp-content\/uploads\/2014\/05\/Empanadas1.jpg\" data-orig-size=\"529,266\" data-comments-opened=\"1\" data-image-meta=\"{&quot;aperture&quot;:&quot;11&quot;,&quot;credit&quot;:&quot;&quot;,&quot;camera&quot;:&quot;Canon EOS REBEL T1i&quot;,&quot;caption&quot;:&quot;&quot;,&quot;created_timestamp&quot;:&quot;1400593595&quot;,&quot;copyright&quot;:&quot;&quot;,&quot;focal_length&quot;:&quot;37&quot;,&quot;iso&quot;:&quot;400&quot;,&quot;shutter_speed&quot;:&quot;0.005&quot;,&quot;title&quot;:&quot;&quot;}\" data-image-title=\"Empanadas1\" data-image-description=\"&lt;p&gt;EMPANADITAS CALIENTES.- Representantes de nuestras fuerzas navales disfrutaron alegremente de las ricas empanadas ofrecidas por las encargadas de prepararlas.&lt;\/p&gt; \" data-medium-file=\"https:\/\/i0.wp.com\/eltrabajo.cl\/portal\/wp-content\/uploads\/2014\/05\/Empanadas1.jpg?fit=300%2C150&#038;ssl=1\" data-large-file=\"https:\/\/i0.wp.com\/eltrabajo.cl\/portal\/wp-content\/uploads\/2014\/05\/Empanadas1.jpg?fit=529%2C266&#038;ssl=1\" src=\"https:\/\/i0.wp.com\/eltrabajo.cl\/portal\/wp-content\/uploads\/2014\/05\/Empanadas1.jpg?w=190&#038;h=95&#038;ssl=1\" srcset=\"https:\/\/i0.wp.com\/eltrabajo.cl\/portal\/wp-content\/uploads\/2014\/05\/Empanadas1.jpg?w=529&amp;ssl=1 529w, https:\/\/i0.wp.com\/eltrabajo.cl\/portal\/wp-content\/uploads\/2014\/05\/Empanadas1.jpg?resize=200%2C100&amp;ssl=1 200w, https:\/\/i0.wp.com\/eltrabajo.cl\/portal\/wp-content\/uploads\/2014\/05\/Empanadas1.jpg?resize=300%2C150&amp;ssl=1 300w, https:\/\/i0.wp.com\/eltrabajo.cl\/portal\/wp-content\/uploads\/2014\/05\/Empanadas1.jpg?resize=150%2C75&amp;ssl=1 150w, https:\/\/i0.wp.com\/eltrabajo.cl\/portal\/wp-content\/uploads\/2014\/05\/Empanadas1.jpg?resize=400%2C201&amp;ssl=1 400w\" width=\"190\" height=\"95\" loading=\"lazy\" data-original-width=\"190\" data-original-height=\"95\" itemprop=\"http:\/\/schema.org\/image\" title=\"Empanadas1\" alt=\"EMPANADITAS CALIENTES.- Representantes de nuestras fuerzas navales disfrutaron alegremente de las ricas empanadas ofrecidas por las encargadas de prepararlas.\" style=\"width: 190px; height: 95px;\" \/> <\/a> <div class=\"tiled-gallery-caption\" itemprop=\"caption description\"> EMPANADITAS CALIENTES.- Representantes de nuestras fuerzas navales disfrutaron alegremente de las ricas empanadas ofrecidas por las encargadas de prepararlas. <\/div> <\/div> <\/div> <!-- close group --> <\/div> <!-- close row --> <\/div>\n<p>&nbsp;<\/p>\n","protected":false},"excerpt":{"rendered":"<p>Todo el mundo se lanz\u00f3 a las calles en nuestra provincia y especialmente en la Poblaci\u00f3n 21 de Mayo de San Felipe, para celebrar alegremente el D\u00eda de las Glorias Navales, que&#8230;<\/p>\n","protected":false},"author":482,"featured_media":46717,"comment_status":"open","ping_status":"closed","sticky":false,"template":"","format":"standard","meta":{"advanced_seo_description":"","jetpack_seo_html_title":"","jetpack_seo_noindex":false,"_jetpack_memberships_contains_paid_content":false,"footnotes":""},"categories":[15],"tags":[],"class_list":["post-46716","post","type-post","status-publish","format-standard","has-post-thumbnail","hentry","category-comunidad"],"jetpack_featured_media_url":"https:\/\/i0.wp.com\/eltrabajo.cl\/portal\/wp-content\/uploads\/2014\/05\/Porta1.jpg?fit=529%2C358&ssl=1","jetpack_sharing_enabled":true,"jetpack_likes_enabled":true,"jetpack-related-posts":[],"_links":{"self":[{"href":"https:\/\/eltrabajo.cl\/portal\/wp-json\/wp\/v2\/posts\/46716","targetHints":{"allow":["GET"]}}],"collection":[{"href":"https:\/\/eltrabajo.cl\/portal\/wp-json\/wp\/v2\/posts"}],"about":[{"href":"https:\/\/eltrabajo.cl\/portal\/wp-json\/wp\/v2\/types\/post"}],"author":[{"embeddable":true,"href":"https:\/\/eltrabajo.cl\/portal\/wp-json\/wp\/v2\/users\/482"}],"replies":[{"embeddable":true,"href":"https:\/\/eltrabajo.cl\/portal\/wp-json\/wp\/v2\/comments?post=46716"}],"version-history":[{"count":0,"href":"https:\/\/eltrabajo.cl\/portal\/wp-json\/wp\/v2\/posts\/46716\/revisions"}],"wp:featuredmedia":[{"embeddable":true,"href":"https:\/\/eltrabajo.cl\/portal\/wp-json\/wp\/v2\/media\/46717"}],"wp:attachment":[{"href":"https:\/\/eltrabajo.cl\/portal\/wp-json\/wp\/v2\/media?parent=46716"}],"wp:term":[{"taxonomy":"category","embeddable":true,"href":"https:\/\/eltrabajo.cl\/portal\/wp-json\/wp\/v2\/categories?post=46716"},{"taxonomy":"post_tag","embeddable":true,"href":"https:\/\/eltrabajo.cl\/portal\/wp-json\/wp\/v2\/tags?post=46716"}],"curies":[{"name":"wp","href":"https:\/\/api.w.org\/{rel}","templated":true}]}}