{"id":46732,"date":"2014-05-22T09:39:50","date_gmt":"2014-05-22T13:39:50","guid":{"rendered":"http:\/\/www.eltrabajo.cl\/portal\/?p=46732"},"modified":"2014-05-22T09:39:50","modified_gmt":"2014-05-22T13:39:50","slug":"feria-prodesal-reunio-a-varios-productores-en-la-plaza-de-la-comuna","status":"publish","type":"post","link":"https:\/\/eltrabajo.cl\/portal\/feria-prodesal-reunio-a-varios-productores-en-la-plaza-de-la-comuna\/","title":{"rendered":"Feria Prodesal reuni\u00f3 a varios productores en la plaza de la comuna"},"content":{"rendered":"<figure id=\"attachment_46733\" aria-describedby=\"caption-attachment-46733\" style=\"width: 529px\" class=\"wp-caption alignnone\"><a href=\"https:\/\/i0.wp.com\/www.eltrabajo.cl\/portal\/wp-content\/uploads\/2014\/05\/Cordero1.jpg\"><img data-recalc-dims=\"1\" loading=\"lazy\" decoding=\"async\" class=\"size-full wp-image-46733\" alt=\"El Prodesal es un programa de Indap que se ejecuta a trav\u00e9s de la Municipalidad de Putaendo y que se encuentra presente en nuestra comuna desde el a\u00f1o 2000.\" src=\"https:\/\/i0.wp.com\/www.eltrabajo.cl\/portal\/wp-content\/uploads\/2014\/05\/Cordero1.jpg?resize=529%2C491\" width=\"529\" height=\"491\" srcset=\"https:\/\/i0.wp.com\/eltrabajo.cl\/portal\/wp-content\/uploads\/2014\/05\/Cordero1.jpg?w=529&amp;ssl=1 529w, https:\/\/i0.wp.com\/eltrabajo.cl\/portal\/wp-content\/uploads\/2014\/05\/Cordero1.jpg?resize=161%2C150&amp;ssl=1 161w, https:\/\/i0.wp.com\/eltrabajo.cl\/portal\/wp-content\/uploads\/2014\/05\/Cordero1.jpg?resize=300%2C278&amp;ssl=1 300w, https:\/\/i0.wp.com\/eltrabajo.cl\/portal\/wp-content\/uploads\/2014\/05\/Cordero1.jpg?resize=150%2C139&amp;ssl=1 150w, https:\/\/i0.wp.com\/eltrabajo.cl\/portal\/wp-content\/uploads\/2014\/05\/Cordero1.jpg?resize=400%2C371&amp;ssl=1 400w\" sizes=\"auto, (max-width: 529px) 100vw, 529px\" \/><\/a><figcaption id=\"caption-attachment-46733\" class=\"wp-caption-text\">El Prodesal es un programa de Indap que se ejecuta a trav\u00e9s de la Municipalidad de Putaendo y que se encuentra presente en nuestra comuna desde el a\u00f1o 2000.<\/figcaption><\/figure>\n<p><strong>PUTAENDO<\/strong>.- La segunda Feria Prodesal, organizada por los Prodesal 1 y 2, reuni\u00f3 a peque\u00f1os productores de la comuna que realizaron sus exposiciones en la plaza putaendina. Tal como lo hab\u00eda anunciado Diario El Trabajo, la ma\u00f1ana de este martes se dio por inaugurada esta Feria Prodesal con la presencia de Michelle Metayer, Jefa de \u00c1rea Indap San Felipe; el Alcalde (S) Fabi\u00e1n Mu\u00f1oz y el Alcalde Protocolar Sergio Zamora junto a los concejales Miguel Vega, Julio Aravena, Patricia Bordones, Carlos Gallardo y Luis Sandoval; el Teniente de Carabineros \u00c1ngelo Acevedo; el Inspector Rodrigo Fuentes de la PDI y representantes de organizaciones de la comuna.<\/p>\n<figure id=\"attachment_46734\" aria-describedby=\"caption-attachment-46734\" style=\"width: 423px\" class=\"wp-caption alignright\"><a href=\"https:\/\/i0.wp.com\/www.eltrabajo.cl\/portal\/wp-content\/uploads\/2014\/05\/Feria1.jpg\"><img data-recalc-dims=\"1\" loading=\"lazy\" decoding=\"async\" class=\" wp-image-46734 \" alt=\"Los diferentes exponentes mostraron sus productos al p\u00fablico, entre los que se encontraban flores, conservas, sopaipillas, artesan\u00edas en madera como carretas, tallados y t\u00edteres, adem\u00e1s de licores artesanales.\" src=\"https:\/\/i0.wp.com\/www.eltrabajo.cl\/portal\/wp-content\/uploads\/2014\/05\/Feria1.jpg?resize=423%2C287\" width=\"423\" height=\"287\" srcset=\"https:\/\/i0.wp.com\/eltrabajo.cl\/portal\/wp-content\/uploads\/2014\/05\/Feria1.jpg?w=529&amp;ssl=1 529w, https:\/\/i0.wp.com\/eltrabajo.cl\/portal\/wp-content\/uploads\/2014\/05\/Feria1.jpg?resize=200%2C135&amp;ssl=1 200w, https:\/\/i0.wp.com\/eltrabajo.cl\/portal\/wp-content\/uploads\/2014\/05\/Feria1.jpg?resize=300%2C203&amp;ssl=1 300w, https:\/\/i0.wp.com\/eltrabajo.cl\/portal\/wp-content\/uploads\/2014\/05\/Feria1.jpg?resize=150%2C101&amp;ssl=1 150w, https:\/\/i0.wp.com\/eltrabajo.cl\/portal\/wp-content\/uploads\/2014\/05\/Feria1.jpg?resize=400%2C271&amp;ssl=1 400w\" sizes=\"auto, (max-width: 423px) 100vw, 423px\" \/><\/a><figcaption id=\"caption-attachment-46734\" class=\"wp-caption-text\">Los diferentes exponentes mostraron sus productos al p\u00fablico, entre los que se encontraban flores, conservas, sopaipillas, artesan\u00edas en madera como carretas, tallados y t\u00edteres, adem\u00e1s de licores artesanales.<\/figcaption><\/figure>\n<p>Luego de los saludos protocolares, el Alcalde (S) Fabi\u00e1n Mu\u00f1oz dio la bienvenida a todos los asistentes y valor\u00f3 la segunda Feria Prodesal e indic\u00f3 que no tiene dudas que en el gobierno de la Presidenta Bachelet, el Indap tendr\u00e1 un considerable apoyo en esta gran gesti\u00f3n que realiza.<\/p>\n<p>Por su parte, Michelle Metayer, destac\u00f3 como trabaja el Prodesal de Putaendo y reiter\u00f3 el compromiso de Indap para seguir apoyando no tan s\u00f3lo a los peque\u00f1os productores, sino que tambi\u00e9n a los agricultores a trav\u00e9s de la pavimentaci\u00f3n de distintos canales en Putaendo.<\/p>\n<p>El Prodesal es un programa de Indap que se ejecuta a trav\u00e9s de la Municipalidad de Putaendo y que se encuentra presente en nuestra comuna desde el a\u00f1o 2000, atendiendo con los a\u00f1os a cientos de agricultores de los distintos rubros agropecuarios, pero siempre con la necesidad de llegar a m\u00e1s familias. En el intermedio el destacado profesor, historiador y poeta, Noel Fuentes Elgueta junto a los inconfundibles acordes de la guitarra del folclorista Roberto Mora Osorio, cautivaron a los presentes con hermosos poemas t\u00edpicos de nuestra zona.<\/p>\n<p>Los diferentes exponentes mostraron sus productos al p\u00fablico, entre los que se encontraban flores, conservas, sopaipillas, artesan\u00edas en madera como carretas, tallados y t\u00edteres, adem\u00e1s de licores artesanales, mientras que en el centro de la plaza el conocido ganadero Mauricio S\u00e1nchez preparaba dos exquisitos cabritos al palo.<\/p>\n<p>Patricio Gallardo M.<\/p>\n<p>&nbsp;<\/p>\n","protected":false},"excerpt":{"rendered":"<p>PUTAENDO.- La segunda Feria Prodesal, organizada por los Prodesal 1 y 2, reuni\u00f3 a peque\u00f1os productores de la comuna que realizaron sus exposiciones en la plaza putaendina. Tal como lo hab\u00eda anunciado&#8230;<\/p>\n","protected":false},"author":482,"featured_media":46733,"comment_status":"open","ping_status":"closed","sticky":false,"template":"","format":"standard","meta":{"advanced_seo_description":"","jetpack_seo_html_title":"","jetpack_seo_noindex":false,"_jetpack_memberships_contains_paid_content":false,"footnotes":""},"categories":[15],"tags":[],"class_list":["post-46732","post","type-post","status-publish","format-standard","has-post-thumbnail","hentry","category-comunidad"],"jetpack_featured_media_url":"https:\/\/i0.wp.com\/eltrabajo.cl\/portal\/wp-content\/uploads\/2014\/05\/Cordero1.jpg?fit=529%2C491&ssl=1","jetpack_sharing_enabled":true,"jetpack_likes_enabled":true,"jetpack-related-posts":[],"_links":{"self":[{"href":"https:\/\/eltrabajo.cl\/portal\/wp-json\/wp\/v2\/posts\/46732","targetHints":{"allow":["GET"]}}],"collection":[{"href":"https:\/\/eltrabajo.cl\/portal\/wp-json\/wp\/v2\/posts"}],"about":[{"href":"https:\/\/eltrabajo.cl\/portal\/wp-json\/wp\/v2\/types\/post"}],"author":[{"embeddable":true,"href":"https:\/\/eltrabajo.cl\/portal\/wp-json\/wp\/v2\/users\/482"}],"replies":[{"embeddable":true,"href":"https:\/\/eltrabajo.cl\/portal\/wp-json\/wp\/v2\/comments?post=46732"}],"version-history":[{"count":0,"href":"https:\/\/eltrabajo.cl\/portal\/wp-json\/wp\/v2\/posts\/46732\/revisions"}],"wp:featuredmedia":[{"embeddable":true,"href":"https:\/\/eltrabajo.cl\/portal\/wp-json\/wp\/v2\/media\/46733"}],"wp:attachment":[{"href":"https:\/\/eltrabajo.cl\/portal\/wp-json\/wp\/v2\/media?parent=46732"}],"wp:term":[{"taxonomy":"category","embeddable":true,"href":"https:\/\/eltrabajo.cl\/portal\/wp-json\/wp\/v2\/categories?post=46732"},{"taxonomy":"post_tag","embeddable":true,"href":"https:\/\/eltrabajo.cl\/portal\/wp-json\/wp\/v2\/tags?post=46732"}],"curies":[{"name":"wp","href":"https:\/\/api.w.org\/{rel}","templated":true}]}}