{"id":46737,"date":"2014-05-22T09:41:56","date_gmt":"2014-05-22T13:41:56","guid":{"rendered":"http:\/\/www.eltrabajo.cl\/portal\/?p=46737"},"modified":"2014-05-22T09:41:56","modified_gmt":"2014-05-22T13:41:56","slug":"grupos-culturales-dan-a-conocer-actividades-para-el-dia-del-patrimonio","status":"publish","type":"post","link":"https:\/\/eltrabajo.cl\/portal\/grupos-culturales-dan-a-conocer-actividades-para-el-dia-del-patrimonio\/","title":{"rendered":"Grupos culturales dan a conocer actividades para el D\u00eda del Patrimonio"},"content":{"rendered":"<figure id=\"attachment_46738\" aria-describedby=\"caption-attachment-46738\" style=\"width: 529px\" class=\"wp-caption alignnone\"><a href=\"https:\/\/i0.wp.com\/www.eltrabajo.cl\/portal\/wp-content\/uploads\/2014\/05\/Patrimonio1.jpg\"><img data-recalc-dims=\"1\" loading=\"lazy\" decoding=\"async\" class=\"size-full wp-image-46738\" alt=\"El domingo 25 de mayo, el Frente de Protecci\u00f3n del Patrimonio de Putaendo inundar\u00e1 las calles del centro de Putaendo con un ambiente carnavalesco a cargo de la Escuela de Arte y Circo-Teatro Jahuel.\" src=\"https:\/\/i0.wp.com\/www.eltrabajo.cl\/portal\/wp-content\/uploads\/2014\/05\/Patrimonio1.jpg?resize=529%2C357\" width=\"529\" height=\"357\" srcset=\"https:\/\/i0.wp.com\/eltrabajo.cl\/portal\/wp-content\/uploads\/2014\/05\/Patrimonio1.jpg?w=529&amp;ssl=1 529w, https:\/\/i0.wp.com\/eltrabajo.cl\/portal\/wp-content\/uploads\/2014\/05\/Patrimonio1.jpg?resize=200%2C134&amp;ssl=1 200w, https:\/\/i0.wp.com\/eltrabajo.cl\/portal\/wp-content\/uploads\/2014\/05\/Patrimonio1.jpg?resize=300%2C202&amp;ssl=1 300w, https:\/\/i0.wp.com\/eltrabajo.cl\/portal\/wp-content\/uploads\/2014\/05\/Patrimonio1.jpg?resize=150%2C101&amp;ssl=1 150w, https:\/\/i0.wp.com\/eltrabajo.cl\/portal\/wp-content\/uploads\/2014\/05\/Patrimonio1.jpg?resize=400%2C269&amp;ssl=1 400w\" sizes=\"auto, (max-width: 529px) 100vw, 529px\" \/><\/a><figcaption id=\"caption-attachment-46738\" class=\"wp-caption-text\">El domingo 25 de mayo, el Frente de Protecci\u00f3n del Patrimonio de Putaendo inundar\u00e1 las calles del centro de Putaendo con un ambiente carnavalesco a cargo de la Escuela de Arte y Circo-Teatro Jahuel.<\/figcaption><\/figure>\n<p><strong>PUTAENDO.<\/strong>&#8211; La comuna putaendina ser\u00e1 el gran destino para celebrar el D\u00eda del Patrimonio Cultural, as\u00ed lo dieron a conocer los dirigentes del Centro de Expresi\u00f3n y Desarrollo Cultural de Rinconada de Silva y del Frente de Protecci\u00f3n del Patrimonio, quienes dieron a conocer las actividades conmemorativas de esta importante fecha.<\/p>\n<figure id=\"attachment_46739\" aria-describedby=\"caption-attachment-46739\" style=\"width: 317px\" class=\"wp-caption alignright\"><a href=\"https:\/\/i0.wp.com\/www.eltrabajo.cl\/portal\/wp-content\/uploads\/2014\/05\/Gema-Lepe.jpg\"><img data-recalc-dims=\"1\" loading=\"lazy\" decoding=\"async\" class=\" wp-image-46739 \" alt=\"Gema Lepe y Joaqu\u00edn Gallardo hicieron el anuncio e invitaci\u00f3n a esta nueva jornada cultural en Putaendo.\" src=\"https:\/\/i0.wp.com\/www.eltrabajo.cl\/portal\/wp-content\/uploads\/2014\/05\/Gema-Lepe.jpg?resize=317%2C179\" width=\"317\" height=\"179\" srcset=\"https:\/\/i0.wp.com\/eltrabajo.cl\/portal\/wp-content\/uploads\/2014\/05\/Gema-Lepe.jpg?w=528&amp;ssl=1 528w, https:\/\/i0.wp.com\/eltrabajo.cl\/portal\/wp-content\/uploads\/2014\/05\/Gema-Lepe.jpg?resize=200%2C112&amp;ssl=1 200w, https:\/\/i0.wp.com\/eltrabajo.cl\/portal\/wp-content\/uploads\/2014\/05\/Gema-Lepe.jpg?resize=300%2C169&amp;ssl=1 300w, https:\/\/i0.wp.com\/eltrabajo.cl\/portal\/wp-content\/uploads\/2014\/05\/Gema-Lepe.jpg?resize=150%2C84&amp;ssl=1 150w, https:\/\/i0.wp.com\/eltrabajo.cl\/portal\/wp-content\/uploads\/2014\/05\/Gema-Lepe.jpg?resize=400%2C225&amp;ssl=1 400w\" sizes=\"auto, (max-width: 317px) 100vw, 317px\" \/><\/a><figcaption id=\"caption-attachment-46739\" class=\"wp-caption-text\">Gema Lepe y Joaqu\u00edn Gallardo hicieron el anuncio e invitaci\u00f3n a esta nueva jornada cultural en Putaendo.<\/figcaption><\/figure>\n<p>Gemma Lepe, Presidente del Centro de Desarrollo y Expresi\u00f3n Cultural de Rinconada de Silva, indic\u00f3 que como agrupaci\u00f3n realizar\u00e1n una nueva versi\u00f3n de la Feria Saberes y Sabores este s\u00e1bado 24 con lo mejor de la gastronom\u00eda y artesan\u00eda tradicional, adem\u00e1s contar\u00e1n con una retreta programada a las 11:00 horas y el concierto del grupo Ensamble Latinoamericano a las 16:00 horas.<\/p>\n<p>\u00abPara nosotros siempre ha sido importante potenciar las tradiciones y las habilidades artesanales de nuestros cultores rinconadinos, para lo cual hemos puesto un gran esfuerzo en esta actividad con una hermosa retreta y con la excelente presentaci\u00f3n que realizar\u00e1 el grupo Ensamble Latinoamericano, por lo que invitamos a los vecinos de Aconcagua a visitar Rinconada de Silva durante el D\u00eda del Patrimonio este s\u00e1bado 24\u00bb.<\/p>\n<p>Desde las 10:00 horas en la Plaza Fernando Aldunce Campos de Rinconada de Silva los diferentes expositores le esperar\u00e1n con sopaipillas, picarones, artesan\u00eda, pan amasado, charqui, tortillas, arrollados de huaso entre otros productos, en una actividad que contar\u00e1 con el patrocinio de la Gobernaci\u00f3n Provincial de San Felipe.<\/p>\n<p>En tanto, el domingo 25 de mayo, el Frente de Protecci\u00f3n del Patrimonio de Putaendo inundar\u00e1 las calles del centro de Putaendo con un ambiente carnavalesco a cargo de la Escuela de Arte y Circo-Teatro Jahuel, quienes realizar\u00e1n un colorido pasacalle por el centro de la comuna con mimos, motociclistas, batucada, murga, mu\u00f1ecos gigantes y zanquistas, todo esto con un hermoso escenario patrimonial como es el frontis del templo de la Parroquia San Antonio de Padua. La actividad contar\u00e1 con el patrocinio de la Municipalidad de Putaendo.<\/p>\n<p>Al respecto, el Presidente del Frente de Protecci\u00f3n del Patrimonio, Joaqu\u00edn Gallardo, indic\u00f3 que \u00abqueremos hacer una verdadera fiesta conmemorativa, para celebrar los logros que ha tenido Putaendo en materia patrimonial y tambi\u00e9n para afianzar los desaf\u00edos que se vienen para una comuna que se alza como un referente del patrimonio en Aconcagua y la regi\u00f3n\u00bb.<\/p>\n<p>Adem\u00e1s, la Municipalidad de Putaendo prepara una gran feria costumbrista con exposiciones de fotograf\u00eda y presentaciones art\u00edsticas en la plaza de Putaendo el s\u00e1bado 24 a partir de las 10:00 horas.<\/p>\n<p>Patricio Gallardo M.<\/p>\n<p>&nbsp;<\/p>\n","protected":false},"excerpt":{"rendered":"<p>PUTAENDO.&#8211; La comuna putaendina ser\u00e1 el gran destino para celebrar el D\u00eda del Patrimonio Cultural, as\u00ed lo dieron a conocer los dirigentes del Centro de Expresi\u00f3n y Desarrollo Cultural de Rinconada de&#8230;<\/p>\n","protected":false},"author":482,"featured_media":46738,"comment_status":"open","ping_status":"closed","sticky":false,"template":"","format":"standard","meta":{"advanced_seo_description":"","jetpack_seo_html_title":"","jetpack_seo_noindex":false,"_jetpack_memberships_contains_paid_content":false,"footnotes":""},"categories":[15],"tags":[],"class_list":["post-46737","post","type-post","status-publish","format-standard","has-post-thumbnail","hentry","category-comunidad"],"jetpack_featured_media_url":"https:\/\/i0.wp.com\/eltrabajo.cl\/portal\/wp-content\/uploads\/2014\/05\/Patrimonio1.jpg?fit=529%2C357&ssl=1","jetpack_sharing_enabled":true,"jetpack_likes_enabled":true,"jetpack-related-posts":[],"_links":{"self":[{"href":"https:\/\/eltrabajo.cl\/portal\/wp-json\/wp\/v2\/posts\/46737","targetHints":{"allow":["GET"]}}],"collection":[{"href":"https:\/\/eltrabajo.cl\/portal\/wp-json\/wp\/v2\/posts"}],"about":[{"href":"https:\/\/eltrabajo.cl\/portal\/wp-json\/wp\/v2\/types\/post"}],"author":[{"embeddable":true,"href":"https:\/\/eltrabajo.cl\/portal\/wp-json\/wp\/v2\/users\/482"}],"replies":[{"embeddable":true,"href":"https:\/\/eltrabajo.cl\/portal\/wp-json\/wp\/v2\/comments?post=46737"}],"version-history":[{"count":0,"href":"https:\/\/eltrabajo.cl\/portal\/wp-json\/wp\/v2\/posts\/46737\/revisions"}],"wp:featuredmedia":[{"embeddable":true,"href":"https:\/\/eltrabajo.cl\/portal\/wp-json\/wp\/v2\/media\/46738"}],"wp:attachment":[{"href":"https:\/\/eltrabajo.cl\/portal\/wp-json\/wp\/v2\/media?parent=46737"}],"wp:term":[{"taxonomy":"category","embeddable":true,"href":"https:\/\/eltrabajo.cl\/portal\/wp-json\/wp\/v2\/categories?post=46737"},{"taxonomy":"post_tag","embeddable":true,"href":"https:\/\/eltrabajo.cl\/portal\/wp-json\/wp\/v2\/tags?post=46737"}],"curies":[{"name":"wp","href":"https:\/\/api.w.org\/{rel}","templated":true}]}}