{"id":46742,"date":"2014-05-22T09:43:30","date_gmt":"2014-05-22T13:43:30","guid":{"rendered":"http:\/\/www.eltrabajo.cl\/portal\/?p=46742"},"modified":"2014-05-22T09:43:30","modified_gmt":"2014-05-22T13:43:30","slug":"miguel-vega-nombra-a-jose-luis-alvarez-como-nuevo-vicepresidente-de-la-jvrp","status":"publish","type":"post","link":"https:\/\/eltrabajo.cl\/portal\/miguel-vega-nombra-a-jose-luis-alvarez-como-nuevo-vicepresidente-de-la-jvrp\/","title":{"rendered":"Miguel Vega nombra a Jos\u00e9 Luis \u00c1lvarez como nuevo Vicepresidente de la JVRP"},"content":{"rendered":"<figure id=\"attachment_46743\" aria-describedby=\"caption-attachment-46743\" style=\"width: 317px\" class=\"wp-caption alignleft\"><a href=\"https:\/\/i0.wp.com\/www.eltrabajo.cl\/portal\/wp-content\/uploads\/2014\/05\/JOSE-LUIS-ALVAREZ.jpg\"><img data-recalc-dims=\"1\" loading=\"lazy\" decoding=\"async\" class=\" wp-image-46743 \" alt=\"Jos\u00e9 Luis \u00c1lvarez, nuevo Vicepresidente de la JVRP.\" src=\"https:\/\/i0.wp.com\/www.eltrabajo.cl\/portal\/wp-content\/uploads\/2014\/05\/JOSE-LUIS-ALVAREZ.jpg?resize=317%2C274\" width=\"317\" height=\"274\" srcset=\"https:\/\/i0.wp.com\/eltrabajo.cl\/portal\/wp-content\/uploads\/2014\/05\/JOSE-LUIS-ALVAREZ.jpg?w=529&amp;ssl=1 529w, https:\/\/i0.wp.com\/eltrabajo.cl\/portal\/wp-content\/uploads\/2014\/05\/JOSE-LUIS-ALVAREZ.jpg?resize=173%2C150&amp;ssl=1 173w, https:\/\/i0.wp.com\/eltrabajo.cl\/portal\/wp-content\/uploads\/2014\/05\/JOSE-LUIS-ALVAREZ.jpg?resize=300%2C259&amp;ssl=1 300w, https:\/\/i0.wp.com\/eltrabajo.cl\/portal\/wp-content\/uploads\/2014\/05\/JOSE-LUIS-ALVAREZ.jpg?resize=150%2C129&amp;ssl=1 150w, https:\/\/i0.wp.com\/eltrabajo.cl\/portal\/wp-content\/uploads\/2014\/05\/JOSE-LUIS-ALVAREZ.jpg?resize=400%2C345&amp;ssl=1 400w\" sizes=\"auto, (max-width: 317px) 100vw, 317px\" \/><\/a><figcaption id=\"caption-attachment-46743\" class=\"wp-caption-text\">Jos\u00e9 Luis \u00c1lvarez, nuevo Vicepresidente de la JVRP.<\/figcaption><\/figure>\n<p><strong>PUTAENDO.-<\/strong> Argumentando que la juventud tiene que tener oportunidades dentro de las organizaciones y cumpliendo su compromiso de integraci\u00f3n, el actual Presidente de la Junta de Vigilancia del R\u00edo Putaendo, Miguel Vega Berr\u00edos, decidi\u00f3 nombrar a Jos\u00e9 Luis \u00c1lvarez como vicepresidente de esa entidad.<\/p>\n<p>Cabe se\u00f1alar que el nombramiento en los cargos de vicepresidente y secretario son atribuciones \u00fanicas del presidente y fue as\u00ed como en la primera reuni\u00f3n de directorio encabezada por Vega, este inform\u00f3 a los miembros de la directiva que hab\u00eda decidido nombrar a Jos\u00e9 Luis \u00c1lvarez, Presidente de los canales Chalaco Bajo y El Tranque, y que adem\u00e1s hab\u00eda sido elegido director, como Vicepresidente de la Junta de Vigilancia. Junto con ello ratific\u00f3 a Luis Carmona como secretario.<\/p>\n<p>Miguel Vega en conversaci\u00f3n con Diario El Trabajo, dijo que es importante dar una oportunidad real a quienes se vienen integrando al trabajo de la junta de vigilancia y que por esa raz\u00f3n confi\u00f3 en \u00c1lvarez, adem\u00e1s pidi\u00f3 al resto del directorio que trabajen en equipo por y para los regantes, adem\u00e1s hizo un llamado a que los problemas del pasado, incluidos los de las \u00faltimas elecciones queden en el olvido y de hoy en adelante se comience a trabajar como un equipo, lo que fue ratificado por el directorio.<\/p>\n<p>El Presidente de la JVRP indic\u00f3 que el pr\u00f3ximo jueves ya comienzan reuniones de trabajo en forma inmediata para materializar el acuerdo con Colb\u00fan y varios trabajos m\u00e1s que vienen de hoy en adelante, por lo que hizo un llamado a los regantes del R\u00edo Putaendo, para que conf\u00eden en el trabajo que realizar\u00e1 en equipo este nuevo directorio.<\/p>\n<p><strong>El nuevo directorio de la JVRP para el per\u00edodo 2014-2015 qued\u00f3 conformado de la siguiente manera:<\/strong><\/p>\n<p>&#8211; Presidente: Miguel Vega Berr\u00edos.<\/p>\n<p>&#8211; Vicepresidente: Jos\u00e9 Luis \u00c1lvarez.<\/p>\n<p>&#8211; Tesorero: Daniel de Blasis.<\/p>\n<p>&#8211; Secretario: Luis Carmona.<\/p>\n<p>&#8211; Director: Jos\u00e9 Manuel Carter.<\/p>\n<p>&#8211; Director: Hugo Silva.<\/p>\n<p>&#8211; Director: Leonel Gonz\u00e1lez.<\/p>\n<p>Patricio Gallardo M.<\/p>\n","protected":false},"excerpt":{"rendered":"<p>PUTAENDO.- Argumentando que la juventud tiene que tener oportunidades dentro de las organizaciones y cumpliendo su compromiso de integraci\u00f3n, el actual Presidente de la Junta de Vigilancia del R\u00edo Putaendo, Miguel Vega&#8230;<\/p>\n","protected":false},"author":482,"featured_media":46743,"comment_status":"open","ping_status":"closed","sticky":false,"template":"","format":"standard","meta":{"advanced_seo_description":"","jetpack_seo_html_title":"","jetpack_seo_noindex":false,"_jetpack_memberships_contains_paid_content":false,"footnotes":""},"categories":[1],"tags":[],"class_list":["post-46742","post","type-post","status-publish","format-standard","has-post-thumbnail","hentry","category-cronica"],"jetpack_featured_media_url":"https:\/\/i0.wp.com\/eltrabajo.cl\/portal\/wp-content\/uploads\/2014\/05\/JOSE-LUIS-ALVAREZ.jpg?fit=529%2C457&ssl=1","jetpack_sharing_enabled":true,"jetpack_likes_enabled":true,"jetpack-related-posts":[],"_links":{"self":[{"href":"https:\/\/eltrabajo.cl\/portal\/wp-json\/wp\/v2\/posts\/46742","targetHints":{"allow":["GET"]}}],"collection":[{"href":"https:\/\/eltrabajo.cl\/portal\/wp-json\/wp\/v2\/posts"}],"about":[{"href":"https:\/\/eltrabajo.cl\/portal\/wp-json\/wp\/v2\/types\/post"}],"author":[{"embeddable":true,"href":"https:\/\/eltrabajo.cl\/portal\/wp-json\/wp\/v2\/users\/482"}],"replies":[{"embeddable":true,"href":"https:\/\/eltrabajo.cl\/portal\/wp-json\/wp\/v2\/comments?post=46742"}],"version-history":[{"count":0,"href":"https:\/\/eltrabajo.cl\/portal\/wp-json\/wp\/v2\/posts\/46742\/revisions"}],"wp:featuredmedia":[{"embeddable":true,"href":"https:\/\/eltrabajo.cl\/portal\/wp-json\/wp\/v2\/media\/46743"}],"wp:attachment":[{"href":"https:\/\/eltrabajo.cl\/portal\/wp-json\/wp\/v2\/media?parent=46742"}],"wp:term":[{"taxonomy":"category","embeddable":true,"href":"https:\/\/eltrabajo.cl\/portal\/wp-json\/wp\/v2\/categories?post=46742"},{"taxonomy":"post_tag","embeddable":true,"href":"https:\/\/eltrabajo.cl\/portal\/wp-json\/wp\/v2\/tags?post=46742"}],"curies":[{"name":"wp","href":"https:\/\/api.w.org\/{rel}","templated":true}]}}