{"id":46750,"date":"2014-05-22T09:46:43","date_gmt":"2014-05-22T13:46:43","guid":{"rendered":"http:\/\/www.eltrabajo.cl\/portal\/?p=46750"},"modified":"2014-05-22T09:46:43","modified_gmt":"2014-05-22T13:46:43","slug":"mujeres-de-ahumada-brillaron-en-la-feria-nacional-del-transporte-2014","status":"publish","type":"post","link":"https:\/\/eltrabajo.cl\/portal\/mujeres-de-ahumada-brillaron-en-la-feria-nacional-del-transporte-2014\/","title":{"rendered":"Mujeres de Ahumada brillaron en la Feria Nacional del Transporte 2014"},"content":{"rendered":"<figure id=\"attachment_46751\" aria-describedby=\"caption-attachment-46751\" style=\"width: 529px\" class=\"wp-caption alignnone\"><a href=\"https:\/\/i0.wp.com\/www.eltrabajo.cl\/portal\/wp-content\/uploads\/2014\/05\/Plana1.jpg\"><img data-recalc-dims=\"1\" loading=\"lazy\" decoding=\"async\" class=\"size-full wp-image-46751\" alt=\"FERIA NACIONAL.- Desde Fenabus, se destac\u00f3 que la incorporaci\u00f3n de mujeres al mundo del transporte interurbano, es uno de los hitos de 2014 para la entidad gremial.\" src=\"https:\/\/i0.wp.com\/www.eltrabajo.cl\/portal\/wp-content\/uploads\/2014\/05\/Plana1.jpg?resize=529%2C358\" width=\"529\" height=\"358\" srcset=\"https:\/\/i0.wp.com\/eltrabajo.cl\/portal\/wp-content\/uploads\/2014\/05\/Plana1.jpg?w=529&amp;ssl=1 529w, https:\/\/i0.wp.com\/eltrabajo.cl\/portal\/wp-content\/uploads\/2014\/05\/Plana1.jpg?resize=200%2C135&amp;ssl=1 200w, https:\/\/i0.wp.com\/eltrabajo.cl\/portal\/wp-content\/uploads\/2014\/05\/Plana1.jpg?resize=300%2C203&amp;ssl=1 300w, https:\/\/i0.wp.com\/eltrabajo.cl\/portal\/wp-content\/uploads\/2014\/05\/Plana1.jpg?resize=150%2C101&amp;ssl=1 150w, https:\/\/i0.wp.com\/eltrabajo.cl\/portal\/wp-content\/uploads\/2014\/05\/Plana1.jpg?resize=400%2C270&amp;ssl=1 400w\" sizes=\"auto, (max-width: 529px) 100vw, 529px\" \/><\/a><figcaption id=\"caption-attachment-46751\" class=\"wp-caption-text\">FERIA NACIONAL.- Desde Fenabus, se destac\u00f3 que la incorporaci\u00f3n de mujeres al mundo del transporte interurbano, es uno de los hitos de 2014 para la entidad gremial.<\/figcaption><\/figure>\n<p>Una destacada participaci\u00f3n en la Feria Nacional del Transporte Fenatran 2014, que se realiz\u00f3 en las instalaciones del Espacio Riesco, fue la que tuvo la tripulaci\u00f3n femenina de Buses Ahumada. Las cinco conductoras y dos azafatas que llegaron a la actividad, fueron invitadas para sumarse al stand de Fenabus, que opt\u00f3 por incorporarlas como una manera de homenajearlas y resaltar la iniciativa de la empresa de Buses Ahumada, en cuanto a sumar a la mujer a su dotaci\u00f3n de conductores y auxiliares.<\/p>\n<figure id=\"attachment_46752\" aria-describedby=\"caption-attachment-46752\" style=\"width: 370px\" class=\"wp-caption alignright\"><a href=\"https:\/\/i0.wp.com\/www.eltrabajo.cl\/portal\/wp-content\/uploads\/2014\/05\/Natalia1.jpg\"><img data-recalc-dims=\"1\" loading=\"lazy\" decoding=\"async\" class=\" wp-image-46752 \" alt=\"EXCELENCIA.- Las conductoras de minibuses Cynthia Velasco, Mariela Y\u00e9venes, Ruth Molina y como lo muestra Natalia Gonz\u00e1lez a las c\u00e1maras de Diario El Trabajo, se empe\u00f1aron s\u00f3lo en alcanzar la excelencia en esta jornada.\" src=\"https:\/\/i0.wp.com\/www.eltrabajo.cl\/portal\/wp-content\/uploads\/2014\/05\/Natalia1.jpg?resize=370%2C275\" width=\"370\" height=\"275\" srcset=\"https:\/\/i0.wp.com\/eltrabajo.cl\/portal\/wp-content\/uploads\/2014\/05\/Natalia1.jpg?w=529&amp;ssl=1 529w, https:\/\/i0.wp.com\/eltrabajo.cl\/portal\/wp-content\/uploads\/2014\/05\/Natalia1.jpg?resize=200%2C148&amp;ssl=1 200w, https:\/\/i0.wp.com\/eltrabajo.cl\/portal\/wp-content\/uploads\/2014\/05\/Natalia1.jpg?resize=300%2C222&amp;ssl=1 300w, https:\/\/i0.wp.com\/eltrabajo.cl\/portal\/wp-content\/uploads\/2014\/05\/Natalia1.jpg?resize=150%2C111&amp;ssl=1 150w, https:\/\/i0.wp.com\/eltrabajo.cl\/portal\/wp-content\/uploads\/2014\/05\/Natalia1.jpg?resize=400%2C297&amp;ssl=1 400w\" sizes=\"auto, (max-width: 370px) 100vw, 370px\" \/><\/a><figcaption id=\"caption-attachment-46752\" class=\"wp-caption-text\">EXCELENCIA.- Las conductoras de minibuses Cynthia Velasco, Mariela Y\u00e9venes, Ruth Molina y como lo muestra Natalia Gonz\u00e1lez a las c\u00e1maras de Diario El Trabajo, se empe\u00f1aron s\u00f3lo en alcanzar la excelencia en esta jornada.<\/figcaption><\/figure>\n<p>A la cita llegaron no s\u00f3lo la primera tripulaci\u00f3n femenina de transporte interurbano de pasajeros que integran Elizabeth Mu\u00f1oz y Camila V\u00e1squez, sino tambi\u00e9n una nueva azafata del servicio San Felipe \u2013 Santiago, Romina Orrego Lazcano y las conductoras de minibuses Cynthia Velasco, Mariela Y\u00e9venes, Ruth Molina y Natalia Gonz\u00e1lez.<\/p>\n<p>Todas ellas se pusieron a prueba en el simulador de conducci\u00f3n de buses, que la empresa Inatrans ten\u00eda en el stand de Fenabus para la ocasi\u00f3n, logrando muy buenos resultados, a juzgar por los instructores que las acompa\u00f1aron en la ocasi\u00f3n.<\/p>\n<p>Adem\u00e1s, las conductoras y azafatas pudieron compartir con diversas autoridades, como el subsecretario de Transportes y Telecomunicaciones Cristian Bowen, la Directora Nacional de Chile Valora Ximena Concha Ba\u00f1ados y la Secretaria Ejecutiva de Conaset, Mar\u00eda Francisca Y\u00e1\u00f1ez entre otros.<\/p>\n<p>Consultado el Presidente de Fenabus, Marcos Carter, por la participaci\u00f3n de la tripulaci\u00f3n femenina en la Fenatran 2014, se\u00f1al\u00f3 que \u201cyo felicito a la empresa Ahumada, a nuestro vicepresidente Juan Eduardo Quiroz, por la iniciativa que ha tenido de lanzarse con las mujeres y cortar la brecha que se produce entre hombres y mujeres, terminando con esa frase de que las mujeres no pueden manejar un bus. Este hito de Buses Ahumada, es tambi\u00e9n un hito nuestro y yo dir\u00eda que el suceso m\u00e1s importante de este a\u00f1o en Fenabus\u201d.<\/p>\n<p>En el marco de esta actividad, las conductoras agradecieron a Juan Eduardo Quiroz y a Math\u00edas Quiroz, la oportunidad de participar en esta Feria Nacional del Transporte, se\u00f1alando Mariela Y\u00e9venes que \u201cfue una bonita experiencia, pero adem\u00e1s una instancia para compartir y demostrarle a las autoridades y a muchas otras personas que vinieron al stand de Fenabus, que las mujeres estamos preparadas para manejar un bus, que lo hacemos con profesionalismo\u201d.<\/p>\n<p>Elizabeth Mu\u00f1oz en tanto, agradeci\u00f3 en nombre de sus compa\u00f1eras la oportunidad que les ha brindado la empresa, para incorporarse a un mundo que hasta hace poco era s\u00f3lo masculino, pero que han sabido ganarse con esfuerzo y constancia, sumado a la plena confianza que ha depositado en ellas la empresa de Buses Ahumada.<\/p>\n<p>&nbsp;<\/p>\n","protected":false},"excerpt":{"rendered":"<p>Una destacada participaci\u00f3n en la Feria Nacional del Transporte Fenatran 2014, que se realiz\u00f3 en las instalaciones del Espacio Riesco, fue la que tuvo la tripulaci\u00f3n femenina de Buses Ahumada. Las cinco&#8230;<\/p>\n","protected":false},"author":482,"featured_media":46751,"comment_status":"open","ping_status":"closed","sticky":false,"template":"","format":"standard","meta":{"advanced_seo_description":"","jetpack_seo_html_title":"","jetpack_seo_noindex":false,"_jetpack_memberships_contains_paid_content":false,"footnotes":""},"categories":[15],"tags":[],"class_list":["post-46750","post","type-post","status-publish","format-standard","has-post-thumbnail","hentry","category-comunidad"],"jetpack_featured_media_url":"https:\/\/i0.wp.com\/eltrabajo.cl\/portal\/wp-content\/uploads\/2014\/05\/Plana1.jpg?fit=529%2C358&ssl=1","jetpack_sharing_enabled":true,"jetpack_likes_enabled":true,"jetpack-related-posts":[],"_links":{"self":[{"href":"https:\/\/eltrabajo.cl\/portal\/wp-json\/wp\/v2\/posts\/46750","targetHints":{"allow":["GET"]}}],"collection":[{"href":"https:\/\/eltrabajo.cl\/portal\/wp-json\/wp\/v2\/posts"}],"about":[{"href":"https:\/\/eltrabajo.cl\/portal\/wp-json\/wp\/v2\/types\/post"}],"author":[{"embeddable":true,"href":"https:\/\/eltrabajo.cl\/portal\/wp-json\/wp\/v2\/users\/482"}],"replies":[{"embeddable":true,"href":"https:\/\/eltrabajo.cl\/portal\/wp-json\/wp\/v2\/comments?post=46750"}],"version-history":[{"count":0,"href":"https:\/\/eltrabajo.cl\/portal\/wp-json\/wp\/v2\/posts\/46750\/revisions"}],"wp:featuredmedia":[{"embeddable":true,"href":"https:\/\/eltrabajo.cl\/portal\/wp-json\/wp\/v2\/media\/46751"}],"wp:attachment":[{"href":"https:\/\/eltrabajo.cl\/portal\/wp-json\/wp\/v2\/media?parent=46750"}],"wp:term":[{"taxonomy":"category","embeddable":true,"href":"https:\/\/eltrabajo.cl\/portal\/wp-json\/wp\/v2\/categories?post=46750"},{"taxonomy":"post_tag","embeddable":true,"href":"https:\/\/eltrabajo.cl\/portal\/wp-json\/wp\/v2\/tags?post=46750"}],"curies":[{"name":"wp","href":"https:\/\/api.w.org\/{rel}","templated":true}]}}