{"id":46755,"date":"2014-05-22T09:48:18","date_gmt":"2014-05-22T13:48:18","guid":{"rendered":"http:\/\/www.eltrabajo.cl\/portal\/?p=46755"},"modified":"2014-05-22T09:48:18","modified_gmt":"2014-05-22T13:48:18","slug":"valoran-caracteristicas-del-trazado-de-ruta-60-ch-en-el-tramo-san-felipe","status":"publish","type":"post","link":"https:\/\/eltrabajo.cl\/portal\/valoran-caracteristicas-del-trazado-de-ruta-60-ch-en-el-tramo-san-felipe\/","title":{"rendered":"Valoran caracter\u00edsticas del trazado de Ruta 60-Ch. en el tramo San Felipe"},"content":{"rendered":"<figure id=\"attachment_46756\" aria-describedby=\"caption-attachment-46756\" style=\"width: 528px\" class=\"wp-caption alignnone\"><a href=\"https:\/\/i0.wp.com\/www.eltrabajo.cl\/portal\/wp-content\/uploads\/2014\/05\/Reunion1.jpg\"><img data-recalc-dims=\"1\" loading=\"lazy\" decoding=\"async\" class=\"size-full wp-image-46756\" alt=\"Profesionales del MOP expusieron al Municipio de San Felipe caracter\u00edsticas del trazado de la Ruta 60-Ch. en el tramo San Felipe.\" src=\"https:\/\/i0.wp.com\/www.eltrabajo.cl\/portal\/wp-content\/uploads\/2014\/05\/Reunion1.jpg?resize=528%2C269\" width=\"528\" height=\"269\" srcset=\"https:\/\/i0.wp.com\/eltrabajo.cl\/portal\/wp-content\/uploads\/2014\/05\/Reunion1.jpg?w=528&amp;ssl=1 528w, https:\/\/i0.wp.com\/eltrabajo.cl\/portal\/wp-content\/uploads\/2014\/05\/Reunion1.jpg?resize=200%2C101&amp;ssl=1 200w, https:\/\/i0.wp.com\/eltrabajo.cl\/portal\/wp-content\/uploads\/2014\/05\/Reunion1.jpg?resize=300%2C152&amp;ssl=1 300w, https:\/\/i0.wp.com\/eltrabajo.cl\/portal\/wp-content\/uploads\/2014\/05\/Reunion1.jpg?resize=150%2C76&amp;ssl=1 150w, https:\/\/i0.wp.com\/eltrabajo.cl\/portal\/wp-content\/uploads\/2014\/05\/Reunion1.jpg?resize=400%2C203&amp;ssl=1 400w\" sizes=\"auto, (max-width: 528px) 100vw, 528px\" \/><\/a><figcaption id=\"caption-attachment-46756\" class=\"wp-caption-text\">Profesionales del MOP expusieron al Municipio de San Felipe caracter\u00edsticas del trazado de la Ruta 60-Ch. en el tramo San Felipe.<\/figcaption><\/figure>\n<p>Una reuni\u00f3n de trabajo sostuvo este martes el Alcalde Patricio Freire junto al equipo t\u00e9cnico del municipio, el Seremi de Obras P\u00fablicas, Miguel Saavedra y el Gobernador Eduardo Le\u00f3n, que tuvo como objetivo observar el trazado definitivo y los alcances del dise\u00f1o de la obra de la Ruta 60-Ch., que corresponde al tramo de San Felipe.<\/p>\n<p>Durante la reuni\u00f3n se expuso el dise\u00f1o de la ruta, que corresponde al tramo San Felipe-Panquehue, exposici\u00f3n que conten\u00eda las observaciones que realiz\u00f3 anteriormente la Municipalidad y que principalmente dec\u00edan relaci\u00f3n con las medidas de mitigaci\u00f3n en el sector de Villa 250 A\u00f1os y el sector de ingreso por el Puente El Rey.<\/p>\n<p>\u201cLa mayor\u00eda de las observaciones que realiz\u00f3 el municipio de San Felipe fueron conversadas y realizadas por el MOP y asumidas por este organismo, principalmente las medidas de mitigaci\u00f3n que corresponden al sector de Villa 250 A\u00f1os que tiene que ver con paneles de ruido, con forestaci\u00f3n, con un sector de \u00e1rea deportiva y recreativa, como una multi-cancha y una plaza y tambi\u00e9n por sobre todo lo que tiene relaci\u00f3n con el viaducto que sube por el sector del Puente El Rey en una altura que consideramos importante, unos 12 metros y tambi\u00e9n con una disminuci\u00f3n de los pilares que en su momento parec\u00edan un elemento visual muy contrastante con la realidad actual de ese sector y eso fue acogido por el MOP\u201d, explic\u00f3 el Secretario de Planificaci\u00f3n del municipio, Claudio Paredes.<\/p>\n<p>El Alcalde Freire se\u00f1al\u00f3 que luego de la reuni\u00f3n se conform\u00f3 una mesa t\u00e9cnica que tendr\u00e1 como objetivo afinar en detalle la forma como ser\u00e1n las mitigaciones, los valores y presupuestos asociados.<\/p>\n<p>\u201cLos equipos trabajar\u00e1n para afinar los aspectos que tienen que ver con la mitigaci\u00f3n en este sector, en esta carretera que en este tramo cuenta con doble pista de manera definitiva, hasta la salida de San Felipe y se deben hacer mitigaciones que significan hacer un mejoramiento al sector de Villa 250 A\u00f1os y que la comuna de San Felipe tenga la mejor realizaci\u00f3n urban\u00edstica\u201d, dijo el jefe comunal.<\/p>\n<p>&nbsp;<\/p>\n","protected":false},"excerpt":{"rendered":"<p>Una reuni\u00f3n de trabajo sostuvo este martes el Alcalde Patricio Freire junto al equipo t\u00e9cnico del municipio, el Seremi de Obras P\u00fablicas, Miguel Saavedra y el Gobernador Eduardo Le\u00f3n, que tuvo como&#8230;<\/p>\n","protected":false},"author":482,"featured_media":46756,"comment_status":"open","ping_status":"closed","sticky":false,"template":"","format":"standard","meta":{"advanced_seo_description":"","jetpack_seo_html_title":"","jetpack_seo_noindex":false,"_jetpack_memberships_contains_paid_content":false,"footnotes":""},"categories":[1],"tags":[],"class_list":["post-46755","post","type-post","status-publish","format-standard","has-post-thumbnail","hentry","category-cronica"],"jetpack_featured_media_url":"https:\/\/i0.wp.com\/eltrabajo.cl\/portal\/wp-content\/uploads\/2014\/05\/Reunion1.jpg?fit=528%2C269&ssl=1","jetpack_sharing_enabled":true,"jetpack_likes_enabled":true,"jetpack-related-posts":[],"_links":{"self":[{"href":"https:\/\/eltrabajo.cl\/portal\/wp-json\/wp\/v2\/posts\/46755","targetHints":{"allow":["GET"]}}],"collection":[{"href":"https:\/\/eltrabajo.cl\/portal\/wp-json\/wp\/v2\/posts"}],"about":[{"href":"https:\/\/eltrabajo.cl\/portal\/wp-json\/wp\/v2\/types\/post"}],"author":[{"embeddable":true,"href":"https:\/\/eltrabajo.cl\/portal\/wp-json\/wp\/v2\/users\/482"}],"replies":[{"embeddable":true,"href":"https:\/\/eltrabajo.cl\/portal\/wp-json\/wp\/v2\/comments?post=46755"}],"version-history":[{"count":0,"href":"https:\/\/eltrabajo.cl\/portal\/wp-json\/wp\/v2\/posts\/46755\/revisions"}],"wp:featuredmedia":[{"embeddable":true,"href":"https:\/\/eltrabajo.cl\/portal\/wp-json\/wp\/v2\/media\/46756"}],"wp:attachment":[{"href":"https:\/\/eltrabajo.cl\/portal\/wp-json\/wp\/v2\/media?parent=46755"}],"wp:term":[{"taxonomy":"category","embeddable":true,"href":"https:\/\/eltrabajo.cl\/portal\/wp-json\/wp\/v2\/categories?post=46755"},{"taxonomy":"post_tag","embeddable":true,"href":"https:\/\/eltrabajo.cl\/portal\/wp-json\/wp\/v2\/tags?post=46755"}],"curies":[{"name":"wp","href":"https:\/\/api.w.org\/{rel}","templated":true}]}}