{"id":46778,"date":"2014-05-23T09:16:16","date_gmt":"2014-05-23T13:16:16","guid":{"rendered":"http:\/\/www.eltrabajo.cl\/portal\/?p=46778"},"modified":"2014-05-23T09:16:16","modified_gmt":"2014-05-23T13:16:16","slug":"todos-a-celebrar-el-dia-del-patrimonio-cultural-este-sabado-y-domingo","status":"publish","type":"post","link":"https:\/\/eltrabajo.cl\/portal\/todos-a-celebrar-el-dia-del-patrimonio-cultural-este-sabado-y-domingo\/","title":{"rendered":"Todos a celebrar el D\u00eda del Patrimonio Cultural este s\u00e1bado y domingo"},"content":{"rendered":"<figure id=\"attachment_46779\" aria-describedby=\"caption-attachment-46779\" style=\"width: 529px\" class=\"wp-caption alignnone\"><a href=\"https:\/\/i0.wp.com\/www.eltrabajo.cl\/portal\/wp-content\/uploads\/2014\/05\/Comercio1.jpg\"><img data-recalc-dims=\"1\" loading=\"lazy\" decoding=\"async\" class=\"size-full wp-image-46779\" alt=\"Una feria costumbrista con artesan\u00edas y productos tradicionales de la zona, es lo que se realizar\u00e1 este s\u00e1bado 24 desde las 10:30 horas en la Plaza Prat de la comuna.\" src=\"https:\/\/i0.wp.com\/www.eltrabajo.cl\/portal\/wp-content\/uploads\/2014\/05\/Comercio1.jpg?resize=529%2C358\" width=\"529\" height=\"358\" srcset=\"https:\/\/i0.wp.com\/eltrabajo.cl\/portal\/wp-content\/uploads\/2014\/05\/Comercio1.jpg?w=529&amp;ssl=1 529w, https:\/\/i0.wp.com\/eltrabajo.cl\/portal\/wp-content\/uploads\/2014\/05\/Comercio1.jpg?resize=200%2C135&amp;ssl=1 200w, https:\/\/i0.wp.com\/eltrabajo.cl\/portal\/wp-content\/uploads\/2014\/05\/Comercio1.jpg?resize=300%2C203&amp;ssl=1 300w, https:\/\/i0.wp.com\/eltrabajo.cl\/portal\/wp-content\/uploads\/2014\/05\/Comercio1.jpg?resize=150%2C101&amp;ssl=1 150w, https:\/\/i0.wp.com\/eltrabajo.cl\/portal\/wp-content\/uploads\/2014\/05\/Comercio1.jpg?resize=400%2C270&amp;ssl=1 400w\" sizes=\"auto, (max-width: 529px) 100vw, 529px\" \/><\/a><figcaption id=\"caption-attachment-46779\" class=\"wp-caption-text\">Una feria costumbrista con artesan\u00edas y productos tradicionales de la zona, es lo que se realizar\u00e1 este s\u00e1bado 24 desde las 10:30 horas en la Plaza Prat de la comuna.<\/figcaption><\/figure>\n<p><strong>PUTAENDO.<\/strong>&#8211; Con una serie de actividades y ceremonias, Putaendo celebrar\u00e1 el d\u00eda del Patrimonio Cultural este s\u00e1bado 24 y 25 de mayo. Las iniciativas cuentan con el respaldo y participaci\u00f3n de varias instituciones y agrupaciones de la comuna que realizar\u00e1n muestras fotogr\u00e1ficas y de pinturas, adem\u00e1s, una feria costumbrista con artesan\u00edas y productos tradicionales de la zona, este s\u00e1bado 24 desde las 10:30 horas en la Plaza Prat de la comuna.<\/p>\n<p>La invitaci\u00f3n la hizo extensiva el Alcalde Guillermo Reyes y el Concejo Municipal, quienes convocaron a toda la comunidad a participar de la serie de actividades programadas para este fin de semana patrimonial en Putaendo. Las celebraciones comenzar\u00e1n la ma\u00f1ana del s\u00e1bado con una exposici\u00f3n de im\u00e1genes y \u00f3leos de Putaendo a cargo de diversas instituciones y agrupaciones de la comuna. La feria costumbrista reunir\u00e1 diferentes artesanas de talleres femeninos, Putant\u00fa y adultos mayores, adem\u00e1s, estar\u00e1n presentes productores artesanales de los Prodesal de Putaendo.<\/p>\n<p>Por la tarde contin\u00faan las actividades con la celebraci\u00f3n de los diez a\u00f1os de la Escuela de M\u00fasica de Putaendo Emup, que trae la gran presentaci\u00f3n de la Orquesta Andina de la Universidad Cat\u00f3lica de Valpara\u00edso y el maravilloso Ensamble Latinoamericano Abya Ayala de la Universidad de Playa Ancha. Actividad que se realizar\u00e1 a las 17:00 horas en el Templo Parroquial de Putaendo.<\/p>\n<p>El d\u00eda domingo 25 de mayo desde las 11:00 de la ma\u00f1ana se realizar\u00e1 la Mateada Narrativa y Visita al Museo de la Corporaci\u00f3n Cultural de Putaendo, donde personajes tradicionales de la comuna relataran \u2018historias, mitos y mentiras del pueblo\u2019, generando un espacio de inter\u00e9s, sobre todo para los m\u00e1s j\u00f3venes que quieran escuchar entretenidas historias. Asimismo, la Corporaci\u00f3n Cultural realizar\u00e1 una ceremonia en homenaje a personajes destacados de Putaendo.<\/p>\n<p>La gran jornada patrimonial de Putaendo finaliza el domingo a las 17:00 horas con la Intervenci\u00f3n Urbana: Murgas, Pasacalles y Batucadas de la Escuela de Arte y Circo-Teatro Jahuel, actividad organizada por el Frente de Protecci\u00f3n del Patrimonio, Educaci\u00f3n, Cultura y Artes de Putaendo, que se realizar\u00e1 en el frontis de la Parroquia San Antonio de Padua. Vive el D\u00eda del Patrimonio Cultural en Putaendo, para mayores informaciones sobre la programaci\u00f3n visita la p\u00e1gina de Facebook de la Municipalidad de Putaendo o su sitio web www.putaendo.cl.<\/p>\n<p>&nbsp;<\/p>\n","protected":false},"excerpt":{"rendered":"<p>PUTAENDO.&#8211; Con una serie de actividades y ceremonias, Putaendo celebrar\u00e1 el d\u00eda del Patrimonio Cultural este s\u00e1bado 24 y 25 de mayo. Las iniciativas cuentan con el respaldo y participaci\u00f3n de varias&#8230;<\/p>\n","protected":false},"author":482,"featured_media":46779,"comment_status":"open","ping_status":"closed","sticky":false,"template":"","format":"standard","meta":{"advanced_seo_description":"","jetpack_seo_html_title":"","jetpack_seo_noindex":false,"_jetpack_memberships_contains_paid_content":false,"footnotes":""},"categories":[1],"tags":[],"class_list":["post-46778","post","type-post","status-publish","format-standard","has-post-thumbnail","hentry","category-cronica"],"jetpack_featured_media_url":"https:\/\/i0.wp.com\/eltrabajo.cl\/portal\/wp-content\/uploads\/2014\/05\/Comercio1.jpg?fit=529%2C358&ssl=1","jetpack_sharing_enabled":true,"jetpack_likes_enabled":true,"jetpack-related-posts":[],"_links":{"self":[{"href":"https:\/\/eltrabajo.cl\/portal\/wp-json\/wp\/v2\/posts\/46778","targetHints":{"allow":["GET"]}}],"collection":[{"href":"https:\/\/eltrabajo.cl\/portal\/wp-json\/wp\/v2\/posts"}],"about":[{"href":"https:\/\/eltrabajo.cl\/portal\/wp-json\/wp\/v2\/types\/post"}],"author":[{"embeddable":true,"href":"https:\/\/eltrabajo.cl\/portal\/wp-json\/wp\/v2\/users\/482"}],"replies":[{"embeddable":true,"href":"https:\/\/eltrabajo.cl\/portal\/wp-json\/wp\/v2\/comments?post=46778"}],"version-history":[{"count":0,"href":"https:\/\/eltrabajo.cl\/portal\/wp-json\/wp\/v2\/posts\/46778\/revisions"}],"wp:featuredmedia":[{"embeddable":true,"href":"https:\/\/eltrabajo.cl\/portal\/wp-json\/wp\/v2\/media\/46779"}],"wp:attachment":[{"href":"https:\/\/eltrabajo.cl\/portal\/wp-json\/wp\/v2\/media?parent=46778"}],"wp:term":[{"taxonomy":"category","embeddable":true,"href":"https:\/\/eltrabajo.cl\/portal\/wp-json\/wp\/v2\/categories?post=46778"},{"taxonomy":"post_tag","embeddable":true,"href":"https:\/\/eltrabajo.cl\/portal\/wp-json\/wp\/v2\/tags?post=46778"}],"curies":[{"name":"wp","href":"https:\/\/api.w.org\/{rel}","templated":true}]}}