{"id":46781,"date":"2014-05-23T09:17:45","date_gmt":"2014-05-23T13:17:45","guid":{"rendered":"http:\/\/www.eltrabajo.cl\/portal\/?p=46781"},"modified":"2014-05-23T09:17:45","modified_gmt":"2014-05-23T13:17:45","slug":"hoy-vence-plazo-para-postular-a-los-proyectos-senama","status":"publish","type":"post","link":"https:\/\/eltrabajo.cl\/portal\/hoy-vence-plazo-para-postular-a-los-proyectos-senama\/","title":{"rendered":"Hoy vence plazo para postular a los proyectos Senama"},"content":{"rendered":"<figure id=\"attachment_46782\" aria-describedby=\"caption-attachment-46782\" style=\"width: 370px\" class=\"wp-caption alignleft\"><a href=\"https:\/\/i0.wp.com\/www.eltrabajo.cl\/portal\/wp-content\/uploads\/2014\/05\/Abuelos11.jpg\"><img data-recalc-dims=\"1\" loading=\"lazy\" decoding=\"async\" class=\" wp-image-46782 \" alt=\"La presentaci\u00f3n de los documentos, debe realizarse en el Departamento Social de la Gobernaci\u00f3n Provincial de San Felipe.\" src=\"https:\/\/i0.wp.com\/www.eltrabajo.cl\/portal\/wp-content\/uploads\/2014\/05\/Abuelos11.jpg?resize=370%2C281\" width=\"370\" height=\"281\" srcset=\"https:\/\/i0.wp.com\/eltrabajo.cl\/portal\/wp-content\/uploads\/2014\/05\/Abuelos11.jpg?w=528&amp;ssl=1 528w, https:\/\/i0.wp.com\/eltrabajo.cl\/portal\/wp-content\/uploads\/2014\/05\/Abuelos11.jpg?resize=197%2C150&amp;ssl=1 197w, https:\/\/i0.wp.com\/eltrabajo.cl\/portal\/wp-content\/uploads\/2014\/05\/Abuelos11.jpg?resize=300%2C227&amp;ssl=1 300w, https:\/\/i0.wp.com\/eltrabajo.cl\/portal\/wp-content\/uploads\/2014\/05\/Abuelos11.jpg?resize=150%2C113&amp;ssl=1 150w, https:\/\/i0.wp.com\/eltrabajo.cl\/portal\/wp-content\/uploads\/2014\/05\/Abuelos11.jpg?resize=400%2C303&amp;ssl=1 400w\" sizes=\"auto, (max-width: 370px) 100vw, 370px\" \/><\/a><figcaption id=\"caption-attachment-46782\" class=\"wp-caption-text\">La presentaci\u00f3n de los documentos, debe realizarse en el Departamento Social de la Gobernaci\u00f3n Provincial de San Felipe.<\/figcaption><\/figure>\n<p><strong>PANQUEHUE<\/strong>.- Hoy viernes vence el plazo para la presentaci\u00f3n de proyectos al Fondo Senama, por parte de los clubes de adultos mayores de la comuna de Panquehue. As\u00ed lo inform\u00f3 la Encargada del Departamento de Organizaciones Comunitarias, Margarita V\u00e9lez, quien se\u00f1al\u00f3 que los documentos deben ser presentados en el departamento social de la Gobernaci\u00f3n Provincial de San Felipe.<\/p>\n<p>Explic\u00f3 que este fondo es un programa que financia proyectos ideados, elaborados y desarrollados por organizaciones de adultos mayores a trav\u00e9s de concursos, cuyo objetivo es generar y desarrollar capacidades de autogesti\u00f3n, autonom\u00eda e independencia de los adultos mayores participantes. En lo que respecta a la comuna de Panquehue, son nueve los clubes de adultos mayores, los llamados a realizar las postulaciones a estos fondos.<\/p>\n<p>El concurso financia proyectos destinados a equipamiento, o sea la adquisici\u00f3n de nuevos elementos en un local que ya existe; Aumento de una actividad, orientado a un plan ya ejecutado; inicio de una actividad, por ejemplo amasander\u00eda, taller de carpinter\u00eda entre otros oficios; Mejoramiento de la calidad de una acci\u00f3n, destinado a un programa en ejecuci\u00f3n y potenciando por ejemplo capacitaci\u00f3n en contabilidad para administrar un taller o mejorar la calidad de un proyecto elaborado; Reparaci\u00f3n, consistente en la construcci\u00f3n de un local o de una instalaci\u00f3n en un local y Restauraci\u00f3n de elementos. Sin embargo-confirm\u00f3 Margarita V\u00e9lez-el tipo de proyecto que m\u00e1s es presentado por los clubes de adultos mayores, se refiere a la realizaci\u00f3n de viajes al interior del pa\u00eds. Indic\u00f3 que si existe alguna duda en la formulaci\u00f3n del proyecto, se pueden acercar a la oficina de organizaciones comunitarias, para hacer las consultas respectivas.<\/p>\n<p>&nbsp;<\/p>\n","protected":false},"excerpt":{"rendered":"<p>PANQUEHUE.- Hoy viernes vence el plazo para la presentaci\u00f3n de proyectos al Fondo Senama, por parte de los clubes de adultos mayores de la comuna de Panquehue. As\u00ed lo inform\u00f3 la Encargada&#8230;<\/p>\n","protected":false},"author":482,"featured_media":46782,"comment_status":"open","ping_status":"closed","sticky":false,"template":"","format":"standard","meta":{"advanced_seo_description":"","jetpack_seo_html_title":"","jetpack_seo_noindex":false,"_jetpack_memberships_contains_paid_content":false,"footnotes":""},"categories":[1],"tags":[],"class_list":["post-46781","post","type-post","status-publish","format-standard","has-post-thumbnail","hentry","category-cronica"],"jetpack_featured_media_url":"https:\/\/i0.wp.com\/eltrabajo.cl\/portal\/wp-content\/uploads\/2014\/05\/Abuelos11.jpg?fit=528%2C401&ssl=1","jetpack_sharing_enabled":true,"jetpack_likes_enabled":true,"jetpack-related-posts":[],"_links":{"self":[{"href":"https:\/\/eltrabajo.cl\/portal\/wp-json\/wp\/v2\/posts\/46781","targetHints":{"allow":["GET"]}}],"collection":[{"href":"https:\/\/eltrabajo.cl\/portal\/wp-json\/wp\/v2\/posts"}],"about":[{"href":"https:\/\/eltrabajo.cl\/portal\/wp-json\/wp\/v2\/types\/post"}],"author":[{"embeddable":true,"href":"https:\/\/eltrabajo.cl\/portal\/wp-json\/wp\/v2\/users\/482"}],"replies":[{"embeddable":true,"href":"https:\/\/eltrabajo.cl\/portal\/wp-json\/wp\/v2\/comments?post=46781"}],"version-history":[{"count":0,"href":"https:\/\/eltrabajo.cl\/portal\/wp-json\/wp\/v2\/posts\/46781\/revisions"}],"wp:featuredmedia":[{"embeddable":true,"href":"https:\/\/eltrabajo.cl\/portal\/wp-json\/wp\/v2\/media\/46782"}],"wp:attachment":[{"href":"https:\/\/eltrabajo.cl\/portal\/wp-json\/wp\/v2\/media?parent=46781"}],"wp:term":[{"taxonomy":"category","embeddable":true,"href":"https:\/\/eltrabajo.cl\/portal\/wp-json\/wp\/v2\/categories?post=46781"},{"taxonomy":"post_tag","embeddable":true,"href":"https:\/\/eltrabajo.cl\/portal\/wp-json\/wp\/v2\/tags?post=46781"}],"curies":[{"name":"wp","href":"https:\/\/api.w.org\/{rel}","templated":true}]}}