{"id":46786,"date":"2014-05-23T09:19:25","date_gmt":"2014-05-23T13:19:25","guid":{"rendered":"http:\/\/www.eltrabajo.cl\/portal\/?p=46786"},"modified":"2014-05-23T09:19:25","modified_gmt":"2014-05-23T13:19:25","slug":"ganaderos-en-jaque-por-los-perros-que-matan-a-su-ganado-en-jahuel","status":"publish","type":"post","link":"https:\/\/eltrabajo.cl\/portal\/ganaderos-en-jaque-por-los-perros-que-matan-a-su-ganado-en-jahuel\/","title":{"rendered":"Ganaderos en Jaque por los perros que matan a su ganado en Jahuel"},"content":{"rendered":"<figure id=\"attachment_46787\" aria-describedby=\"caption-attachment-46787\" style=\"width: 528px\" class=\"wp-caption alignnone\"><a href=\"https:\/\/i0.wp.com\/www.eltrabajo.cl\/portal\/wp-content\/uploads\/2014\/05\/Vaca2.jpg\"><img data-recalc-dims=\"1\" loading=\"lazy\" decoding=\"async\" class=\"size-full wp-image-46787\" alt=\"Rub\u00e9n Mu\u00f1oz exige que los perros caseros tengan un collar y una identificaci\u00f3n para que los due\u00f1os se hagan responsables de los da\u00f1os causados.\" src=\"https:\/\/i0.wp.com\/www.eltrabajo.cl\/portal\/wp-content\/uploads\/2014\/05\/Vaca2.jpg?resize=528%2C400\" width=\"528\" height=\"400\" srcset=\"https:\/\/i0.wp.com\/eltrabajo.cl\/portal\/wp-content\/uploads\/2014\/05\/Vaca2.jpg?w=528&amp;ssl=1 528w, https:\/\/i0.wp.com\/eltrabajo.cl\/portal\/wp-content\/uploads\/2014\/05\/Vaca2.jpg?resize=198%2C150&amp;ssl=1 198w, https:\/\/i0.wp.com\/eltrabajo.cl\/portal\/wp-content\/uploads\/2014\/05\/Vaca2.jpg?resize=300%2C227&amp;ssl=1 300w, https:\/\/i0.wp.com\/eltrabajo.cl\/portal\/wp-content\/uploads\/2014\/05\/Vaca2.jpg?resize=150%2C113&amp;ssl=1 150w, https:\/\/i0.wp.com\/eltrabajo.cl\/portal\/wp-content\/uploads\/2014\/05\/Vaca2.jpg?resize=400%2C303&amp;ssl=1 400w\" sizes=\"auto, (max-width: 528px) 100vw, 528px\" \/><\/a><figcaption id=\"caption-attachment-46787\" class=\"wp-caption-text\">Rub\u00e9n Mu\u00f1oz exige que los perros caseros tengan un collar y una identificaci\u00f3n para que los due\u00f1os se hagan responsables de los da\u00f1os causados.<\/figcaption><\/figure>\n<p><strong>SANTA MAR\u00cdA<\/strong>.- Un verdadero dolor de cabeza est\u00e1n viviendo ganaderos de Jahuel con el flagelo de perros que est\u00e1n cebados con el ganado, atacando incluso vacas adultas. Rub\u00e9n Mu\u00f1oz, Presidente de la Comunidad de Campo Jahuel y ganadero, perdi\u00f3 otra res, misma que fue atacada por perros en el sector Pozo del Obrero en Lo Gald\u00e1mez. El mismo ganadero hab\u00eda perdido una vaca parida y su becerro y otros cinco animales adultos en la primavera pasada cuando tambi\u00e9n fueron atacados por perros. Esta vez fue una vaca adulta que se desangr\u00f3 tras las graves mordeduras recibidas en todo su cuerpo, evidenciando un ataque despiadado y feroz por los canes que habr\u00eda ocurrido en horas de la tarde de ayer, ya que al encontrarla el cuerpo del animal a\u00fan se encontraba tibio pero evidentemente sin signos vitales. Seg\u00fan Rub\u00e9n Mu\u00f1oz, no se trata de perros asilvestrados o salvajes como se podr\u00eda suponer sino que de perros de casas del sector que se han cebado y ahora atacan al ganado persigui\u00e9ndolos por los cerros. La situaci\u00f3n ha llegado a niveles inaguantables por los ganaderos ya que el reba\u00f1o vacuno se ha visto disminuido justamente por la dura sequ\u00eda que pasa el sector, y por la muerte de becerros por el ataque de perros en varios sectores de Jahuel.<\/p>\n<figure id=\"attachment_46788\" aria-describedby=\"caption-attachment-46788\" style=\"width: 370px\" class=\"wp-caption alignright\"><a href=\"https:\/\/i0.wp.com\/www.eltrabajo.cl\/portal\/wp-content\/uploads\/2014\/05\/Vaca1.jpg\"><img data-recalc-dims=\"1\" loading=\"lazy\" decoding=\"async\" class=\" wp-image-46788 \" alt=\"Un verdadero dolor de cabeza est\u00e1n viviendo los ganaderos de Jahuel con el flagelo de perros que est\u00e1n cebados con el ganado, atacando incluso vacas adultas.\" src=\"https:\/\/i0.wp.com\/www.eltrabajo.cl\/portal\/wp-content\/uploads\/2014\/05\/Vaca1.jpg?resize=370%2C280\" width=\"370\" height=\"280\" srcset=\"https:\/\/i0.wp.com\/eltrabajo.cl\/portal\/wp-content\/uploads\/2014\/05\/Vaca1.jpg?w=528&amp;ssl=1 528w, https:\/\/i0.wp.com\/eltrabajo.cl\/portal\/wp-content\/uploads\/2014\/05\/Vaca1.jpg?resize=198%2C150&amp;ssl=1 198w, https:\/\/i0.wp.com\/eltrabajo.cl\/portal\/wp-content\/uploads\/2014\/05\/Vaca1.jpg?resize=300%2C227&amp;ssl=1 300w, https:\/\/i0.wp.com\/eltrabajo.cl\/portal\/wp-content\/uploads\/2014\/05\/Vaca1.jpg?resize=150%2C113&amp;ssl=1 150w, https:\/\/i0.wp.com\/eltrabajo.cl\/portal\/wp-content\/uploads\/2014\/05\/Vaca1.jpg?resize=400%2C303&amp;ssl=1 400w\" sizes=\"auto, (max-width: 370px) 100vw, 370px\" \/><\/a><figcaption id=\"caption-attachment-46788\" class=\"wp-caption-text\">Un verdadero dolor de cabeza est\u00e1n viviendo los ganaderos de Jahuel con el flagelo de perros que est\u00e1n cebados con el ganado, atacando incluso vacas adultas.<\/figcaption><\/figure>\n<p>Rub\u00e9n Mu\u00f1oz exige que los perros caseros tengan un collar y una identificaci\u00f3n para que los due\u00f1os se hagan responsables de los da\u00f1os causados, \u201cno se trata de salir escopeta en mano, aunque dan ganas pero al menos si se pilla un perro de esos o se le saca una foto se puede dirigir al due\u00f1o y exigirle reparaciones\u201d.<\/p>\n<p>Roberto Mercado Aced.<\/p>\n<p>&nbsp;<\/p>\n","protected":false},"excerpt":{"rendered":"<p>SANTA MAR\u00cdA.- Un verdadero dolor de cabeza est\u00e1n viviendo ganaderos de Jahuel con el flagelo de perros que est\u00e1n cebados con el ganado, atacando incluso vacas adultas. Rub\u00e9n Mu\u00f1oz, Presidente de la&#8230;<\/p>\n","protected":false},"author":482,"featured_media":46787,"comment_status":"open","ping_status":"closed","sticky":false,"template":"","format":"standard","meta":{"advanced_seo_description":"","jetpack_seo_html_title":"","jetpack_seo_noindex":false,"_jetpack_memberships_contains_paid_content":false,"footnotes":""},"categories":[15],"tags":[],"class_list":["post-46786","post","type-post","status-publish","format-standard","has-post-thumbnail","hentry","category-comunidad"],"jetpack_featured_media_url":"https:\/\/i0.wp.com\/eltrabajo.cl\/portal\/wp-content\/uploads\/2014\/05\/Vaca2.jpg?fit=528%2C400&ssl=1","jetpack_sharing_enabled":true,"jetpack_likes_enabled":true,"jetpack-related-posts":[],"_links":{"self":[{"href":"https:\/\/eltrabajo.cl\/portal\/wp-json\/wp\/v2\/posts\/46786","targetHints":{"allow":["GET"]}}],"collection":[{"href":"https:\/\/eltrabajo.cl\/portal\/wp-json\/wp\/v2\/posts"}],"about":[{"href":"https:\/\/eltrabajo.cl\/portal\/wp-json\/wp\/v2\/types\/post"}],"author":[{"embeddable":true,"href":"https:\/\/eltrabajo.cl\/portal\/wp-json\/wp\/v2\/users\/482"}],"replies":[{"embeddable":true,"href":"https:\/\/eltrabajo.cl\/portal\/wp-json\/wp\/v2\/comments?post=46786"}],"version-history":[{"count":0,"href":"https:\/\/eltrabajo.cl\/portal\/wp-json\/wp\/v2\/posts\/46786\/revisions"}],"wp:featuredmedia":[{"embeddable":true,"href":"https:\/\/eltrabajo.cl\/portal\/wp-json\/wp\/v2\/media\/46787"}],"wp:attachment":[{"href":"https:\/\/eltrabajo.cl\/portal\/wp-json\/wp\/v2\/media?parent=46786"}],"wp:term":[{"taxonomy":"category","embeddable":true,"href":"https:\/\/eltrabajo.cl\/portal\/wp-json\/wp\/v2\/categories?post=46786"},{"taxonomy":"post_tag","embeddable":true,"href":"https:\/\/eltrabajo.cl\/portal\/wp-json\/wp\/v2\/tags?post=46786"}],"curies":[{"name":"wp","href":"https:\/\/api.w.org\/{rel}","templated":true}]}}