{"id":46791,"date":"2014-05-23T09:20:27","date_gmt":"2014-05-23T13:20:27","guid":{"rendered":"http:\/\/www.eltrabajo.cl\/portal\/?p=46791"},"modified":"2014-05-23T09:20:27","modified_gmt":"2014-05-23T13:20:27","slug":"bachelet-anuncia-ciclo-vias-de-alto-estandar-para-san-felipe","status":"publish","type":"post","link":"https:\/\/eltrabajo.cl\/portal\/bachelet-anuncia-ciclo-vias-de-alto-estandar-para-san-felipe\/","title":{"rendered":"Bachelet anuncia ciclo-v\u00edas de alto est\u00e1ndar para San Felipe"},"content":{"rendered":"<figure id=\"attachment_46792\" aria-describedby=\"caption-attachment-46792\" style=\"width: 529px\" class=\"wp-caption alignnone\"><a href=\"https:\/\/i0.wp.com\/www.eltrabajo.cl\/portal\/wp-content\/uploads\/2014\/05\/Ciclo1.jpg\"><img data-recalc-dims=\"1\" loading=\"lazy\" decoding=\"async\" class=\"size-full wp-image-46792\" alt=\"El Mejoramiento de la Gesti\u00f3n de tr\u00e1nsito de San Felipe es financiado por la Sectra.\" src=\"https:\/\/i0.wp.com\/www.eltrabajo.cl\/portal\/wp-content\/uploads\/2014\/05\/Ciclo1.jpg?resize=529%2C335\" width=\"529\" height=\"335\" srcset=\"https:\/\/i0.wp.com\/eltrabajo.cl\/portal\/wp-content\/uploads\/2014\/05\/Ciclo1.jpg?w=529&amp;ssl=1 529w, https:\/\/i0.wp.com\/eltrabajo.cl\/portal\/wp-content\/uploads\/2014\/05\/Ciclo1.jpg?resize=200%2C126&amp;ssl=1 200w, https:\/\/i0.wp.com\/eltrabajo.cl\/portal\/wp-content\/uploads\/2014\/05\/Ciclo1.jpg?resize=300%2C189&amp;ssl=1 300w, https:\/\/i0.wp.com\/eltrabajo.cl\/portal\/wp-content\/uploads\/2014\/05\/Ciclo1.jpg?resize=150%2C94&amp;ssl=1 150w, https:\/\/i0.wp.com\/eltrabajo.cl\/portal\/wp-content\/uploads\/2014\/05\/Ciclo1.jpg?resize=400%2C253&amp;ssl=1 400w\" sizes=\"auto, (max-width: 529px) 100vw, 529px\" \/><\/a><figcaption id=\"caption-attachment-46792\" class=\"wp-caption-text\">El Mejoramiento de la Gesti\u00f3n de tr\u00e1nsito de San Felipe es financiado por la Sectra.<\/figcaption><\/figure>\n<p>Recientemente la Presidente Michelle Bachelet realiz\u00f3 un importante anuncio en materia de espacio p\u00fablico. Se trata de un plan para la construcci\u00f3n de 190 kil\u00f3metros de ciclo-v\u00edas de alto est\u00e1ndar en todo el pa\u00eds. Este plan prioriz\u00f3 los ejes que tienen mejor est\u00e1ndar en t\u00e9rminos de ancho, continuidad de tramos y separaci\u00f3n efectiva de peatones y ciclistas, conforme a las definiciones de alto est\u00e1ndar para ciclo-v\u00edas que se han trabajado en mesas t\u00e9cnicas sectoriales.<\/p>\n<p>En lo que respecta a la Regi\u00f3n de Valpara\u00edso, existe un total de 18,3 kil\u00f3metros de nuevas ciclo-v\u00edas que ser\u00e1n priorizados. Estos kil\u00f3metros estar\u00e1n focalizados en dos proyectos de mejoramiento de vialidad.<\/p>\n<p>Uno de ellos se encuentra en la ciudad de San Felipe e involucra 9,4 kil\u00f3metros. Se trata del Mejoramiento de la Gesti\u00f3n de tr\u00e1nsito de San Felipe, financiado por la Sectra. La iniciativa considerar\u00eda la habilitaci\u00f3n de ciclo-v\u00edas para un circuito que comprende las calles Salinas, Chacabuco, Benigno Caldera, Arturo Prat, Merced, Tocornal, Enc\u00f3n.<\/p>\n<p>Este plan prioriz\u00f3 los ejes que tienen mejor est\u00e1ndar en t\u00e9rminos de ancho, continuidad de tramos y separaci\u00f3n efectiva de peatones y ciclistas, conforme a las definiciones de alto est\u00e1ndar para ciclo-v\u00edas que se han trabajado en mesas t\u00e9cnicas sectoriales.<\/p>\n<p>&nbsp;<\/p>\n","protected":false},"excerpt":{"rendered":"<p>Recientemente la Presidente Michelle Bachelet realiz\u00f3 un importante anuncio en materia de espacio p\u00fablico. Se trata de un plan para la construcci\u00f3n de 190 kil\u00f3metros de ciclo-v\u00edas de alto est\u00e1ndar en todo&#8230;<\/p>\n","protected":false},"author":482,"featured_media":46792,"comment_status":"open","ping_status":"closed","sticky":false,"template":"","format":"standard","meta":{"advanced_seo_description":"","jetpack_seo_html_title":"","jetpack_seo_noindex":false,"_jetpack_memberships_contains_paid_content":false,"footnotes":""},"categories":[1],"tags":[],"class_list":["post-46791","post","type-post","status-publish","format-standard","has-post-thumbnail","hentry","category-cronica"],"jetpack_featured_media_url":"https:\/\/i0.wp.com\/eltrabajo.cl\/portal\/wp-content\/uploads\/2014\/05\/Ciclo1.jpg?fit=529%2C335&ssl=1","jetpack_sharing_enabled":true,"jetpack_likes_enabled":true,"jetpack-related-posts":[],"_links":{"self":[{"href":"https:\/\/eltrabajo.cl\/portal\/wp-json\/wp\/v2\/posts\/46791","targetHints":{"allow":["GET"]}}],"collection":[{"href":"https:\/\/eltrabajo.cl\/portal\/wp-json\/wp\/v2\/posts"}],"about":[{"href":"https:\/\/eltrabajo.cl\/portal\/wp-json\/wp\/v2\/types\/post"}],"author":[{"embeddable":true,"href":"https:\/\/eltrabajo.cl\/portal\/wp-json\/wp\/v2\/users\/482"}],"replies":[{"embeddable":true,"href":"https:\/\/eltrabajo.cl\/portal\/wp-json\/wp\/v2\/comments?post=46791"}],"version-history":[{"count":0,"href":"https:\/\/eltrabajo.cl\/portal\/wp-json\/wp\/v2\/posts\/46791\/revisions"}],"wp:featuredmedia":[{"embeddable":true,"href":"https:\/\/eltrabajo.cl\/portal\/wp-json\/wp\/v2\/media\/46792"}],"wp:attachment":[{"href":"https:\/\/eltrabajo.cl\/portal\/wp-json\/wp\/v2\/media?parent=46791"}],"wp:term":[{"taxonomy":"category","embeddable":true,"href":"https:\/\/eltrabajo.cl\/portal\/wp-json\/wp\/v2\/categories?post=46791"},{"taxonomy":"post_tag","embeddable":true,"href":"https:\/\/eltrabajo.cl\/portal\/wp-json\/wp\/v2\/tags?post=46791"}],"curies":[{"name":"wp","href":"https:\/\/api.w.org\/{rel}","templated":true}]}}