{"id":46794,"date":"2014-05-23T09:23:00","date_gmt":"2014-05-23T13:23:00","guid":{"rendered":"http:\/\/www.eltrabajo.cl\/portal\/?p=46794"},"modified":"2014-05-23T09:23:00","modified_gmt":"2014-05-23T13:23:00","slug":"hoy-pagan-bono-sae-a-profesores-andinos","status":"publish","type":"post","link":"https:\/\/eltrabajo.cl\/portal\/hoy-pagan-bono-sae-a-profesores-andinos\/","title":{"rendered":"Hoy pagan Bono SAE a profesores andinos"},"content":{"rendered":"<figure id=\"attachment_46795\" aria-describedby=\"caption-attachment-46795\" style=\"width: 529px\" class=\"wp-caption alignnone\"><a href=\"https:\/\/i0.wp.com\/www.eltrabajo.cl\/portal\/wp-content\/uploads\/2014\/05\/Profesores1.jpg\"><img data-recalc-dims=\"1\" loading=\"lazy\" decoding=\"async\" class=\"size-full wp-image-46795\" alt=\"HOY COBRAN.- Los profesores enviaron un mensaje al alcalde para que \u2018honre su palabra y se pague esta cuota el d\u00eda viernes.\" src=\"https:\/\/i0.wp.com\/www.eltrabajo.cl\/portal\/wp-content\/uploads\/2014\/05\/Profesores1.jpg?resize=529%2C359\" width=\"529\" height=\"359\" srcset=\"https:\/\/i0.wp.com\/eltrabajo.cl\/portal\/wp-content\/uploads\/2014\/05\/Profesores1.jpg?w=529&amp;ssl=1 529w, https:\/\/i0.wp.com\/eltrabajo.cl\/portal\/wp-content\/uploads\/2014\/05\/Profesores1.jpg?resize=200%2C135&amp;ssl=1 200w, https:\/\/i0.wp.com\/eltrabajo.cl\/portal\/wp-content\/uploads\/2014\/05\/Profesores1.jpg?resize=300%2C203&amp;ssl=1 300w, https:\/\/i0.wp.com\/eltrabajo.cl\/portal\/wp-content\/uploads\/2014\/05\/Profesores1.jpg?resize=150%2C101&amp;ssl=1 150w, https:\/\/i0.wp.com\/eltrabajo.cl\/portal\/wp-content\/uploads\/2014\/05\/Profesores1.jpg?resize=400%2C271&amp;ssl=1 400w\" sizes=\"auto, (max-width: 529px) 100vw, 529px\" \/><\/a><figcaption id=\"caption-attachment-46795\" class=\"wp-caption-text\">HOY COBRAN.- Los profesores enviaron un mensaje al alcalde para que \u2018honre su palabra y se pague esta cuota el d\u00eda viernes.<\/figcaption><\/figure>\n<p><strong>LOS ANDES.<\/strong>&#8211; El Presidente Provincial del Colegio de Profesores, Alexis Cuevas, dijo que espera que el municipio andino cumpla su palabra y pague este 23 de mayo una de las cuotas del Bono SAE. Cuevas record\u00f3 que este bono es un derecho ganado por los trabajadores y que incluso existe un fallo judicial a su favor y por ello pidi\u00f3 que los concejales supervisen en el actuar del municipio para que el pago se cumpla, tal como lo comprometi\u00f3 el alcalde Navarro.<\/p>\n<p>El directivo llamo a los profesores a estar alertas y pidi\u00f3 al Alcalde Navarro para que honre su palabra. Advirti\u00f3 que si este viernes no ocurre el pago, convocar\u00e1n a una asamblea general para analizar las medidas a adoptar si no se cumple la palabra, \u201cpero creemos en la palabra empe\u00f1ada\u201d. Agreg\u00f3 que no descartan llevar adelante movilizaciones si su situaci\u00f3n no se regulariza, sobre todo si este bono se les adeuda desde hace cinco a\u00f1os. Alexis Cuevas envi\u00f3 un mensaje al alcalde para que \u2018honre su palabra y se pague esta cuota el d\u00eda viernes.<\/p>\n<p><strong>HOY PAGAN BONO<\/strong><\/p>\n<p>Por su parte el Jefe del Departamento Jur\u00eddico de la Municipalidad de Los Andes, el Abogado Juan Pablo Pozo, confirm\u00f3 que este viernes 23 de mayo har\u00e1 efectivo el pago de la cuota correspondiente al Bono SAE de los profesores de la comuna. Por ello, Pozo llam\u00f3 a la tranquilidad a los profesores, \u201cpues durante el transcurso de la semana se han hecho las gestiones necesarias y ya se proveyeron los fondos al departamento de educaci\u00f3n para que el d\u00eda de ma\u00f1ana se puedan pagar y entregar los cheques de esta forma cumplir el compromiso del se\u00f1or alcalde\u201d.<\/p>\n<p>El abogado reconoci\u00f3 que los municipios tienen una disponibilidad de recursos bastante limitada, \u201clo que nos impidi\u00f3 anteriormente poder haber hecho estos cumplimientos de manera regular\u201d.<\/p>\n<p>Agreg\u00f3 que cuando no han podido cumplir con los profesores se les ha informado debidamente cu\u00e1les han sido los motivos y valor\u00f3 la existencia de este canal de comunicaci\u00f3n permanente con el Colegio de Profesores, a fin de generar nuevos compromisos. Pozo remarc\u00f3 que entre este a\u00f1o y el 2015 dejar\u00e1n completamente pagada la deuda con todos los profesores del \u00e1rea municipalizada de Los Andes, adelantando que en el mes de agosto llevar\u00e1n adelante un nuevo pago, \u201cy durante el 2015 se salda totalmente la obligaci\u00f3n y por eso quiero llamar a la tranquilidad de los profesores\u201d.<\/p>\n<div class=\"tiled-gallery type-rectangular tiled-gallery-unresized\" data-original-width=\"640\" data-carousel-extra='null' itemscope itemtype=\"http:\/\/schema.org\/ImageGallery\" > <div class=\"gallery-row\" style=\"width: 640px; height: 242px;\" data-original-width=\"640\" data-original-height=\"242\" > <div class=\"gallery-group images-1\" style=\"width: 356px; height: 242px;\" data-original-width=\"356\" data-original-height=\"242\" > <div class=\"tiled-gallery-item tiled-gallery-item-large\" itemprop=\"associatedMedia\" itemscope itemtype=\"http:\/\/schema.org\/ImageObject\"> <a href=\"https:\/\/eltrabajo.cl\/portal\/hoy-pagan-bono-sae-a-profesores-andinos\/alexis-cuevas\/\" border=\"0\" itemprop=\"url\"> <meta itemprop=\"width\" content=\"352\"> <meta itemprop=\"height\" content=\"238\"> <img decoding=\"async\" class=\"\" data-attachment-id=\"46796\" data-orig-file=\"https:\/\/eltrabajo.cl\/portal\/wp-content\/uploads\/2014\/05\/Alexis-Cuevas.jpg\" data-orig-size=\"528,358\" data-comments-opened=\"1\" data-image-meta=\"{&quot;aperture&quot;:&quot;0&quot;,&quot;credit&quot;:&quot;&quot;,&quot;camera&quot;:&quot;&quot;,&quot;caption&quot;:&quot;&quot;,&quot;created_timestamp&quot;:&quot;0&quot;,&quot;copyright&quot;:&quot;&quot;,&quot;focal_length&quot;:&quot;0&quot;,&quot;iso&quot;:&quot;0&quot;,&quot;shutter_speed&quot;:&quot;0&quot;,&quot;title&quot;:&quot;&quot;}\" data-image-title=\"Alexis Cuevas\" data-image-description=\"&lt;p&gt;Presidente Provincial del Colegio de Profesores, Alexis Cuevas.&lt;\/p&gt; \" data-medium-file=\"https:\/\/i0.wp.com\/eltrabajo.cl\/portal\/wp-content\/uploads\/2014\/05\/Alexis-Cuevas.jpg?fit=300%2C203&#038;ssl=1\" data-large-file=\"https:\/\/i0.wp.com\/eltrabajo.cl\/portal\/wp-content\/uploads\/2014\/05\/Alexis-Cuevas.jpg?fit=528%2C358&#038;ssl=1\" src=\"https:\/\/i0.wp.com\/eltrabajo.cl\/portal\/wp-content\/uploads\/2014\/05\/Alexis-Cuevas.jpg?w=352&#038;h=238&#038;ssl=1\" srcset=\"https:\/\/i0.wp.com\/eltrabajo.cl\/portal\/wp-content\/uploads\/2014\/05\/Alexis-Cuevas.jpg?w=528&amp;ssl=1 528w, https:\/\/i0.wp.com\/eltrabajo.cl\/portal\/wp-content\/uploads\/2014\/05\/Alexis-Cuevas.jpg?resize=200%2C135&amp;ssl=1 200w, https:\/\/i0.wp.com\/eltrabajo.cl\/portal\/wp-content\/uploads\/2014\/05\/Alexis-Cuevas.jpg?resize=300%2C203&amp;ssl=1 300w, https:\/\/i0.wp.com\/eltrabajo.cl\/portal\/wp-content\/uploads\/2014\/05\/Alexis-Cuevas.jpg?resize=150%2C101&amp;ssl=1 150w, https:\/\/i0.wp.com\/eltrabajo.cl\/portal\/wp-content\/uploads\/2014\/05\/Alexis-Cuevas.jpg?resize=400%2C271&amp;ssl=1 400w\" width=\"352\" height=\"238\" loading=\"lazy\" data-original-width=\"352\" data-original-height=\"238\" itemprop=\"http:\/\/schema.org\/image\" title=\"Alexis Cuevas\" alt=\"Presidente Provincial del Colegio de Profesores, Alexis Cuevas.\" style=\"width: 352px; height: 238px;\" \/> <\/a> <div class=\"tiled-gallery-caption\" itemprop=\"caption description\"> Presidente Provincial del Colegio de Profesores, Alexis Cuevas. <\/div> <\/div> <\/div> <!-- close group --> <div class=\"gallery-group images-1\" style=\"width: 284px; height: 242px;\" data-original-width=\"284\" data-original-height=\"242\" > <div class=\"tiled-gallery-item tiled-gallery-item-large\" itemprop=\"associatedMedia\" itemscope itemtype=\"http:\/\/schema.org\/ImageObject\"> <a href=\"https:\/\/eltrabajo.cl\/portal\/hoy-pagan-bono-sae-a-profesores-andinos\/samsung-csc-107\/\" border=\"0\" itemprop=\"url\"> <meta itemprop=\"width\" content=\"280\"> <meta itemprop=\"height\" content=\"238\"> <img decoding=\"async\" class=\"\" data-attachment-id=\"46797\" data-orig-file=\"https:\/\/eltrabajo.cl\/portal\/wp-content\/uploads\/2014\/05\/Juan-Pablo-Pozo.jpg\" data-orig-size=\"529,450\" data-comments-opened=\"1\" data-image-meta=\"{&quot;aperture&quot;:&quot;3.5&quot;,&quot;credit&quot;:&quot;&quot;,&quot;camera&quot;:&quot;NX210&quot;,&quot;caption&quot;:&quot;&quot;,&quot;created_timestamp&quot;:&quot;1362569551&quot;,&quot;copyright&quot;:&quot;&quot;,&quot;focal_length&quot;:&quot;18&quot;,&quot;iso&quot;:&quot;400&quot;,&quot;shutter_speed&quot;:&quot;0.016666666666667&quot;,&quot;title&quot;:&quot;SAMSUNG CSC&quot;}\" data-image-title=\"SAMSUNG CSC\" data-image-description=\"&lt;p&gt;Jefe del Departamento Jur\u00eddico de la Municipalidad de Los Andes, el Abogado Juan Pablo Pozo.&lt;\/p&gt; \" data-medium-file=\"https:\/\/i0.wp.com\/eltrabajo.cl\/portal\/wp-content\/uploads\/2014\/05\/Juan-Pablo-Pozo.jpg?fit=300%2C255&#038;ssl=1\" data-large-file=\"https:\/\/i0.wp.com\/eltrabajo.cl\/portal\/wp-content\/uploads\/2014\/05\/Juan-Pablo-Pozo.jpg?fit=529%2C450&#038;ssl=1\" src=\"https:\/\/i0.wp.com\/eltrabajo.cl\/portal\/wp-content\/uploads\/2014\/05\/Juan-Pablo-Pozo.jpg?w=280&#038;h=238&#038;ssl=1\" srcset=\"https:\/\/i0.wp.com\/eltrabajo.cl\/portal\/wp-content\/uploads\/2014\/05\/Juan-Pablo-Pozo.jpg?w=529&amp;ssl=1 529w, https:\/\/i0.wp.com\/eltrabajo.cl\/portal\/wp-content\/uploads\/2014\/05\/Juan-Pablo-Pozo.jpg?resize=176%2C150&amp;ssl=1 176w, https:\/\/i0.wp.com\/eltrabajo.cl\/portal\/wp-content\/uploads\/2014\/05\/Juan-Pablo-Pozo.jpg?resize=300%2C255&amp;ssl=1 300w, https:\/\/i0.wp.com\/eltrabajo.cl\/portal\/wp-content\/uploads\/2014\/05\/Juan-Pablo-Pozo.jpg?resize=150%2C127&amp;ssl=1 150w, https:\/\/i0.wp.com\/eltrabajo.cl\/portal\/wp-content\/uploads\/2014\/05\/Juan-Pablo-Pozo.jpg?resize=400%2C340&amp;ssl=1 400w\" width=\"280\" height=\"238\" loading=\"lazy\" data-original-width=\"280\" data-original-height=\"238\" itemprop=\"http:\/\/schema.org\/image\" title=\"SAMSUNG CSC\" alt=\"Jefe del Departamento Jur\u00eddico de la Municipalidad de Los Andes, el Abogado Juan Pablo Pozo.\" style=\"width: 280px; height: 238px;\" \/> <\/a> <div class=\"tiled-gallery-caption\" itemprop=\"caption description\"> Jefe del Departamento Jur\u00eddico de la Municipalidad de Los Andes, el Abogado Juan Pablo Pozo. <\/div> <\/div> <\/div> <!-- close group --> <\/div> <!-- close row --> <\/div>\n","protected":false},"excerpt":{"rendered":"<p>LOS ANDES.&#8211; El Presidente Provincial del Colegio de Profesores, Alexis Cuevas, dijo que espera que el municipio andino cumpla su palabra y pague este 23 de mayo una de las cuotas del&#8230;<\/p>\n","protected":false},"author":482,"featured_media":46795,"comment_status":"open","ping_status":"closed","sticky":false,"template":"","format":"standard","meta":{"advanced_seo_description":"","jetpack_seo_html_title":"","jetpack_seo_noindex":false,"_jetpack_memberships_contains_paid_content":false,"footnotes":""},"categories":[1],"tags":[],"class_list":["post-46794","post","type-post","status-publish","format-standard","has-post-thumbnail","hentry","category-cronica"],"jetpack_featured_media_url":"https:\/\/i0.wp.com\/eltrabajo.cl\/portal\/wp-content\/uploads\/2014\/05\/Profesores1.jpg?fit=529%2C359&ssl=1","jetpack_sharing_enabled":true,"jetpack_likes_enabled":true,"jetpack-related-posts":[],"_links":{"self":[{"href":"https:\/\/eltrabajo.cl\/portal\/wp-json\/wp\/v2\/posts\/46794","targetHints":{"allow":["GET"]}}],"collection":[{"href":"https:\/\/eltrabajo.cl\/portal\/wp-json\/wp\/v2\/posts"}],"about":[{"href":"https:\/\/eltrabajo.cl\/portal\/wp-json\/wp\/v2\/types\/post"}],"author":[{"embeddable":true,"href":"https:\/\/eltrabajo.cl\/portal\/wp-json\/wp\/v2\/users\/482"}],"replies":[{"embeddable":true,"href":"https:\/\/eltrabajo.cl\/portal\/wp-json\/wp\/v2\/comments?post=46794"}],"version-history":[{"count":0,"href":"https:\/\/eltrabajo.cl\/portal\/wp-json\/wp\/v2\/posts\/46794\/revisions"}],"wp:featuredmedia":[{"embeddable":true,"href":"https:\/\/eltrabajo.cl\/portal\/wp-json\/wp\/v2\/media\/46795"}],"wp:attachment":[{"href":"https:\/\/eltrabajo.cl\/portal\/wp-json\/wp\/v2\/media?parent=46794"}],"wp:term":[{"taxonomy":"category","embeddable":true,"href":"https:\/\/eltrabajo.cl\/portal\/wp-json\/wp\/v2\/categories?post=46794"},{"taxonomy":"post_tag","embeddable":true,"href":"https:\/\/eltrabajo.cl\/portal\/wp-json\/wp\/v2\/tags?post=46794"}],"curies":[{"name":"wp","href":"https:\/\/api.w.org\/{rel}","templated":true}]}}