{"id":46800,"date":"2014-05-23T09:24:35","date_gmt":"2014-05-23T13:24:35","guid":{"rendered":"http:\/\/www.eltrabajo.cl\/portal\/?p=46800"},"modified":"2014-05-23T09:24:35","modified_gmt":"2014-05-23T13:24:35","slug":"lanzan-programa-capaz-de-sence-en-liceo-roberto-humeres","status":"publish","type":"post","link":"https:\/\/eltrabajo.cl\/portal\/lanzan-programa-capaz-de-sence-en-liceo-roberto-humeres\/","title":{"rendered":"Lanzan Programa +Capaz de Sence en Liceo Roberto Humeres"},"content":{"rendered":"<figure id=\"attachment_46801\" aria-describedby=\"caption-attachment-46801\" style=\"width: 528px\" class=\"wp-caption alignnone\"><a href=\"https:\/\/i0.wp.com\/www.eltrabajo.cl\/portal\/wp-content\/uploads\/2014\/05\/autoridades1.jpg\"><img data-recalc-dims=\"1\" loading=\"lazy\" decoding=\"async\" class=\"size-full wp-image-46801\" alt=\"Dir. Liceo Roberto Humeres Romina Fumey; Alcalde Patricio Freire, Dir. Nacional de Sence Julio Salas; Dir. Reg. Esteban Vega y Gobernador Eduardo Le\u00f3n.\" src=\"https:\/\/i0.wp.com\/www.eltrabajo.cl\/portal\/wp-content\/uploads\/2014\/05\/autoridades1.jpg?resize=528%2C360\" width=\"528\" height=\"360\" srcset=\"https:\/\/i0.wp.com\/eltrabajo.cl\/portal\/wp-content\/uploads\/2014\/05\/autoridades1.jpg?w=528&amp;ssl=1 528w, https:\/\/i0.wp.com\/eltrabajo.cl\/portal\/wp-content\/uploads\/2014\/05\/autoridades1.jpg?resize=200%2C136&amp;ssl=1 200w, https:\/\/i0.wp.com\/eltrabajo.cl\/portal\/wp-content\/uploads\/2014\/05\/autoridades1.jpg?resize=300%2C204&amp;ssl=1 300w, https:\/\/i0.wp.com\/eltrabajo.cl\/portal\/wp-content\/uploads\/2014\/05\/autoridades1.jpg?resize=150%2C102&amp;ssl=1 150w, https:\/\/i0.wp.com\/eltrabajo.cl\/portal\/wp-content\/uploads\/2014\/05\/autoridades1.jpg?resize=400%2C272&amp;ssl=1 400w\" sizes=\"auto, (max-width: 528px) 100vw, 528px\" \/><\/a><figcaption id=\"caption-attachment-46801\" class=\"wp-caption-text\">Dir. Liceo Roberto Humeres Romina Fumey; Alcalde Patricio Freire, Dir. Nacional de Sence Julio Salas; Dir. Reg. Esteban Vega y Gobernador Eduardo Le\u00f3n.<\/figcaption><\/figure>\n<p>En el Liceo Roberto Humeres de San Felipe, se realiz\u00f3 este martes el lanzamiento del \u2018Programa +Capaz\u2019 de Sence, actividad que cont\u00f3 con la presencia del Alcalde Patricio Freire; del director nacional del organismo Julio Salas; del director regional, Esteban Vega y del Gobernador Eduardo Le\u00f3n.<\/p>\n<p>\u2018+Capaz\u2019 es un nuevo programa de formaci\u00f3n en oficios, dirigido a 300.000 mujeres y 150.000 j\u00f3venes a nivel nacional, con \u00e9nfasis en aquellos que tienen capacidades diferentes y necesidades educativas especiales.<\/p>\n<p>\u201cEs una cobertura muy significativa de formaci\u00f3n, una formaci\u00f3n en oficio que permita despu\u00e9s de un semestre formativo a estas personas lograr una inserci\u00f3n efectiva en el mercado de trabajo. Hoy d\u00eda se ha desarrollado suficiente inteligencia de mercado en los diferentes sectores como para saber cu\u00e1les son aquellas tareas y oficios que efectivamente est\u00e1n siendo demandados por el mercado de trabajo y lo que queremos es potenciar la formaci\u00f3n en esos oficios para que finalmente tengamos m\u00e1s mujeres y m\u00e1s j\u00f3venes insertos en trabajos decentes y condiciones laborales satisfactorias\u201d, dijo el Director Nacional, Julio Salas.<\/p>\n<p>El Alcalde Patricio Freire destac\u00f3 el lanzamiento realizado en San Felipe, se\u00f1alando que esta comuna es una de las trece comunas que se vieron beneficias con este programa a nivel nacional.<\/p>\n<p>\u201cLa comuna de San Felipe ha sido beneficiada con esta iniciativa y creo que eso es una gran ayuda a la comunidad sanfelipe\u00f1a, para las mujeres ya que les permite capacitarse y enfrentar de mejor forma el mundo laboral, ya que recibir\u00e1n conocimientos en distintas \u00e1reas. Esto nos tiene muy contentos, porque San Felipe est\u00e1 dentro de las comunas elegidas para desarrollar distintos proyectos que pretende implementar la Presidenta Bachelet\u201d, sostuvo el jefe comunal.<\/p>\n<p>El programa est\u00e1 enfocado en los tres primeros quintiles de la poblaci\u00f3n y se ejecutar\u00e1 a partir de este a\u00f1o a modo de piloto, comenzando el segundo semestre del 2014. Cuenta adem\u00e1s con beneficios asociados, como un bono de locomoci\u00f3n, un sistema de cuidado de menores para que las mujeres no tengan dificultad para realizar esta capacitaci\u00f3n y la pr\u00e1ctica laboral.<\/p>\n<p>&nbsp;<\/p>\n","protected":false},"excerpt":{"rendered":"<p>En el Liceo Roberto Humeres de San Felipe, se realiz\u00f3 este martes el lanzamiento del \u2018Programa +Capaz\u2019 de Sence, actividad que cont\u00f3 con la presencia del Alcalde Patricio Freire; del director nacional&#8230;<\/p>\n","protected":false},"author":482,"featured_media":46801,"comment_status":"open","ping_status":"closed","sticky":false,"template":"","format":"standard","meta":{"advanced_seo_description":"","jetpack_seo_html_title":"","jetpack_seo_noindex":false,"_jetpack_memberships_contains_paid_content":false,"footnotes":""},"categories":[1],"tags":[],"class_list":["post-46800","post","type-post","status-publish","format-standard","has-post-thumbnail","hentry","category-cronica"],"jetpack_featured_media_url":"https:\/\/i0.wp.com\/eltrabajo.cl\/portal\/wp-content\/uploads\/2014\/05\/autoridades1.jpg?fit=528%2C360&ssl=1","jetpack_sharing_enabled":true,"jetpack_likes_enabled":true,"jetpack-related-posts":[],"_links":{"self":[{"href":"https:\/\/eltrabajo.cl\/portal\/wp-json\/wp\/v2\/posts\/46800","targetHints":{"allow":["GET"]}}],"collection":[{"href":"https:\/\/eltrabajo.cl\/portal\/wp-json\/wp\/v2\/posts"}],"about":[{"href":"https:\/\/eltrabajo.cl\/portal\/wp-json\/wp\/v2\/types\/post"}],"author":[{"embeddable":true,"href":"https:\/\/eltrabajo.cl\/portal\/wp-json\/wp\/v2\/users\/482"}],"replies":[{"embeddable":true,"href":"https:\/\/eltrabajo.cl\/portal\/wp-json\/wp\/v2\/comments?post=46800"}],"version-history":[{"count":0,"href":"https:\/\/eltrabajo.cl\/portal\/wp-json\/wp\/v2\/posts\/46800\/revisions"}],"wp:featuredmedia":[{"embeddable":true,"href":"https:\/\/eltrabajo.cl\/portal\/wp-json\/wp\/v2\/media\/46801"}],"wp:attachment":[{"href":"https:\/\/eltrabajo.cl\/portal\/wp-json\/wp\/v2\/media?parent=46800"}],"wp:term":[{"taxonomy":"category","embeddable":true,"href":"https:\/\/eltrabajo.cl\/portal\/wp-json\/wp\/v2\/categories?post=46800"},{"taxonomy":"post_tag","embeddable":true,"href":"https:\/\/eltrabajo.cl\/portal\/wp-json\/wp\/v2\/tags?post=46800"}],"curies":[{"name":"wp","href":"https:\/\/api.w.org\/{rel}","templated":true}]}}