{"id":46803,"date":"2014-05-23T09:26:07","date_gmt":"2014-05-23T13:26:07","guid":{"rendered":"http:\/\/www.eltrabajo.cl\/portal\/?p=46803"},"modified":"2014-05-23T09:26:07","modified_gmt":"2014-05-23T13:26:07","slug":"resuelven-ultimas-dudas-respecto-al-plan-regulador","status":"publish","type":"post","link":"https:\/\/eltrabajo.cl\/portal\/resuelven-ultimas-dudas-respecto-al-plan-regulador\/","title":{"rendered":"Resuelven \u00faltimas dudas respecto al Plan Regulador"},"content":{"rendered":"<figure id=\"attachment_46804\" aria-describedby=\"caption-attachment-46804\" style=\"width: 529px\" class=\"wp-caption alignnone\"><a href=\"https:\/\/i0.wp.com\/www.eltrabajo.cl\/portal\/wp-content\/uploads\/2014\/05\/Plan1.jpg\"><img data-recalc-dims=\"1\" loading=\"lazy\" decoding=\"async\" class=\"size-full wp-image-46804\" alt=\"La votaci\u00f3n de las propuestas se realizar\u00e1 dentro de 15 d\u00edas m\u00e1s, para dar posterior paso a la consulta ciudadana, la cual se extender\u00e1 por cuatro meses.\" src=\"https:\/\/i0.wp.com\/www.eltrabajo.cl\/portal\/wp-content\/uploads\/2014\/05\/Plan1.jpg?resize=529%2C358\" width=\"529\" height=\"358\" srcset=\"https:\/\/i0.wp.com\/eltrabajo.cl\/portal\/wp-content\/uploads\/2014\/05\/Plan1.jpg?w=529&amp;ssl=1 529w, https:\/\/i0.wp.com\/eltrabajo.cl\/portal\/wp-content\/uploads\/2014\/05\/Plan1.jpg?resize=200%2C135&amp;ssl=1 200w, https:\/\/i0.wp.com\/eltrabajo.cl\/portal\/wp-content\/uploads\/2014\/05\/Plan1.jpg?resize=300%2C203&amp;ssl=1 300w, https:\/\/i0.wp.com\/eltrabajo.cl\/portal\/wp-content\/uploads\/2014\/05\/Plan1.jpg?resize=150%2C101&amp;ssl=1 150w, https:\/\/i0.wp.com\/eltrabajo.cl\/portal\/wp-content\/uploads\/2014\/05\/Plan1.jpg?resize=400%2C270&amp;ssl=1 400w\" sizes=\"auto, (max-width: 529px) 100vw, 529px\" \/><\/a><figcaption id=\"caption-attachment-46804\" class=\"wp-caption-text\">La votaci\u00f3n de las propuestas se realizar\u00e1 dentro de 15 d\u00edas m\u00e1s, para dar posterior paso a la consulta ciudadana, la cual se extender\u00e1 por cuatro meses.<\/figcaption><\/figure>\n<p>En el marco de la 4\u00aa etapa del Estudio de Actualizaci\u00f3n del Plan Regulador Comunal de San Felipe, este jueves 22 y en sesi\u00f3n extraordinaria, el Concejo Municipal; la Empresa Consultora; la Seremi de Vivienda y la Mesa Territorial Municipal, se reunieron en virtud de resolver las dudas existentes respecto al plan regulador. En la ocasi\u00f3n, la empresa consultora entreg\u00f3 una completa presentaci\u00f3n y an\u00e1lisis respecto a las consultas que han surgido a partir de las propuestas contempladas para la actualizaci\u00f3n del Plan Regulador en la comuna.<\/p>\n<p>Tras la exposici\u00f3n, el Jefe del Departamento de Desarrollo Urbano de la Seremi de Vivienda, Manuel Pedreros Reyes, convers\u00f3 con Diario El Trabajo argumentando que el Plan Regulador de San Felipe es un instrumento que se viene manejando desde el a\u00f1o 2011 en la zona y que encontr\u00e1ndose en su etapa N\u00ba 4, que implica la discusi\u00f3n del dise\u00f1o y elaboraci\u00f3n.<\/p>\n<p>Esta actividad se realiza se enmarca en el proceso de discusi\u00f3n que se ha tenido siempre con el Concejo, cuando en este plan, lo que queda por avanzar es la exposici\u00f3n y la participaci\u00f3n de la comunidad en este instrumento, por lo que en este sentido es el mismo concejo el llamado a pronunciarse sobre iniciar esta discusi\u00f3n, \u00abpor lo tanto se han tenido una serie de reuniones para explicar los alcances de las propuestas, aclarar las dudas que ellos tienen, de manera de que estas situaciones queden claras para que se pueda ir avanzando en la tramitaci\u00f3n de este instrumento\u00bb, manifest\u00f3 Pedreros.<\/p>\n<p>Seg\u00fan Manuel Pedreros, en esta etapa se han ido presentando diversas propuestas, primero desde alternativas distintas hasta de zonificaci\u00f3n de propuesta de plan, \u00abesta propuesta de plan lo que hace es ir sufriendo una serie de cambios y ajustes. En t\u00e9rminos de fecha, esto se viene trabajando desde finales del a\u00f1o 2012 y donde nosotros esperamos que durante este a\u00f1o se puedan discutir las \u00faltimas versiones e iniciar los procesos de consultas a la ciudadan\u00eda\u00bb.<\/p>\n<p>Consultado respecto a la saturaci\u00f3n vehicular que estas propuestas implicar\u00edan para el centro de la ciudad Pedreros manifest\u00f3 que \u00abel estudio del plan regulador considera un estudio espec\u00edfico que es un estudio de capacidad vial, y por lo tanto, todas las normativas que se propongan en t\u00e9rminos de densidad o metros cuadrados posibles de construir, tienen que poder ajustarse a los niveles de saturaci\u00f3n que tiene la vialidad, por lo tanto, la propuesta que se desarrolle tiene que ser concordante con esos m\u00e1ximos que se puedan emplazar dentro de la ciudad\u00bb, concluy\u00f3.<\/p>\n<p>Al t\u00e9rmino de esta reuni\u00f3n, los concejales se manifestaron satisfechos con la presentaci\u00f3n entregada por la empresa consultora, declarando que sus dudas han sido despejadas, a la vez que tras la informaci\u00f3n que se entreg\u00f3 por parte de la empresa a cargo de la presentaci\u00f3n, el Concejo se ver\u00eda inclinado a optar por la Propuesta 4.<\/p>\n<p><strong>Etapa N\u00b04 \/ Detalle de contenidos entregado en esta fase Dise\u00f1o y Elaboraci\u00f3n.<\/strong><\/p>\n<p>1. Ordenanza Local.<\/p>\n<p>2. Planos<\/p>\n<p>3. Memoria Explicativa, incluye adem\u00e1s:<\/p>\n<p>3.1 Anexo Estudio Equipamiento Comunal.<\/p>\n<p>3. 2 Anexo Estudio de Riesgos.<\/p>\n<p>3. 3 Anexo Estudio de Capacidad Vial.<\/p>\n<p>3. 4 Anexo Participaci\u00f3n.<\/p>\n<p>4. Estudio de Factibilidad.<\/p>\n<p>5. Informe Ambiental.<\/p>\n","protected":false},"excerpt":{"rendered":"<p>En el marco de la 4\u00aa etapa del Estudio de Actualizaci\u00f3n del Plan Regulador Comunal de San Felipe, este jueves 22 y en sesi\u00f3n extraordinaria, el Concejo Municipal; la Empresa Consultora; la&#8230;<\/p>\n","protected":false},"author":482,"featured_media":46804,"comment_status":"open","ping_status":"closed","sticky":false,"template":"","format":"standard","meta":{"advanced_seo_description":"","jetpack_seo_html_title":"","jetpack_seo_noindex":false,"_jetpack_memberships_contains_paid_content":false,"footnotes":""},"categories":[15],"tags":[],"class_list":["post-46803","post","type-post","status-publish","format-standard","has-post-thumbnail","hentry","category-comunidad"],"jetpack_featured_media_url":"https:\/\/i0.wp.com\/eltrabajo.cl\/portal\/wp-content\/uploads\/2014\/05\/Plan1.jpg?fit=529%2C358&ssl=1","jetpack_sharing_enabled":true,"jetpack_likes_enabled":true,"jetpack-related-posts":[],"_links":{"self":[{"href":"https:\/\/eltrabajo.cl\/portal\/wp-json\/wp\/v2\/posts\/46803","targetHints":{"allow":["GET"]}}],"collection":[{"href":"https:\/\/eltrabajo.cl\/portal\/wp-json\/wp\/v2\/posts"}],"about":[{"href":"https:\/\/eltrabajo.cl\/portal\/wp-json\/wp\/v2\/types\/post"}],"author":[{"embeddable":true,"href":"https:\/\/eltrabajo.cl\/portal\/wp-json\/wp\/v2\/users\/482"}],"replies":[{"embeddable":true,"href":"https:\/\/eltrabajo.cl\/portal\/wp-json\/wp\/v2\/comments?post=46803"}],"version-history":[{"count":0,"href":"https:\/\/eltrabajo.cl\/portal\/wp-json\/wp\/v2\/posts\/46803\/revisions"}],"wp:featuredmedia":[{"embeddable":true,"href":"https:\/\/eltrabajo.cl\/portal\/wp-json\/wp\/v2\/media\/46804"}],"wp:attachment":[{"href":"https:\/\/eltrabajo.cl\/portal\/wp-json\/wp\/v2\/media?parent=46803"}],"wp:term":[{"taxonomy":"category","embeddable":true,"href":"https:\/\/eltrabajo.cl\/portal\/wp-json\/wp\/v2\/categories?post=46803"},{"taxonomy":"post_tag","embeddable":true,"href":"https:\/\/eltrabajo.cl\/portal\/wp-json\/wp\/v2\/tags?post=46803"}],"curies":[{"name":"wp","href":"https:\/\/api.w.org\/{rel}","templated":true}]}}