{"id":46828,"date":"2014-05-26T09:21:42","date_gmt":"2014-05-26T13:21:42","guid":{"rendered":"http:\/\/www.eltrabajo.cl\/portal\/?p=46828"},"modified":"2014-05-26T09:21:42","modified_gmt":"2014-05-26T13:21:42","slug":"dia-del-patrimonio-con-feria-de-tradiciones-y-sentimiento-latinoamericano","status":"publish","type":"post","link":"https:\/\/eltrabajo.cl\/portal\/dia-del-patrimonio-con-feria-de-tradiciones-y-sentimiento-latinoamericano\/","title":{"rendered":"D\u00eda del Patrimonio con feria de tradiciones y sentimiento latinoamericano"},"content":{"rendered":"<figure id=\"attachment_46829\" aria-describedby=\"caption-attachment-46829\" style=\"width: 529px\" class=\"wp-caption alignnone\"><a href=\"https:\/\/i0.wp.com\/www.eltrabajo.cl\/portal\/wp-content\/uploads\/2014\/05\/Ensamble1.jpg\"><img data-recalc-dims=\"1\" loading=\"lazy\" decoding=\"async\" class=\"size-full wp-image-46829\" alt=\"A eso de las 16:00 horas el Grupo Ensamble Latinoamericano hizo de las suyas en el centro de la plaza acompa\u00f1ados por un gran marco de p\u00fablico.\" src=\"https:\/\/i0.wp.com\/www.eltrabajo.cl\/portal\/wp-content\/uploads\/2014\/05\/Ensamble1.jpg?resize=529%2C347\" width=\"529\" height=\"347\" srcset=\"https:\/\/i0.wp.com\/eltrabajo.cl\/portal\/wp-content\/uploads\/2014\/05\/Ensamble1.jpg?w=529&amp;ssl=1 529w, https:\/\/i0.wp.com\/eltrabajo.cl\/portal\/wp-content\/uploads\/2014\/05\/Ensamble1.jpg?resize=200%2C131&amp;ssl=1 200w, https:\/\/i0.wp.com\/eltrabajo.cl\/portal\/wp-content\/uploads\/2014\/05\/Ensamble1.jpg?resize=300%2C196&amp;ssl=1 300w, https:\/\/i0.wp.com\/eltrabajo.cl\/portal\/wp-content\/uploads\/2014\/05\/Ensamble1.jpg?resize=150%2C98&amp;ssl=1 150w, https:\/\/i0.wp.com\/eltrabajo.cl\/portal\/wp-content\/uploads\/2014\/05\/Ensamble1.jpg?resize=400%2C262&amp;ssl=1 400w\" sizes=\"auto, (max-width: 529px) 100vw, 529px\" \/><\/a><figcaption id=\"caption-attachment-46829\" class=\"wp-caption-text\">A eso de las 16:00 horas el Grupo Ensamble Latinoamericano hizo de las suyas en el centro de la plaza acompa\u00f1ados por un gran marco de p\u00fablico.<\/figcaption><\/figure>\n<p><strong>PUTAENDO.-<\/strong> La ma\u00f1ana de este s\u00e1bado el Centro de Desarrollo y Expresi\u00f3n Cultural de Rinconada de Silva, desarroll\u00f3 una nueva versi\u00f3n de la Feria Saberes y Sabores con m\u00e1s expositores que en ocasiones anteriores y esta vez acompa\u00f1ados por la Banda Carmelitana de Rinconada de Silva y por el Grupo Ensamble Latinoamericano.<\/p>\n<p>Artesan\u00edas en madera; chocolates artesanales; muchas pinturas; variedad de plantas; tejidos artesanales y otros productos de la zona, formaron parte de la muestra que comenz\u00f3 pasadas las 11:00 horas en la Plaza Fernando Aldunce de Rinconada de Silva.<\/p>\n<p>Primeramente y tras la entonaci\u00f3n del himno nacional, la Presidente del Centro de Desarrollo y Expresi\u00f3n Cultural de Rinconada de Silva, Gemma Lepe, agradeci\u00f3 a todos los presentes por su apoyo y en especial a los artesanos que conforman la Feria Saberes y Sabores, de quienes dijo son el pilar fundamental de esta idea que surgi\u00f3 a fines del a\u00f1o pasado y que precisamente en la conmemoraci\u00f3n del D\u00eda del Patrimonio Cultural es bueno reconocer su labor y tambi\u00e9n afianzar el compromiso de seguir potenciando esta hermosa feria de tradiciones.<\/p>\n<p>Luego fueron presentados dos de los tres poetas y cantores populares que formar\u00e1n parte del documental \u2018Poetas y Cantores de Putaendo\u2019 y que contar\u00e1 la historia de Fernando \u2018Caballito Blanco\u2019 Montenegro, Sara Olg\u00fain y Pedro \u2018Choro\u2019 Estay, quienes, a excepci\u00f3n de Sara Olgu\u00edn que se sum\u00f3 a la actividad en horas de la tarde, dieron muestra de su trabajo art\u00edstico deleitando a todos los presentes. Tambi\u00e9n el Centro Cultural de Rinconada de Silva quiso reconocer a quienes realizar\u00e1n este documental, como lo son los destacados documentalistas Carlos L\u00e9rtora y Claudia Bernet, quienes ya se encuentran en etapa de filmaci\u00f3n de este interesante documental.<\/p>\n<p>La Banda Carmelitana, fundada por Monse\u00f1or An\u00edbal Carvajal y que ya posee una vasta tradici\u00f3n musical en Rinconada de Silva, ofreci\u00f3 una hermosa retreta en horas de la ma\u00f1ana, demostrando una excelente calidad art\u00edstica y musical.<\/p>\n<p>A eso de las 16:00 horas el Grupo Ensamble Latinoamericano hizo de las suyas en el centro de la plaza acompa\u00f1ados por un gran marco de p\u00fablico que disfrut\u00f3 una a una sus canciones cargadas de ritmo latinoamericano que demuestran el gran trabajo que vienen desarrollando estos m\u00fasicos provenientes de la comuna de Santa Mar\u00eda, quienes cautivaron a los presentes que entusiastas aplaud\u00edan y algunos hasta cantaban sus variadas canciones que llegaron a ofrecer a Rinconada de Silva para celebrar el D\u00eda del Patrimonio Cultural.<\/p>\n<p>Patricio Gallardo M.<\/p>\n<div class=\"tiled-gallery type-rectangular tiled-gallery-unresized\" data-original-width=\"640\" data-carousel-extra='null' itemscope itemtype=\"http:\/\/schema.org\/ImageGallery\" > <div class=\"gallery-row\" style=\"width: 640px; height: 218px;\" data-original-width=\"640\" data-original-height=\"218\" > <div class=\"gallery-group images-1\" style=\"width: 320px; height: 218px;\" data-original-width=\"320\" data-original-height=\"218\" > <div class=\"tiled-gallery-item tiled-gallery-item-large\" itemprop=\"associatedMedia\" itemscope itemtype=\"http:\/\/schema.org\/ImageObject\"> <a href=\"https:\/\/eltrabajo.cl\/portal\/dia-del-patrimonio-con-feria-de-tradiciones-y-sentimiento-latinoamericano\/banda1-4\/\" border=\"0\" itemprop=\"url\"> <meta itemprop=\"width\" content=\"316\"> <meta itemprop=\"height\" content=\"214\"> <img decoding=\"async\" class=\"\" data-attachment-id=\"46830\" data-orig-file=\"https:\/\/eltrabajo.cl\/portal\/wp-content\/uploads\/2014\/05\/Banda1.jpg\" data-orig-size=\"528,358\" data-comments-opened=\"1\" data-image-meta=\"{&quot;aperture&quot;:&quot;11&quot;,&quot;credit&quot;:&quot;&quot;,&quot;camera&quot;:&quot;Canon EOS REBEL T3&quot;,&quot;caption&quot;:&quot;&quot;,&quot;created_timestamp&quot;:&quot;1388146783&quot;,&quot;copyright&quot;:&quot;&quot;,&quot;focal_length&quot;:&quot;28&quot;,&quot;iso&quot;:&quot;800&quot;,&quot;shutter_speed&quot;:&quot;0.005&quot;,&quot;title&quot;:&quot;&quot;}\" data-image-title=\"Banda1\" data-image-description=\"&lt;p&gt;La Banda Carmelitana, fundada por Monse\u00f1or An\u00edbal Carvajal y que ya posee una vasta tradici\u00f3n musical en Rinconada de Silva, ofreci\u00f3 una hermosa retreta en horas de la ma\u00f1ana.&lt;\/p&gt; \" data-medium-file=\"https:\/\/i0.wp.com\/eltrabajo.cl\/portal\/wp-content\/uploads\/2014\/05\/Banda1.jpg?fit=300%2C203&#038;ssl=1\" data-large-file=\"https:\/\/i0.wp.com\/eltrabajo.cl\/portal\/wp-content\/uploads\/2014\/05\/Banda1.jpg?fit=528%2C358&#038;ssl=1\" src=\"https:\/\/i0.wp.com\/eltrabajo.cl\/portal\/wp-content\/uploads\/2014\/05\/Banda1.jpg?w=316&#038;h=214&#038;ssl=1\" srcset=\"https:\/\/i0.wp.com\/eltrabajo.cl\/portal\/wp-content\/uploads\/2014\/05\/Banda1.jpg?w=528&amp;ssl=1 528w, https:\/\/i0.wp.com\/eltrabajo.cl\/portal\/wp-content\/uploads\/2014\/05\/Banda1.jpg?resize=200%2C135&amp;ssl=1 200w, https:\/\/i0.wp.com\/eltrabajo.cl\/portal\/wp-content\/uploads\/2014\/05\/Banda1.jpg?resize=300%2C203&amp;ssl=1 300w, https:\/\/i0.wp.com\/eltrabajo.cl\/portal\/wp-content\/uploads\/2014\/05\/Banda1.jpg?resize=150%2C101&amp;ssl=1 150w, https:\/\/i0.wp.com\/eltrabajo.cl\/portal\/wp-content\/uploads\/2014\/05\/Banda1.jpg?resize=400%2C271&amp;ssl=1 400w\" width=\"316\" height=\"214\" loading=\"lazy\" data-original-width=\"316\" data-original-height=\"214\" itemprop=\"http:\/\/schema.org\/image\" title=\"Banda1\" alt=\"La Banda Carmelitana, fundada por Monse\u00f1or An\u00edbal Carvajal y que ya posee una vasta tradici\u00f3n musical en Rinconada de Silva, ofreci\u00f3 una hermosa retreta en horas de la ma\u00f1ana.\" style=\"width: 316px; height: 214px;\" \/> <\/a> <div class=\"tiled-gallery-caption\" itemprop=\"caption description\"> La Banda Carmelitana, fundada por Monse\u00f1or An\u00edbal Carvajal y que ya posee una vasta tradici\u00f3n musical en Rinconada de Silva, ofreci\u00f3 una hermosa retreta en horas de la ma\u00f1ana. <\/div> <\/div> <\/div> <!-- close group --> <div class=\"gallery-group images-1\" style=\"width: 320px; height: 218px;\" data-original-width=\"320\" data-original-height=\"218\" > <div class=\"tiled-gallery-item tiled-gallery-item-large\" itemprop=\"associatedMedia\" itemscope itemtype=\"http:\/\/schema.org\/ImageObject\"> <a href=\"https:\/\/eltrabajo.cl\/portal\/dia-del-patrimonio-con-feria-de-tradiciones-y-sentimiento-latinoamericano\/patrimonio2\/\" border=\"0\" itemprop=\"url\"> <meta itemprop=\"width\" content=\"316\"> <meta itemprop=\"height\" content=\"214\"> <img decoding=\"async\" class=\"\" data-attachment-id=\"46831\" data-orig-file=\"https:\/\/eltrabajo.cl\/portal\/wp-content\/uploads\/2014\/05\/Patrimonio2.jpg\" data-orig-size=\"528,358\" data-comments-opened=\"1\" data-image-meta=\"{&quot;aperture&quot;:&quot;3.5&quot;,&quot;credit&quot;:&quot;&quot;,&quot;camera&quot;:&quot;Canon EOS REBEL T3&quot;,&quot;caption&quot;:&quot;&quot;,&quot;created_timestamp&quot;:&quot;1388146919&quot;,&quot;copyright&quot;:&quot;&quot;,&quot;focal_length&quot;:&quot;21&quot;,&quot;iso&quot;:&quot;100&quot;,&quot;shutter_speed&quot;:&quot;0.02&quot;,&quot;title&quot;:&quot;&quot;}\" data-image-title=\"Patrimonio2\" data-image-description=\"&lt;p&gt;Artesan\u00edas en madera; chocolates artesanales; muchas pinturas; variedad de plantas; tejidos artesanales y otros productos de la zona.&lt;\/p&gt; \" data-medium-file=\"https:\/\/i0.wp.com\/eltrabajo.cl\/portal\/wp-content\/uploads\/2014\/05\/Patrimonio2.jpg?fit=300%2C203&#038;ssl=1\" data-large-file=\"https:\/\/i0.wp.com\/eltrabajo.cl\/portal\/wp-content\/uploads\/2014\/05\/Patrimonio2.jpg?fit=528%2C358&#038;ssl=1\" src=\"https:\/\/i0.wp.com\/eltrabajo.cl\/portal\/wp-content\/uploads\/2014\/05\/Patrimonio2.jpg?w=316&#038;h=214&#038;ssl=1\" srcset=\"https:\/\/i0.wp.com\/eltrabajo.cl\/portal\/wp-content\/uploads\/2014\/05\/Patrimonio2.jpg?w=528&amp;ssl=1 528w, https:\/\/i0.wp.com\/eltrabajo.cl\/portal\/wp-content\/uploads\/2014\/05\/Patrimonio2.jpg?resize=200%2C135&amp;ssl=1 200w, https:\/\/i0.wp.com\/eltrabajo.cl\/portal\/wp-content\/uploads\/2014\/05\/Patrimonio2.jpg?resize=300%2C203&amp;ssl=1 300w, https:\/\/i0.wp.com\/eltrabajo.cl\/portal\/wp-content\/uploads\/2014\/05\/Patrimonio2.jpg?resize=150%2C101&amp;ssl=1 150w, https:\/\/i0.wp.com\/eltrabajo.cl\/portal\/wp-content\/uploads\/2014\/05\/Patrimonio2.jpg?resize=400%2C271&amp;ssl=1 400w\" width=\"316\" height=\"214\" loading=\"lazy\" data-original-width=\"316\" data-original-height=\"214\" itemprop=\"http:\/\/schema.org\/image\" title=\"Patrimonio2\" alt=\"Artesan\u00edas en madera; chocolates artesanales; muchas pinturas; variedad de plantas; tejidos artesanales y otros productos de la zona.\" style=\"width: 316px; height: 214px;\" \/> <\/a> <div class=\"tiled-gallery-caption\" itemprop=\"caption description\"> Artesan\u00edas en madera; chocolates artesanales; muchas pinturas; variedad de plantas; tejidos artesanales y otros productos de la zona. <\/div> <\/div> <\/div> <!-- close group --> <\/div> <!-- close row --> <\/div>\n","protected":false},"excerpt":{"rendered":"<p>PUTAENDO.- La ma\u00f1ana de este s\u00e1bado el Centro de Desarrollo y Expresi\u00f3n Cultural de Rinconada de Silva, desarroll\u00f3 una nueva versi\u00f3n de la Feria Saberes y Sabores con m\u00e1s expositores que en&#8230;<\/p>\n","protected":false},"author":482,"featured_media":46829,"comment_status":"open","ping_status":"closed","sticky":false,"template":"","format":"standard","meta":{"advanced_seo_description":"","jetpack_seo_html_title":"","jetpack_seo_noindex":false,"_jetpack_memberships_contains_paid_content":false,"footnotes":""},"categories":[15],"tags":[],"class_list":["post-46828","post","type-post","status-publish","format-standard","has-post-thumbnail","hentry","category-comunidad"],"jetpack_featured_media_url":"https:\/\/i0.wp.com\/eltrabajo.cl\/portal\/wp-content\/uploads\/2014\/05\/Ensamble1.jpg?fit=529%2C347&ssl=1","jetpack_sharing_enabled":true,"jetpack_likes_enabled":true,"jetpack-related-posts":[],"_links":{"self":[{"href":"https:\/\/eltrabajo.cl\/portal\/wp-json\/wp\/v2\/posts\/46828","targetHints":{"allow":["GET"]}}],"collection":[{"href":"https:\/\/eltrabajo.cl\/portal\/wp-json\/wp\/v2\/posts"}],"about":[{"href":"https:\/\/eltrabajo.cl\/portal\/wp-json\/wp\/v2\/types\/post"}],"author":[{"embeddable":true,"href":"https:\/\/eltrabajo.cl\/portal\/wp-json\/wp\/v2\/users\/482"}],"replies":[{"embeddable":true,"href":"https:\/\/eltrabajo.cl\/portal\/wp-json\/wp\/v2\/comments?post=46828"}],"version-history":[{"count":0,"href":"https:\/\/eltrabajo.cl\/portal\/wp-json\/wp\/v2\/posts\/46828\/revisions"}],"wp:featuredmedia":[{"embeddable":true,"href":"https:\/\/eltrabajo.cl\/portal\/wp-json\/wp\/v2\/media\/46829"}],"wp:attachment":[{"href":"https:\/\/eltrabajo.cl\/portal\/wp-json\/wp\/v2\/media?parent=46828"}],"wp:term":[{"taxonomy":"category","embeddable":true,"href":"https:\/\/eltrabajo.cl\/portal\/wp-json\/wp\/v2\/categories?post=46828"},{"taxonomy":"post_tag","embeddable":true,"href":"https:\/\/eltrabajo.cl\/portal\/wp-json\/wp\/v2\/tags?post=46828"}],"curies":[{"name":"wp","href":"https:\/\/api.w.org\/{rel}","templated":true}]}}