{"id":46834,"date":"2014-05-26T09:27:15","date_gmt":"2014-05-26T13:27:15","guid":{"rendered":"http:\/\/www.eltrabajo.cl\/portal\/?p=46834"},"modified":"2014-05-26T09:27:15","modified_gmt":"2014-05-26T13:27:15","slug":"con-feria-costumbrista-y-gala-folclorica-se-vivio-el-dia-del-patrimonio","status":"publish","type":"post","link":"https:\/\/eltrabajo.cl\/portal\/con-feria-costumbrista-y-gala-folclorica-se-vivio-el-dia-del-patrimonio\/","title":{"rendered":"Con feria costumbrista y gala folcl\u00f3rica se vivi\u00f3 el D\u00eda del Patrimonio"},"content":{"rendered":"<figure id=\"attachment_46835\" aria-describedby=\"caption-attachment-46835\" style=\"width: 529px\" class=\"wp-caption alignnone\"><a href=\"https:\/\/i0.wp.com\/www.eltrabajo.cl\/portal\/wp-content\/uploads\/2014\/05\/Feria11.jpg\"><img data-recalc-dims=\"1\" loading=\"lazy\" decoding=\"async\" class=\"size-full wp-image-46835\" alt=\"Al son de cueca fueron inauguradas las distintas actividades conmemorativas del D\u00eda del Patrimonio Cultural bajo el lema \u2018Todos hacemos Patrimonio\u2019.\" src=\"https:\/\/i0.wp.com\/www.eltrabajo.cl\/portal\/wp-content\/uploads\/2014\/05\/Feria11.jpg?resize=529%2C358\" width=\"529\" height=\"358\" srcset=\"https:\/\/i0.wp.com\/eltrabajo.cl\/portal\/wp-content\/uploads\/2014\/05\/Feria11.jpg?w=529&amp;ssl=1 529w, https:\/\/i0.wp.com\/eltrabajo.cl\/portal\/wp-content\/uploads\/2014\/05\/Feria11.jpg?resize=200%2C135&amp;ssl=1 200w, https:\/\/i0.wp.com\/eltrabajo.cl\/portal\/wp-content\/uploads\/2014\/05\/Feria11.jpg?resize=300%2C203&amp;ssl=1 300w, https:\/\/i0.wp.com\/eltrabajo.cl\/portal\/wp-content\/uploads\/2014\/05\/Feria11.jpg?resize=150%2C101&amp;ssl=1 150w, https:\/\/i0.wp.com\/eltrabajo.cl\/portal\/wp-content\/uploads\/2014\/05\/Feria11.jpg?resize=400%2C270&amp;ssl=1 400w\" sizes=\"auto, (max-width: 529px) 100vw, 529px\" \/><\/a><figcaption id=\"caption-attachment-46835\" class=\"wp-caption-text\">Al son de cueca fueron inauguradas las distintas actividades conmemorativas del D\u00eda del Patrimonio Cultural bajo el lema \u2018Todos hacemos Patrimonio\u2019.<\/figcaption><\/figure>\n<p><strong>PUTAENDO.<\/strong>&#8211; Pasadas las 11:00 horas de este s\u00e1bado, se dio inicio a la ceremonia oficial con la cual la Municipalidad de Putaendo daba por inauguradas las distintas actividades conmemorativas del D\u00eda del Patrimonio Cultural bajo el lema \u2018Todos hacemos Patrimonio\u2019.<\/p>\n<p>En la plaza de Putaendo un importante grupo de expositores, pintores y artesanos, entre los que destacaron los fot\u00f3grafos Jorge Menares y Oliver Gallardo y las j\u00f3venes pintoras Mar\u00e1i Paz y P\u00eda Arancibia, presentaron sus trabajos y adem\u00e1s se pod\u00edan encontrar art\u00edculos antiguos como radios y fotograf\u00edas, tambi\u00e9n el Cuerpo de Bomberos de Putaendo present\u00f3 sus carros m\u00e1s antiguos, un Ford de 1939 y un Chevrolet tra\u00eddo desde Estados Unidos en el a\u00f1o 1968.<\/p>\n<p>En la actividad estuvieron presentes el Alcalde Guillermo Reyes, los concejales Julio Aravena y Carlos Gallardo, el Suboficial Mayor de Carabineros Luis Campos Garay, dirigentes y vecinos de la comuna.<\/p>\n<p>En la ocasi\u00f3n la Municipalidad de Putaendo entreg\u00f3 reconocimientos al fot\u00f3grafo Jorge Menares, al Director de la Escuela de M\u00fasica Francisco Duarte, a la cantante Marisol D\u00edaz, por su aporte a la m\u00fasica local, a la se\u00f1ora Julia Lemus Gallardo, por ser la artesana m\u00e1s antigua de Putaendo con m\u00e1s de 40 a\u00f1os en el rubro. Tambi\u00e9n fueron reconocidos por su aporte al folclore, Alicia Fabres, Roberto Mora y Roxana Pinto, adem\u00e1s tambi\u00e9n recibieron distinci\u00f3n Luis Silva por su trayectoria en la comida t\u00edpica y el respetado pintor Ra\u00fal Pizarro.<\/p>\n<p>La inconfundible voz de Marisol D\u00edaz posteriormente inund\u00f3 de excelente m\u00fasica el evento con varias de sus conocidas tonadas que encantaron a todos los presentes y luego el Conjunto Folcl\u00f3rico Los Carmelitos de Rinconada de Silva demostraron lo mejor de su talento con varias piezas de baile que deleitaron al p\u00fablico que super\u00f3 las 100 personas en lo que es el inicio de la conmemoraci\u00f3n del D\u00eda del Patrimonio Cultural.<\/p>\n<p>Patricio Gallardo M.<\/p>\n<div class=\"tiled-gallery type-rectangular tiled-gallery-unresized\" data-original-width=\"640\" data-carousel-extra='null' itemscope itemtype=\"http:\/\/schema.org\/ImageGallery\" > <div class=\"gallery-row\" style=\"width: 640px; height: 218px;\" data-original-width=\"640\" data-original-height=\"218\" > <div class=\"gallery-group images-1\" style=\"width: 320px; height: 218px;\" data-original-width=\"320\" data-original-height=\"218\" > <div class=\"tiled-gallery-item tiled-gallery-item-large\" itemprop=\"associatedMedia\" itemscope itemtype=\"http:\/\/schema.org\/ImageObject\"> <a href=\"https:\/\/eltrabajo.cl\/portal\/con-feria-costumbrista-y-gala-folclorica-se-vivio-el-dia-del-patrimonio\/fotografo-jorge-menares\/\" border=\"0\" itemprop=\"url\"> <meta itemprop=\"width\" content=\"316\"> <meta itemprop=\"height\" content=\"214\"> <img decoding=\"async\" class=\"\" data-attachment-id=\"46838\" data-orig-file=\"https:\/\/eltrabajo.cl\/portal\/wp-content\/uploads\/2014\/05\/Fotografo-jorge-menares.jpg\" data-orig-size=\"528,358\" data-comments-opened=\"1\" data-image-meta=\"{&quot;aperture&quot;:&quot;3.3&quot;,&quot;credit&quot;:&quot;&quot;,&quot;camera&quot;:&quot;SAMSUNG PL210, PL211 \\\/ VLUU PL210, PL211&quot;,&quot;caption&quot;:&quot;&quot;,&quot;created_timestamp&quot;:&quot;1400931756&quot;,&quot;copyright&quot;:&quot;COPYRIGHT, 2011&quot;,&quot;focal_length&quot;:&quot;4.9&quot;,&quot;iso&quot;:&quot;80&quot;,&quot;shutter_speed&quot;:&quot;0.004&quot;,&quot;title&quot;:&quot;&quot;}\" data-image-title=\"Fotografo jorge menares\" data-image-description=\"&lt;p&gt;En la ocasi\u00f3n la Municipalidad de Putaendo entreg\u00f3 reconocimientos al fot\u00f3grafo Jorge Menares.&lt;\/p&gt; \" data-medium-file=\"https:\/\/i0.wp.com\/eltrabajo.cl\/portal\/wp-content\/uploads\/2014\/05\/Fotografo-jorge-menares.jpg?fit=300%2C203&#038;ssl=1\" data-large-file=\"https:\/\/i0.wp.com\/eltrabajo.cl\/portal\/wp-content\/uploads\/2014\/05\/Fotografo-jorge-menares.jpg?fit=528%2C358&#038;ssl=1\" src=\"https:\/\/i0.wp.com\/eltrabajo.cl\/portal\/wp-content\/uploads\/2014\/05\/Fotografo-jorge-menares.jpg?w=316&#038;h=214&#038;ssl=1\" srcset=\"https:\/\/i0.wp.com\/eltrabajo.cl\/portal\/wp-content\/uploads\/2014\/05\/Fotografo-jorge-menares.jpg?w=528&amp;ssl=1 528w, https:\/\/i0.wp.com\/eltrabajo.cl\/portal\/wp-content\/uploads\/2014\/05\/Fotografo-jorge-menares.jpg?resize=200%2C135&amp;ssl=1 200w, https:\/\/i0.wp.com\/eltrabajo.cl\/portal\/wp-content\/uploads\/2014\/05\/Fotografo-jorge-menares.jpg?resize=300%2C203&amp;ssl=1 300w, https:\/\/i0.wp.com\/eltrabajo.cl\/portal\/wp-content\/uploads\/2014\/05\/Fotografo-jorge-menares.jpg?resize=150%2C101&amp;ssl=1 150w, https:\/\/i0.wp.com\/eltrabajo.cl\/portal\/wp-content\/uploads\/2014\/05\/Fotografo-jorge-menares.jpg?resize=400%2C271&amp;ssl=1 400w\" width=\"316\" height=\"214\" loading=\"lazy\" data-original-width=\"316\" data-original-height=\"214\" itemprop=\"http:\/\/schema.org\/image\" title=\"Fotografo jorge menares\" alt=\"En la ocasi\u00f3n la Municipalidad de Putaendo entreg\u00f3 reconocimientos al fot\u00f3grafo Jorge Menares.\" style=\"width: 316px; height: 214px;\" \/> <\/a> <div class=\"tiled-gallery-caption\" itemprop=\"caption description\"> En la ocasi\u00f3n la Municipalidad de Putaendo entreg\u00f3 reconocimientos al fot\u00f3grafo Jorge Menares. <\/div> <\/div> <\/div> <!-- close group --> <div class=\"gallery-group images-1\" style=\"width: 320px; height: 218px;\" data-original-width=\"320\" data-original-height=\"218\" > <div class=\"tiled-gallery-item tiled-gallery-item-large\" itemprop=\"associatedMedia\" itemscope itemtype=\"http:\/\/schema.org\/ImageObject\"> <a href=\"https:\/\/eltrabajo.cl\/portal\/con-feria-costumbrista-y-gala-folclorica-se-vivio-el-dia-del-patrimonio\/artesano1-2\/\" border=\"0\" itemprop=\"url\"> <meta itemprop=\"width\" content=\"316\"> <meta itemprop=\"height\" content=\"214\"> <img decoding=\"async\" class=\"\" data-attachment-id=\"46836\" data-orig-file=\"https:\/\/eltrabajo.cl\/portal\/wp-content\/uploads\/2014\/05\/Artesano1.jpg\" data-orig-size=\"528,358\" data-comments-opened=\"1\" data-image-meta=\"{&quot;aperture&quot;:&quot;3.5&quot;,&quot;credit&quot;:&quot;&quot;,&quot;camera&quot;:&quot;Canon EOS REBEL T3&quot;,&quot;caption&quot;:&quot;&quot;,&quot;created_timestamp&quot;:&quot;1388146926&quot;,&quot;copyright&quot;:&quot;&quot;,&quot;focal_length&quot;:&quot;21&quot;,&quot;iso&quot;:&quot;100&quot;,&quot;shutter_speed&quot;:&quot;0.025&quot;,&quot;title&quot;:&quot;&quot;}\" data-image-title=\"Artesano1\" data-image-description=\"&lt;p&gt;En la plaza de Putaendo un importante grupo de expositores, pintores y artesanos.&lt;\/p&gt; \" data-medium-file=\"https:\/\/i0.wp.com\/eltrabajo.cl\/portal\/wp-content\/uploads\/2014\/05\/Artesano1.jpg?fit=300%2C203&#038;ssl=1\" data-large-file=\"https:\/\/i0.wp.com\/eltrabajo.cl\/portal\/wp-content\/uploads\/2014\/05\/Artesano1.jpg?fit=528%2C358&#038;ssl=1\" src=\"https:\/\/i0.wp.com\/eltrabajo.cl\/portal\/wp-content\/uploads\/2014\/05\/Artesano1.jpg?w=316&#038;h=214&#038;ssl=1\" srcset=\"https:\/\/i0.wp.com\/eltrabajo.cl\/portal\/wp-content\/uploads\/2014\/05\/Artesano1.jpg?w=528&amp;ssl=1 528w, https:\/\/i0.wp.com\/eltrabajo.cl\/portal\/wp-content\/uploads\/2014\/05\/Artesano1.jpg?resize=200%2C135&amp;ssl=1 200w, https:\/\/i0.wp.com\/eltrabajo.cl\/portal\/wp-content\/uploads\/2014\/05\/Artesano1.jpg?resize=300%2C203&amp;ssl=1 300w, https:\/\/i0.wp.com\/eltrabajo.cl\/portal\/wp-content\/uploads\/2014\/05\/Artesano1.jpg?resize=150%2C101&amp;ssl=1 150w, https:\/\/i0.wp.com\/eltrabajo.cl\/portal\/wp-content\/uploads\/2014\/05\/Artesano1.jpg?resize=400%2C271&amp;ssl=1 400w\" width=\"316\" height=\"214\" loading=\"lazy\" data-original-width=\"316\" data-original-height=\"214\" itemprop=\"http:\/\/schema.org\/image\" title=\"Artesano1\" alt=\"En la plaza de Putaendo un importante grupo de expositores, pintores y artesanos.\" style=\"width: 316px; height: 214px;\" \/> <\/a> <div class=\"tiled-gallery-caption\" itemprop=\"caption description\"> En la plaza de Putaendo un importante grupo de expositores, pintores y artesanos. <\/div> <\/div> <\/div> <!-- close group --> <\/div> <!-- close row --> <\/div>\n","protected":false},"excerpt":{"rendered":"<p>PUTAENDO.&#8211; Pasadas las 11:00 horas de este s\u00e1bado, se dio inicio a la ceremonia oficial con la cual la Municipalidad de Putaendo daba por inauguradas las distintas actividades conmemorativas del D\u00eda del&#8230;<\/p>\n","protected":false},"author":482,"featured_media":46835,"comment_status":"open","ping_status":"closed","sticky":false,"template":"","format":"standard","meta":{"advanced_seo_description":"","jetpack_seo_html_title":"","jetpack_seo_noindex":false,"_jetpack_memberships_contains_paid_content":false,"footnotes":""},"categories":[1],"tags":[],"class_list":["post-46834","post","type-post","status-publish","format-standard","has-post-thumbnail","hentry","category-cronica"],"jetpack_featured_media_url":"https:\/\/i0.wp.com\/eltrabajo.cl\/portal\/wp-content\/uploads\/2014\/05\/Feria11.jpg?fit=529%2C358&ssl=1","jetpack_sharing_enabled":true,"jetpack_likes_enabled":true,"jetpack-related-posts":[],"_links":{"self":[{"href":"https:\/\/eltrabajo.cl\/portal\/wp-json\/wp\/v2\/posts\/46834","targetHints":{"allow":["GET"]}}],"collection":[{"href":"https:\/\/eltrabajo.cl\/portal\/wp-json\/wp\/v2\/posts"}],"about":[{"href":"https:\/\/eltrabajo.cl\/portal\/wp-json\/wp\/v2\/types\/post"}],"author":[{"embeddable":true,"href":"https:\/\/eltrabajo.cl\/portal\/wp-json\/wp\/v2\/users\/482"}],"replies":[{"embeddable":true,"href":"https:\/\/eltrabajo.cl\/portal\/wp-json\/wp\/v2\/comments?post=46834"}],"version-history":[{"count":0,"href":"https:\/\/eltrabajo.cl\/portal\/wp-json\/wp\/v2\/posts\/46834\/revisions"}],"wp:featuredmedia":[{"embeddable":true,"href":"https:\/\/eltrabajo.cl\/portal\/wp-json\/wp\/v2\/media\/46835"}],"wp:attachment":[{"href":"https:\/\/eltrabajo.cl\/portal\/wp-json\/wp\/v2\/media?parent=46834"}],"wp:term":[{"taxonomy":"category","embeddable":true,"href":"https:\/\/eltrabajo.cl\/portal\/wp-json\/wp\/v2\/categories?post=46834"},{"taxonomy":"post_tag","embeddable":true,"href":"https:\/\/eltrabajo.cl\/portal\/wp-json\/wp\/v2\/tags?post=46834"}],"curies":[{"name":"wp","href":"https:\/\/api.w.org\/{rel}","templated":true}]}}