{"id":46841,"date":"2014-05-26T09:29:27","date_gmt":"2014-05-26T13:29:27","guid":{"rendered":"http:\/\/www.eltrabajo.cl\/portal\/?p=46841"},"modified":"2014-05-26T09:29:27","modified_gmt":"2014-05-26T13:29:27","slug":"serrania-y-parroquia-de-rinconada-de-silva-podrian-llegar-a-un-acuerdo","status":"publish","type":"post","link":"https:\/\/eltrabajo.cl\/portal\/serrania-y-parroquia-de-rinconada-de-silva-podrian-llegar-a-un-acuerdo\/","title":{"rendered":"Serran\u00eda y Parroquia de Rinconada de Silva podr\u00edan llegar a un acuerdo"},"content":{"rendered":"<figure id=\"attachment_46842\" aria-describedby=\"caption-attachment-46842\" style=\"width: 528px\" class=\"wp-caption alignnone\"><a href=\"https:\/\/i0.wp.com\/www.eltrabajo.cl\/portal\/wp-content\/uploads\/2014\/05\/Audiencia1.jpg\"><img data-recalc-dims=\"1\" loading=\"lazy\" decoding=\"async\" class=\"size-full wp-image-46842\" alt=\"Las partes enfrentadas en este complicado litigio finalmente podr\u00edan llegar a un acuerdo positivo para ellos.\" src=\"https:\/\/i0.wp.com\/www.eltrabajo.cl\/portal\/wp-content\/uploads\/2014\/05\/Audiencia1.jpg?resize=528%2C347\" width=\"528\" height=\"347\" srcset=\"https:\/\/i0.wp.com\/eltrabajo.cl\/portal\/wp-content\/uploads\/2014\/05\/Audiencia1.jpg?w=528&amp;ssl=1 528w, https:\/\/i0.wp.com\/eltrabajo.cl\/portal\/wp-content\/uploads\/2014\/05\/Audiencia1.jpg?resize=200%2C131&amp;ssl=1 200w, https:\/\/i0.wp.com\/eltrabajo.cl\/portal\/wp-content\/uploads\/2014\/05\/Audiencia1.jpg?resize=300%2C197&amp;ssl=1 300w, https:\/\/i0.wp.com\/eltrabajo.cl\/portal\/wp-content\/uploads\/2014\/05\/Audiencia1.jpg?resize=150%2C98&amp;ssl=1 150w, https:\/\/i0.wp.com\/eltrabajo.cl\/portal\/wp-content\/uploads\/2014\/05\/Audiencia1.jpg?resize=400%2C262&amp;ssl=1 400w\" sizes=\"auto, (max-width: 528px) 100vw, 528px\" \/><\/a><figcaption id=\"caption-attachment-46842\" class=\"wp-caption-text\">Las partes enfrentadas en este complicado litigio finalmente podr\u00edan llegar a un acuerdo positivo para ellos.<\/figcaption><\/figure>\n<p><strong>PUTAENDO<\/strong>.- Pasado el mediod\u00eda de este viernes en el Tribunal Mixto de Putaendo, se llev\u00f3 a efecto una Audiencia de Conciliaci\u00f3n entre la Directiva de la Serran\u00eda de Rinconada de Silva y la Parroquia Nuestra Se\u00f1ora del Carmen, del mismo sector a prop\u00f3sito de la demanda de precario que solicitaba la expulsi\u00f3n de la parroquia desde La Ermita de los ba\u00f1os del parr\u00f3n.<\/p>\n<p>Despu\u00e9s de casi media hora en la cual la Directiva de La Serran\u00eda encabezada por su Presidente Eva Araya junto al Abogado Guido Witto estuvo con el Cura Ricardo G\u00f3mez y el Abogado Marcelo Le\u00f3n Moya, tuvimos la oportunidad de consultar al Abogado Guido Witto su impresi\u00f3n referente a esta Audiencia de Conciliaci\u00f3n y gentilmente nos se\u00f1al\u00f3 que se lleg\u00f3 a un acuerdo entre ambas partes de elaborar una declaraci\u00f3n p\u00fablica conjunta para referirse a lo ocurrido en esta audiencia, por lo que se excus\u00f3 de entrar en detalles, sin embargo, ante nuestra consulta se\u00f1al\u00f3 que fue una audiencia bastante positiva para ambas partes.<\/p>\n<p>En tanto, el Abogado Marcelo Le\u00f3n Moya, quien representa a la Parroquia de Rinconada de Silva confirm\u00f3 que existe la posibilidad de llegar a un acuerdo con La Serran\u00eda para resguardar la permanencia de La Ermita como parte de la pertenencia de la Parroquia de Rinconada de Silva, adem\u00e1s indic\u00f3 que efectivamente no puede entrar en detalles pues este acuerdo est\u00e1 reci\u00e9n en su etapa inicial y debe ser analizado tanto por la asamblea de La Serran\u00eda y tambi\u00e9n por las 17 comunidades que conforman la parroquia.<\/p>\n<p>El Abogado Marcelo Le\u00f3n afirm\u00f3 que hoy lo m\u00e1s importante es destacar el cambio de actitud que ha tenido la directiva de la Serran\u00eda y su abogado, adem\u00e1s record\u00f3 que hace una semana atr\u00e1s no exist\u00eda posibilidad alguna de di\u00e1logo o acuerdo, pero se\u00f1al\u00f3 que hoy es justo reconocer la disposici\u00f3n de la Serran\u00eda para llegar a un acuerdo, por lo que tambi\u00e9n pidi\u00f3 a la comunidad cat\u00f3lica, en especial la de Rinconada de Silva reconocer el gesto que ha tenido La Serran\u00eda y su abogado, que esperan se pueda materializar en un acuerdo definitivo y concreto.<\/p>\n<p>El Cura Ricardo G\u00f3mez no quiso referirse al tenor de la reuni\u00f3n pero bastante emocionado se mostr\u00f3 esperanzado en llegar a un acuerdo para resguardar La Ermita y sobre todo la Virgen del Carmen. Al interior de tribunal fuimos testigos de c\u00f3mo en un gesto que demuestra la disposici\u00f3n de ambas partes en llegar a un acuerdo, una de las dirigentes de la Serran\u00eda abraz\u00f3 al Cura Ricardo y le manifest\u00f3 que \u201ctrabajemos juntos para llegar a un buen acuerdo\u201d.<\/p>\n<p>Patricio Gallardo M.<\/p>\n<p>&nbsp;<\/p>\n","protected":false},"excerpt":{"rendered":"<p>PUTAENDO.- Pasado el mediod\u00eda de este viernes en el Tribunal Mixto de Putaendo, se llev\u00f3 a efecto una Audiencia de Conciliaci\u00f3n entre la Directiva de la Serran\u00eda de Rinconada de Silva y&#8230;<\/p>\n","protected":false},"author":482,"featured_media":46842,"comment_status":"open","ping_status":"closed","sticky":false,"template":"","format":"standard","meta":{"advanced_seo_description":"","jetpack_seo_html_title":"","jetpack_seo_noindex":false,"_jetpack_memberships_contains_paid_content":false,"footnotes":""},"categories":[1],"tags":[],"class_list":["post-46841","post","type-post","status-publish","format-standard","has-post-thumbnail","hentry","category-cronica"],"jetpack_featured_media_url":"https:\/\/i0.wp.com\/eltrabajo.cl\/portal\/wp-content\/uploads\/2014\/05\/Audiencia1.jpg?fit=528%2C347&ssl=1","jetpack_sharing_enabled":true,"jetpack_likes_enabled":true,"jetpack-related-posts":[],"_links":{"self":[{"href":"https:\/\/eltrabajo.cl\/portal\/wp-json\/wp\/v2\/posts\/46841","targetHints":{"allow":["GET"]}}],"collection":[{"href":"https:\/\/eltrabajo.cl\/portal\/wp-json\/wp\/v2\/posts"}],"about":[{"href":"https:\/\/eltrabajo.cl\/portal\/wp-json\/wp\/v2\/types\/post"}],"author":[{"embeddable":true,"href":"https:\/\/eltrabajo.cl\/portal\/wp-json\/wp\/v2\/users\/482"}],"replies":[{"embeddable":true,"href":"https:\/\/eltrabajo.cl\/portal\/wp-json\/wp\/v2\/comments?post=46841"}],"version-history":[{"count":0,"href":"https:\/\/eltrabajo.cl\/portal\/wp-json\/wp\/v2\/posts\/46841\/revisions"}],"wp:featuredmedia":[{"embeddable":true,"href":"https:\/\/eltrabajo.cl\/portal\/wp-json\/wp\/v2\/media\/46842"}],"wp:attachment":[{"href":"https:\/\/eltrabajo.cl\/portal\/wp-json\/wp\/v2\/media?parent=46841"}],"wp:term":[{"taxonomy":"category","embeddable":true,"href":"https:\/\/eltrabajo.cl\/portal\/wp-json\/wp\/v2\/categories?post=46841"},{"taxonomy":"post_tag","embeddable":true,"href":"https:\/\/eltrabajo.cl\/portal\/wp-json\/wp\/v2\/tags?post=46841"}],"curies":[{"name":"wp","href":"https:\/\/api.w.org\/{rel}","templated":true}]}}