{"id":46845,"date":"2014-05-26T09:30:54","date_gmt":"2014-05-26T13:30:54","guid":{"rendered":"http:\/\/www.eltrabajo.cl\/portal\/?p=46845"},"modified":"2014-05-26T09:30:54","modified_gmt":"2014-05-26T13:30:54","slug":"programa-habitabilidad-entrega-equipamiento-a-familias-sanfelipenas","status":"publish","type":"post","link":"https:\/\/eltrabajo.cl\/portal\/programa-habitabilidad-entrega-equipamiento-a-familias-sanfelipenas\/","title":{"rendered":"Programa Habitabilidad entrega equipamiento a familias sanfelipe\u00f1as"},"content":{"rendered":"<figure id=\"attachment_46846\" aria-describedby=\"caption-attachment-46846\" style=\"width: 528px\" class=\"wp-caption alignnone\"><a href=\"https:\/\/i0.wp.com\/www.eltrabajo.cl\/portal\/wp-content\/uploads\/2014\/05\/Programa1.jpg\"><img data-recalc-dims=\"1\" loading=\"lazy\" decoding=\"async\" class=\"size-full wp-image-46846\" alt=\"UNA AYUDITA.- M\u00f3nica Arredondo fue una de las beneficiadas con la entrega de equipamiento, ella pertenece al Programa de Ingreso \u00c9tico Familiar y recibi\u00f3 una importante ayuda para mejorar los dormitorios de sus hijos.\" src=\"https:\/\/i0.wp.com\/www.eltrabajo.cl\/portal\/wp-content\/uploads\/2014\/05\/Programa1.jpg?resize=528%2C360\" width=\"528\" height=\"360\" srcset=\"https:\/\/i0.wp.com\/eltrabajo.cl\/portal\/wp-content\/uploads\/2014\/05\/Programa1.jpg?w=528&amp;ssl=1 528w, https:\/\/i0.wp.com\/eltrabajo.cl\/portal\/wp-content\/uploads\/2014\/05\/Programa1.jpg?resize=200%2C136&amp;ssl=1 200w, https:\/\/i0.wp.com\/eltrabajo.cl\/portal\/wp-content\/uploads\/2014\/05\/Programa1.jpg?resize=300%2C204&amp;ssl=1 300w, https:\/\/i0.wp.com\/eltrabajo.cl\/portal\/wp-content\/uploads\/2014\/05\/Programa1.jpg?resize=150%2C102&amp;ssl=1 150w, https:\/\/i0.wp.com\/eltrabajo.cl\/portal\/wp-content\/uploads\/2014\/05\/Programa1.jpg?resize=400%2C272&amp;ssl=1 400w\" sizes=\"auto, (max-width: 528px) 100vw, 528px\" \/><\/a><figcaption id=\"caption-attachment-46846\" class=\"wp-caption-text\">UNA AYUDITA.- M\u00f3nica Arredondo fue una de las beneficiadas con la entrega de equipamiento, ella pertenece al Programa de Ingreso \u00c9tico Familiar y recibi\u00f3 una importante ayuda para mejorar los dormitorios de sus hijos.<\/figcaption><\/figure>\n<p>En horas de la ma\u00f1ana de este jueves, el Alcalde Patricio Freire entreg\u00f3 equipamiento de casa a varias familias beneficiarias del Programa de Habitabilidad. La entrega se realiz\u00f3 a familias del sector urbano y rural, quienes forman parte de distintos programas que se desarrollan en la comuna, entre ellos Ingreso \u00c9tico Familiar, V\u00ednculos y Chile Solidario, quienes necesitaban con suma urgencia este equipamiento para mejorar su calidad de vida.<\/p>\n<p>En esta oportunidad se beneficiaron a 41 familias con equipamiento b\u00e1sico del hogar y en su mayor\u00eda con soluciones constructivas, lo que alcanz\u00f3 una inversi\u00f3n de m\u00e1s de $25 millones.<\/p>\n<p>M\u00f3nica Arredondo fue una de las beneficiadas con la entrega de equipamiento, ella pertenece al Programa de Ingreso \u00c9tico Familiar y recibi\u00f3 una importante ayuda para mejorar los dormitorios de sus hijos, quienes no dorm\u00edan en las mejores condiciones ni con comodidad.<\/p>\n<p>\u201cLo necesitaba mucho para mis ni\u00f1os, por eso estoy muy agradecida porque me hac\u00eda mucha falta para mis ni\u00f1os, especialmente las camas. Por el Programa \u00c9tico Familiar vieron que necesitaba y nos pusimos en coordinaci\u00f3n hace mucho tiempo y me han ayudado much\u00edsimo, con esto tengo m\u00e1s ganas de seguir luchando y s\u00e9 que si necesito ayuda la voy a recibir, por eso les doy las gracias al Alcalde por visitarnos\u201d, dijo la beneficiaria.<\/p>\n<p>El Alcalde Freire destac\u00f3 la entrega de esta ayuda, que viene a mejorar la calidad de vida de los vecinos. \u201cEstamos entregando apoyo a 41 familias beneficiadas en el marco de este Programa de Habitabilidad, que tiene como objetivo de ir en ayuda de familias de escasos recursos. Estamos entregando camas, cocinas y en general equipamiento de casa, de acuerdo a las necesidades de las familias, que son parte de distintos programas. Estamos trabajando en conjunto con la Gobernaci\u00f3n de San Felipe en beneficio de los vecinos de nuestra comuna\u201d, dijo el jefe comunal.<\/p>\n<p>&nbsp;<\/p>\n","protected":false},"excerpt":{"rendered":"<p>En horas de la ma\u00f1ana de este jueves, el Alcalde Patricio Freire entreg\u00f3 equipamiento de casa a varias familias beneficiarias del Programa de Habitabilidad. La entrega se realiz\u00f3 a familias del sector&#8230;<\/p>\n","protected":false},"author":482,"featured_media":46846,"comment_status":"open","ping_status":"closed","sticky":false,"template":"","format":"standard","meta":{"advanced_seo_description":"","jetpack_seo_html_title":"","jetpack_seo_noindex":false,"_jetpack_memberships_contains_paid_content":false,"footnotes":""},"categories":[1],"tags":[],"class_list":["post-46845","post","type-post","status-publish","format-standard","has-post-thumbnail","hentry","category-cronica"],"jetpack_featured_media_url":"https:\/\/i0.wp.com\/eltrabajo.cl\/portal\/wp-content\/uploads\/2014\/05\/Programa1.jpg?fit=528%2C360&ssl=1","jetpack_sharing_enabled":true,"jetpack_likes_enabled":true,"jetpack-related-posts":[],"_links":{"self":[{"href":"https:\/\/eltrabajo.cl\/portal\/wp-json\/wp\/v2\/posts\/46845","targetHints":{"allow":["GET"]}}],"collection":[{"href":"https:\/\/eltrabajo.cl\/portal\/wp-json\/wp\/v2\/posts"}],"about":[{"href":"https:\/\/eltrabajo.cl\/portal\/wp-json\/wp\/v2\/types\/post"}],"author":[{"embeddable":true,"href":"https:\/\/eltrabajo.cl\/portal\/wp-json\/wp\/v2\/users\/482"}],"replies":[{"embeddable":true,"href":"https:\/\/eltrabajo.cl\/portal\/wp-json\/wp\/v2\/comments?post=46845"}],"version-history":[{"count":0,"href":"https:\/\/eltrabajo.cl\/portal\/wp-json\/wp\/v2\/posts\/46845\/revisions"}],"wp:featuredmedia":[{"embeddable":true,"href":"https:\/\/eltrabajo.cl\/portal\/wp-json\/wp\/v2\/media\/46846"}],"wp:attachment":[{"href":"https:\/\/eltrabajo.cl\/portal\/wp-json\/wp\/v2\/media?parent=46845"}],"wp:term":[{"taxonomy":"category","embeddable":true,"href":"https:\/\/eltrabajo.cl\/portal\/wp-json\/wp\/v2\/categories?post=46845"},{"taxonomy":"post_tag","embeddable":true,"href":"https:\/\/eltrabajo.cl\/portal\/wp-json\/wp\/v2\/tags?post=46845"}],"curies":[{"name":"wp","href":"https:\/\/api.w.org\/{rel}","templated":true}]}}