{"id":46852,"date":"2014-05-26T09:18:58","date_gmt":"2014-05-26T13:18:58","guid":{"rendered":"http:\/\/www.eltrabajo.cl\/portal\/?p=46852"},"modified":"2014-05-26T09:39:46","modified_gmt":"2014-05-26T13:39:46","slug":"vecinos-de-las-vizcachas-y-el-sauce-bloquearon-ruta-internacional","status":"publish","type":"post","link":"https:\/\/eltrabajo.cl\/portal\/vecinos-de-las-vizcachas-y-el-sauce-bloquearon-ruta-internacional\/","title":{"rendered":"Vecinos de Las Vizcachas y El Sauce bloquearon ruta internacional"},"content":{"rendered":"<figure id=\"attachment_46853\" aria-describedby=\"caption-attachment-46853\" style=\"width: 529px\" class=\"wp-caption alignnone\"><a href=\"https:\/\/i0.wp.com\/www.eltrabajo.cl\/portal\/wp-content\/uploads\/2014\/05\/Fuego11.jpg\"><img data-recalc-dims=\"1\" loading=\"lazy\" decoding=\"async\" class=\"size-full wp-image-46853\" alt=\"El bloqueo dur\u00f3 hasta cerca de las 19:00 horas, luego que llegar\u00e1 al lugar la Jefa de Gabinete de la Gobernaci\u00f3n, Aracelli Lambruschini.\" src=\"https:\/\/i0.wp.com\/www.eltrabajo.cl\/portal\/wp-content\/uploads\/2014\/05\/Fuego11.jpg?resize=529%2C401\" width=\"529\" height=\"401\" srcset=\"https:\/\/i0.wp.com\/eltrabajo.cl\/portal\/wp-content\/uploads\/2014\/05\/Fuego11.jpg?w=529&amp;ssl=1 529w, https:\/\/i0.wp.com\/eltrabajo.cl\/portal\/wp-content\/uploads\/2014\/05\/Fuego11.jpg?resize=197%2C150&amp;ssl=1 197w, https:\/\/i0.wp.com\/eltrabajo.cl\/portal\/wp-content\/uploads\/2014\/05\/Fuego11.jpg?resize=300%2C227&amp;ssl=1 300w, https:\/\/i0.wp.com\/eltrabajo.cl\/portal\/wp-content\/uploads\/2014\/05\/Fuego11.jpg?resize=150%2C113&amp;ssl=1 150w, https:\/\/i0.wp.com\/eltrabajo.cl\/portal\/wp-content\/uploads\/2014\/05\/Fuego11.jpg?resize=400%2C303&amp;ssl=1 400w\" sizes=\"auto, (max-width: 529px) 100vw, 529px\" \/><\/a><figcaption id=\"caption-attachment-46853\" class=\"wp-caption-text\">El bloqueo dur\u00f3 hasta cerca de las 19:00 horas, luego que llegar\u00e1 al lugar la Jefa de Gabinete de la Gobernaci\u00f3n, Aracelli Lambruschini.<\/figcaption><\/figure>\n<p><strong>LOS ANDES<\/strong>.- Por cerca de tres horas vecinos de los sectores de El Sauce y Las Vizcachas, mantuvieron cortada la ruta internacional la tarde de este s\u00e1bado en protesta por la falta de un proyecto que permita mejorar la planta de agua potable rural que abastece a cerca de 500 familias del sector. El Presidente de la Junta de Vecinos de Las Vizcachas, Manuel Arredondo Pereira, dijo que en asamblea de los vecinos se determin\u00f3 llevar adelante esta medida de presi\u00f3n y a la vez molestia con las autoridades, ya que se sienten enga\u00f1ados respecto a la existencia de un proyecto para mejorar el APR.<\/p>\n<figure id=\"attachment_46854\" aria-describedby=\"caption-attachment-46854\" style=\"width: 371px\" class=\"wp-caption alignright\"><a href=\"https:\/\/i0.wp.com\/www.eltrabajo.cl\/portal\/wp-content\/uploads\/2014\/05\/Fuergo2.jpg\"><img data-recalc-dims=\"1\" loading=\"lazy\" decoding=\"async\" class=\" wp-image-46854 \" alt=\"La extensa toma de la ruta gener\u00f3 largas filas de veh\u00edculos, especialmente camiones en ambos sentidos.\" src=\"https:\/\/i0.wp.com\/www.eltrabajo.cl\/portal\/wp-content\/uploads\/2014\/05\/Fuergo2.jpg?resize=371%2C261\" width=\"371\" height=\"261\" srcset=\"https:\/\/i0.wp.com\/eltrabajo.cl\/portal\/wp-content\/uploads\/2014\/05\/Fuergo2.jpg?w=530&amp;ssl=1 530w, https:\/\/i0.wp.com\/eltrabajo.cl\/portal\/wp-content\/uploads\/2014\/05\/Fuergo2.jpg?resize=200%2C140&amp;ssl=1 200w, https:\/\/i0.wp.com\/eltrabajo.cl\/portal\/wp-content\/uploads\/2014\/05\/Fuergo2.jpg?resize=300%2C211&amp;ssl=1 300w, https:\/\/i0.wp.com\/eltrabajo.cl\/portal\/wp-content\/uploads\/2014\/05\/Fuergo2.jpg?resize=150%2C105&amp;ssl=1 150w, https:\/\/i0.wp.com\/eltrabajo.cl\/portal\/wp-content\/uploads\/2014\/05\/Fuergo2.jpg?resize=400%2C281&amp;ssl=1 400w\" sizes=\"auto, (max-width: 371px) 100vw, 371px\" \/><\/a><figcaption id=\"caption-attachment-46854\" class=\"wp-caption-text\">La extensa toma de la ruta gener\u00f3 largas filas de veh\u00edculos, especialmente camiones en ambos sentidos.<\/figcaption><\/figure>\n<p><strong>\u00bfFUERON ENGA\u00d1ADOS?<\/strong><\/p>\n<p>El dirigente se\u00f1al\u00f3 que en el mes de enero la Direcci\u00f3n de Obras Hidr\u00e1ulicas les inform\u00f3 que el proyecto del APR estaba en etapa de licitaci\u00f3n, sin embargo en reuni\u00f3n sostenida con la Gobernadora Mar\u00eda Victoria Rodr\u00edguez, supieron que ni siquiera existe el estudio de dise\u00f1o para esta obra.<\/p>\n<p>Reclam\u00f3 adem\u00e1s el hecho que se haya autorizado la instalaci\u00f3n de una planta de extracci\u00f3n de \u00e1ridos en el sector de El Sauce, contigua al lugar donde est\u00e1 el pozo de agua que abastece el APR y que estar\u00eda influyendo en la falta de agua.<\/p>\n<p>Precis\u00f3 que muchas familias ya no cuentan con agua potable y est\u00e1n sacando el vital elemento de canales que pasan por el sector, en una situaci\u00f3n que consider\u00f3 inaceptable. Arredondo incluso no descart\u00f3 que vuelvan a bloquear la ruta en d\u00edas previos al mundial, cuando muchos chilenos viajaran por tierra a Brasil.<\/p>\n<p>El bloqueo dur\u00f3 hasta cerca de las 19:00 horas, luego que llegar\u00e1 al lugar la Jefa de Gabinete de la Gobernaci\u00f3n, Aracelli Lambruschini, quien parlament\u00f3 con los vecinos y escuch\u00f3 sus demandas. Como una medida inmediata y a fin de permitir la circulaci\u00f3n de veh\u00edculos, la gobernaci\u00f3n se comprometi\u00f3 a llevar hasta el sector camiones aljibes con agua potable para abastecer los estanques de APR y as\u00ed poder suplir la falta de suministro. De esta forma la toma del camino se termin\u00f3 sin que se produjeran incidentes entre vecinos y Carabineros.<\/p>\n<p>&nbsp;<\/p>\n","protected":false},"excerpt":{"rendered":"<p>LOS ANDES.- Por cerca de tres horas vecinos de los sectores de El Sauce y Las Vizcachas, mantuvieron cortada la ruta internacional la tarde de este s\u00e1bado en protesta por la falta&#8230;<\/p>\n","protected":false},"author":482,"featured_media":46853,"comment_status":"open","ping_status":"closed","sticky":false,"template":"","format":"standard","meta":{"advanced_seo_description":"","jetpack_seo_html_title":"","jetpack_seo_noindex":false,"_jetpack_memberships_contains_paid_content":false,"footnotes":""},"categories":[1],"tags":[],"class_list":["post-46852","post","type-post","status-publish","format-standard","has-post-thumbnail","hentry","category-cronica"],"jetpack_featured_media_url":"https:\/\/i0.wp.com\/eltrabajo.cl\/portal\/wp-content\/uploads\/2014\/05\/Fuego11.jpg?fit=529%2C401&ssl=1","jetpack_sharing_enabled":true,"jetpack_likes_enabled":true,"jetpack-related-posts":[],"_links":{"self":[{"href":"https:\/\/eltrabajo.cl\/portal\/wp-json\/wp\/v2\/posts\/46852","targetHints":{"allow":["GET"]}}],"collection":[{"href":"https:\/\/eltrabajo.cl\/portal\/wp-json\/wp\/v2\/posts"}],"about":[{"href":"https:\/\/eltrabajo.cl\/portal\/wp-json\/wp\/v2\/types\/post"}],"author":[{"embeddable":true,"href":"https:\/\/eltrabajo.cl\/portal\/wp-json\/wp\/v2\/users\/482"}],"replies":[{"embeddable":true,"href":"https:\/\/eltrabajo.cl\/portal\/wp-json\/wp\/v2\/comments?post=46852"}],"version-history":[{"count":0,"href":"https:\/\/eltrabajo.cl\/portal\/wp-json\/wp\/v2\/posts\/46852\/revisions"}],"wp:featuredmedia":[{"embeddable":true,"href":"https:\/\/eltrabajo.cl\/portal\/wp-json\/wp\/v2\/media\/46853"}],"wp:attachment":[{"href":"https:\/\/eltrabajo.cl\/portal\/wp-json\/wp\/v2\/media?parent=46852"}],"wp:term":[{"taxonomy":"category","embeddable":true,"href":"https:\/\/eltrabajo.cl\/portal\/wp-json\/wp\/v2\/categories?post=46852"},{"taxonomy":"post_tag","embeddable":true,"href":"https:\/\/eltrabajo.cl\/portal\/wp-json\/wp\/v2\/tags?post=46852"}],"curies":[{"name":"wp","href":"https:\/\/api.w.org\/{rel}","templated":true}]}}