{"id":46863,"date":"2014-05-26T10:00:41","date_gmt":"2014-05-26T14:00:41","guid":{"rendered":"http:\/\/www.eltrabajo.cl\/portal\/?p=46863"},"modified":"2014-05-26T10:00:41","modified_gmt":"2014-05-26T14:00:41","slug":"como-nunca-antes-sanfelipenos-vibraron-en-el-dia-del-patrimonio","status":"publish","type":"post","link":"https:\/\/eltrabajo.cl\/portal\/como-nunca-antes-sanfelipenos-vibraron-en-el-dia-del-patrimonio\/","title":{"rendered":"Como nunca antes, sanfelipe\u00f1os vibraron en el D\u00eda del Patrimonio"},"content":{"rendered":"<figure id=\"attachment_46864\" aria-describedby=\"caption-attachment-46864\" style=\"width: 528px\" class=\"wp-caption alignnone\"><a href=\"https:\/\/i0.wp.com\/www.eltrabajo.cl\/portal\/wp-content\/uploads\/2014\/05\/Tradiciones1.jpg\"><img data-recalc-dims=\"1\" loading=\"lazy\" decoding=\"async\" class=\"size-full wp-image-46864\" alt=\"GUARDIANES DEL PASADO.- El Grupo de Bailes Tradiciones, tambi\u00e9n hizo de las suyas en la plaza de armas sanfelipe\u00f1a, pues ellos interpretaron cuecas y muchos bailes antiguos.\" src=\"https:\/\/i0.wp.com\/www.eltrabajo.cl\/portal\/wp-content\/uploads\/2014\/05\/Tradiciones1.jpg?resize=528%2C358\" width=\"528\" height=\"358\" srcset=\"https:\/\/i0.wp.com\/eltrabajo.cl\/portal\/wp-content\/uploads\/2014\/05\/Tradiciones1.jpg?w=528&amp;ssl=1 528w, https:\/\/i0.wp.com\/eltrabajo.cl\/portal\/wp-content\/uploads\/2014\/05\/Tradiciones1.jpg?resize=200%2C135&amp;ssl=1 200w, https:\/\/i0.wp.com\/eltrabajo.cl\/portal\/wp-content\/uploads\/2014\/05\/Tradiciones1.jpg?resize=300%2C203&amp;ssl=1 300w, https:\/\/i0.wp.com\/eltrabajo.cl\/portal\/wp-content\/uploads\/2014\/05\/Tradiciones1.jpg?resize=150%2C101&amp;ssl=1 150w, https:\/\/i0.wp.com\/eltrabajo.cl\/portal\/wp-content\/uploads\/2014\/05\/Tradiciones1.jpg?resize=400%2C271&amp;ssl=1 400w\" sizes=\"auto, (max-width: 528px) 100vw, 528px\" \/><\/a><figcaption id=\"caption-attachment-46864\" class=\"wp-caption-text\">GUARDIANES DEL PASADO.- El Grupo de Bailes Tradiciones, tambi\u00e9n hizo de las suyas en la plaza de armas sanfelipe\u00f1a, pues ellos interpretaron cuecas y muchos bailes antiguos.<\/figcaption><\/figure>\n<p>Con actividades en distintos lugares de la comuna, se celebr\u00f3 este domingo en San Felipe el D\u00eda del Patrimonio Cultural. Ayer distintas instituciones abrieron sus puertas para que la comunidad pudiera conocer m\u00e1s en profundidad su historia y personajes. El Alcalde Patricio Freire visit\u00f3 la exposici\u00f3n de autos antiguos; el ajedrez gigante de los hermanos Julio y Guillermo Quijanes, los documentos period\u00edsticos que se mostraron frente al municipio y recorri\u00f3 la Plaza de Armas, junto con los vecinos que se sumaron a la actividad, escuchando la historia de los edificios que se ubicaban en el sector c\u00e9ntrico, aportando valiosos datos y an\u00e9cdotas de los a\u00f1os en que \u00e9l vivi\u00f3 en el centro.<\/p>\n<p>Luego el recorrido continu\u00f3 en el Liceo Roberto Humeres, que tambi\u00e9n abri\u00f3 sus puertas a la comunidad. En ese lugar el grupo de vecinos visit\u00f3 el teatro del liceo y el museo que comienza a nacer y que est\u00e1 compuesto por valiosas piezas pertenecientes al establecimiento y que son parte de la historia de San Felipe, as\u00ed como el laboratorio de ciencias.<\/p>\n<p>El jefe comunal destac\u00f3 la realizaci\u00f3n de esta actividad, que cont\u00f3 con la participaci\u00f3n de los vecinos de la comuna. \u00abTenemos mucho que mostrar como parte del patrimonio de nuestra comuna. Hemos estado recorriendo varios sectores de la comuna y especialmente en el Liceo Roberto Humeres, nos hemos encontrado con un importante patrimonio en lo que se refiere a la biblioteca y al laboratorio cient\u00edfico, este establecimiento cuenta con valiosos objetos, los que conservaremos y cuidaremos para que puedan ser admirados por las nuevas generaciones\u00bb, dijo el alcalde.<\/p>\n<p><strong>\u00a0LA COLECCI\u00d3N DE\u00a0DIARIO EL TRABAJO<\/strong><\/p>\n<p>Luis Guil Quiruca, fiel colaborador de Diario El Trabajo y tambi\u00e9n ex-columnista de nuestro medio, ofreci\u00f3 a los presentes una colecci\u00f3n de art\u00edculos period\u00edsticos que durante nuestros 85 a\u00f1os de existencia como el m\u00e1s completo medio de comunicaci\u00f3n del valle, hemos publicado desde 1929. El p\u00fablico record\u00f3 las noticias y art\u00edculos hist\u00f3ricos de nuestra provincia.<\/p>\n<p>\u00abHe querido compartir con los sanfelipe\u00f1os de esta muestra de Diario El Trabajo, son p\u00e1ginas y diarios completos que he guardado desde hace muchos a\u00f1os y que tanto a mi persona como a todo sanfelipe\u00f1o de edad, de seguro nos traen bellos y amargos recuerdos, Diario El Trabajo es una instituci\u00f3n de periodismo e historia que no debe desaparecer\u00bb, coment\u00f3 Quiruca.<\/p>\n<p>San Felipe es una de las comunas que m\u00e1s actividades realiz\u00f3 para celebrar este d\u00eda, lo que fue destacado por el Gobernador Eduardo Le\u00f3n.<\/p>\n<p>\u00abQuiero destacar el inmenso patrimonio que tiene el Valle de Aconcagua y la provincia de San Felipe, la verdad que son lugares de mucha historia y destaco la labor del Alcalde Freire porque San Felipe se ha lucido esta vez. En el Liceo Roberto Humeres, un liceo centenario, hay una exposici\u00f3n de libros centenarios, hay mucho patrimonio que debe ser rescatado y est\u00e1 empezando a ser rescatado, por eso agradecer a la directora del liceo el trabajo que est\u00e1 haciendo, que nos va a permitir a los aconcag\u00fcinos rescatar nuestra historia\u00bb, dijo la autoridad provincial.<\/p>\n<p><strong>HISTORIA VIVA<\/strong><\/p>\n<p>El Grupo de Bailes Tradiciones, tambi\u00e9n hizo de las suyas en la plaza de armas sanfelipe\u00f1a, pues ellos interpretaron cuecas antiguas y hasta sorprendieron a los presentes con El Peric\u00f3n, la joya de los tiempos de La Colonia que nuestros abuelos bailaron. Un Ajedrez para el Bicentenario, que trata del ajedrez m\u00e1s grande Chile hecho en madera, tambi\u00e9n fue otra de las sorpresas de la jornada.<\/p>\n<p>\u00abMi hermano Guillermo y yo quisimos presentar ahora en San Felipe, nuestro trabajo cultural, cada figura de este ajedrez representa un personaje de nuestra historia, por ejemplo el Pe\u00f3n significa el baqueano Justo Estay, quien gui\u00f3 al ej\u00e9rcito libertador en su momento; el Alfil est\u00e1 representando a Don Jos\u00e9 Antonio Salinas, un esp\u00eda al servicio de Jos\u00e9 De San Mart\u00edn en aquellos a\u00f1os; el Caballo representa al Piguch\u00e9n; la Torre es en homenaje al torre\u00f3n de nuestro Cristo de Rinconada y el Rey y su Reina est\u00e1n representando a la Princesa Orolonco y a su amado Rodrigo Fern\u00e1ndez y Araujo\u00bb, explic\u00f3 a Diario El Trabajo Julio Quijanes.<\/p>\n<p>Roberto Gonz\u00e1lez Short<\/p>\n<p>rgonzalez@eltrabajo.cl<\/p>\n<div class=\"tiled-gallery type-rectangular tiled-gallery-unresized\" data-original-width=\"640\" data-carousel-extra='null' itemscope itemtype=\"http:\/\/schema.org\/ImageGallery\" > <div class=\"gallery-row\" style=\"width: 640px; height: 467px;\" data-original-width=\"640\" data-original-height=\"467\" > <div class=\"gallery-group images-3\" style=\"width: 223px; height: 467px;\" data-original-width=\"223\" data-original-height=\"467\" > <div class=\"tiled-gallery-item tiled-gallery-item-small\" itemprop=\"associatedMedia\" itemscope itemtype=\"http:\/\/schema.org\/ImageObject\"> <a href=\"https:\/\/eltrabajo.cl\/portal\/como-nunca-antes-sanfelipenos-vibraron-en-el-dia-del-patrimonio\/recuerdos1-3\/\" border=\"0\" itemprop=\"url\"> <meta itemprop=\"width\" content=\"219\"> <meta itemprop=\"height\" content=\"159\"> <img decoding=\"async\" class=\"\" data-attachment-id=\"46874\" data-orig-file=\"https:\/\/eltrabajo.cl\/portal\/wp-content\/uploads\/2014\/05\/Recuerdos1.jpg\" data-orig-size=\"528,385\" data-comments-opened=\"1\" data-image-meta=\"{&quot;aperture&quot;:&quot;10&quot;,&quot;credit&quot;:&quot;&quot;,&quot;camera&quot;:&quot;Canon EOS REBEL T1i&quot;,&quot;caption&quot;:&quot;&quot;,&quot;created_timestamp&quot;:&quot;1401022690&quot;,&quot;copyright&quot;:&quot;&quot;,&quot;focal_length&quot;:&quot;18&quot;,&quot;iso&quot;:&quot;400&quot;,&quot;shutter_speed&quot;:&quot;0.008&quot;,&quot;title&quot;:&quot;&quot;}\" data-image-title=\"Recuerdos1\" data-image-description=\"&lt;p&gt;VISITA AL PASADO.- Los organizadores realizaron una visita al pasado a la Plaza de Armas de San Felipe, pues visitaron cada lugar de las fotos antiguas de este c\u00e9ntrico lugar.&lt;\/p&gt; \" data-medium-file=\"https:\/\/i0.wp.com\/eltrabajo.cl\/portal\/wp-content\/uploads\/2014\/05\/Recuerdos1.jpg?fit=300%2C218&#038;ssl=1\" data-large-file=\"https:\/\/i0.wp.com\/eltrabajo.cl\/portal\/wp-content\/uploads\/2014\/05\/Recuerdos1.jpg?fit=528%2C385&#038;ssl=1\" src=\"https:\/\/i0.wp.com\/eltrabajo.cl\/portal\/wp-content\/uploads\/2014\/05\/Recuerdos1.jpg?w=219&#038;h=159&#038;ssl=1\" srcset=\"https:\/\/i0.wp.com\/eltrabajo.cl\/portal\/wp-content\/uploads\/2014\/05\/Recuerdos1.jpg?w=528&amp;ssl=1 528w, https:\/\/i0.wp.com\/eltrabajo.cl\/portal\/wp-content\/uploads\/2014\/05\/Recuerdos1.jpg?resize=200%2C145&amp;ssl=1 200w, https:\/\/i0.wp.com\/eltrabajo.cl\/portal\/wp-content\/uploads\/2014\/05\/Recuerdos1.jpg?resize=300%2C218&amp;ssl=1 300w, https:\/\/i0.wp.com\/eltrabajo.cl\/portal\/wp-content\/uploads\/2014\/05\/Recuerdos1.jpg?resize=150%2C109&amp;ssl=1 150w, https:\/\/i0.wp.com\/eltrabajo.cl\/portal\/wp-content\/uploads\/2014\/05\/Recuerdos1.jpg?resize=400%2C291&amp;ssl=1 400w\" width=\"219\" height=\"159\" loading=\"lazy\" data-original-width=\"219\" data-original-height=\"159\" itemprop=\"http:\/\/schema.org\/image\" title=\"Recuerdos1\" alt=\"VISITA AL PASADO.- Los organizadores realizaron una visita al pasado a la Plaza de Armas de San Felipe, pues visitaron cada lugar de las fotos antiguas de este c\u00e9ntrico lugar.\" style=\"width: 219px; height: 159px;\" \/> <\/a> <div class=\"tiled-gallery-caption\" itemprop=\"caption description\"> VISITA AL PASADO.- Los organizadores realizaron una visita al pasado a la Plaza de Armas de San Felipe, pues visitaron cada lugar de las fotos antiguas de este c\u00e9ntrico lugar. <\/div> <\/div> <div class=\"tiled-gallery-item tiled-gallery-item-small\" itemprop=\"associatedMedia\" itemscope itemtype=\"http:\/\/schema.org\/ImageObject\"> <a href=\"https:\/\/eltrabajo.cl\/portal\/como-nunca-antes-sanfelipenos-vibraron-en-el-dia-del-patrimonio\/ballet1\/\" border=\"0\" itemprop=\"url\"> <meta itemprop=\"width\" content=\"219\"> <meta itemprop=\"height\" content=\"148\"> <img decoding=\"async\" class=\"\" data-attachment-id=\"46875\" data-orig-file=\"https:\/\/eltrabajo.cl\/portal\/wp-content\/uploads\/2014\/05\/Ballet1.jpg\" data-orig-size=\"529,358\" data-comments-opened=\"1\" data-image-meta=\"{&quot;aperture&quot;:&quot;5.6&quot;,&quot;credit&quot;:&quot;&quot;,&quot;camera&quot;:&quot;Canon EOS REBEL T1i&quot;,&quot;caption&quot;:&quot;&quot;,&quot;created_timestamp&quot;:&quot;1401024020&quot;,&quot;copyright&quot;:&quot;&quot;,&quot;focal_length&quot;:&quot;18&quot;,&quot;iso&quot;:&quot;400&quot;,&quot;shutter_speed&quot;:&quot;0.00625&quot;,&quot;title&quot;:&quot;&quot;}\" data-image-title=\"Ballet1\" data-image-description=\"&lt;p&gt;NUESTRO BALLET.- Estos bailarines son los integrantes del Ballet Municipal de San Felipe y tambi\u00e9n cosecharon muchos aplausos en este D\u00eda del Patrimonio 2014.&lt;\/p&gt; \" data-medium-file=\"https:\/\/i0.wp.com\/eltrabajo.cl\/portal\/wp-content\/uploads\/2014\/05\/Ballet1.jpg?fit=300%2C203&#038;ssl=1\" data-large-file=\"https:\/\/i0.wp.com\/eltrabajo.cl\/portal\/wp-content\/uploads\/2014\/05\/Ballet1.jpg?fit=529%2C358&#038;ssl=1\" src=\"https:\/\/i0.wp.com\/eltrabajo.cl\/portal\/wp-content\/uploads\/2014\/05\/Ballet1.jpg?w=219&#038;h=148&#038;ssl=1\" srcset=\"https:\/\/i0.wp.com\/eltrabajo.cl\/portal\/wp-content\/uploads\/2014\/05\/Ballet1.jpg?w=529&amp;ssl=1 529w, https:\/\/i0.wp.com\/eltrabajo.cl\/portal\/wp-content\/uploads\/2014\/05\/Ballet1.jpg?resize=200%2C135&amp;ssl=1 200w, https:\/\/i0.wp.com\/eltrabajo.cl\/portal\/wp-content\/uploads\/2014\/05\/Ballet1.jpg?resize=300%2C203&amp;ssl=1 300w, https:\/\/i0.wp.com\/eltrabajo.cl\/portal\/wp-content\/uploads\/2014\/05\/Ballet1.jpg?resize=150%2C101&amp;ssl=1 150w, https:\/\/i0.wp.com\/eltrabajo.cl\/portal\/wp-content\/uploads\/2014\/05\/Ballet1.jpg?resize=400%2C270&amp;ssl=1 400w\" width=\"219\" height=\"148\" loading=\"lazy\" data-original-width=\"219\" data-original-height=\"148\" itemprop=\"http:\/\/schema.org\/image\" title=\"Ballet1\" alt=\"NUESTRO BALLET.- Estos bailarines son los integrantes del Ballet Municipal de San Felipe y tambi\u00e9n cosecharon muchos aplausos en este D\u00eda del Patrimonio 2014.\" style=\"width: 219px; height: 148px;\" \/> <\/a> <div class=\"tiled-gallery-caption\" itemprop=\"caption description\"> NUESTRO BALLET.- Estos bailarines son los integrantes del Ballet Municipal de San Felipe y tambi\u00e9n cosecharon muchos aplausos en este D\u00eda del Patrimonio 2014. <\/div> <\/div> <div class=\"tiled-gallery-item tiled-gallery-item-small\" itemprop=\"associatedMedia\" itemscope itemtype=\"http:\/\/schema.org\/ImageObject\"> <a href=\"https:\/\/eltrabajo.cl\/portal\/como-nunca-antes-sanfelipenos-vibraron-en-el-dia-del-patrimonio\/orfeon1-3\/\" border=\"0\" itemprop=\"url\"> <meta itemprop=\"width\" content=\"219\"> <meta itemprop=\"height\" content=\"148\"> <img decoding=\"async\" class=\"\" data-attachment-id=\"46873\" data-orig-file=\"https:\/\/eltrabajo.cl\/portal\/wp-content\/uploads\/2014\/05\/Orfeon11.jpg\" data-orig-size=\"529,358\" data-comments-opened=\"1\" data-image-meta=\"{&quot;aperture&quot;:&quot;8&quot;,&quot;credit&quot;:&quot;&quot;,&quot;camera&quot;:&quot;Canon EOS REBEL T1i&quot;,&quot;caption&quot;:&quot;&quot;,&quot;created_timestamp&quot;:&quot;1401023670&quot;,&quot;copyright&quot;:&quot;&quot;,&quot;focal_length&quot;:&quot;18&quot;,&quot;iso&quot;:&quot;400&quot;,&quot;shutter_speed&quot;:&quot;0.008&quot;,&quot;title&quot;:&quot;&quot;}\" data-image-title=\"Orfeon1\" data-image-description=\"&lt;p&gt;ORFE\u00d3N PATRIMONIAL.- El Orfe\u00f3n de Aconcagua alegr\u00f3 el lugar con su m\u00fasica y digna presencia, j\u00f3venes y mayores coronaron de aplausos cada vez que regalaban sus notas.&lt;\/p&gt; \" data-medium-file=\"https:\/\/i0.wp.com\/eltrabajo.cl\/portal\/wp-content\/uploads\/2014\/05\/Orfeon11.jpg?fit=300%2C203&#038;ssl=1\" data-large-file=\"https:\/\/i0.wp.com\/eltrabajo.cl\/portal\/wp-content\/uploads\/2014\/05\/Orfeon11.jpg?fit=529%2C358&#038;ssl=1\" src=\"https:\/\/i0.wp.com\/eltrabajo.cl\/portal\/wp-content\/uploads\/2014\/05\/Orfeon11.jpg?w=219&#038;h=148&#038;ssl=1\" srcset=\"https:\/\/i0.wp.com\/eltrabajo.cl\/portal\/wp-content\/uploads\/2014\/05\/Orfeon11.jpg?w=529&amp;ssl=1 529w, https:\/\/i0.wp.com\/eltrabajo.cl\/portal\/wp-content\/uploads\/2014\/05\/Orfeon11.jpg?resize=200%2C135&amp;ssl=1 200w, https:\/\/i0.wp.com\/eltrabajo.cl\/portal\/wp-content\/uploads\/2014\/05\/Orfeon11.jpg?resize=300%2C203&amp;ssl=1 300w, https:\/\/i0.wp.com\/eltrabajo.cl\/portal\/wp-content\/uploads\/2014\/05\/Orfeon11.jpg?resize=150%2C101&amp;ssl=1 150w, https:\/\/i0.wp.com\/eltrabajo.cl\/portal\/wp-content\/uploads\/2014\/05\/Orfeon11.jpg?resize=400%2C270&amp;ssl=1 400w\" width=\"219\" height=\"148\" loading=\"lazy\" data-original-width=\"219\" data-original-height=\"148\" itemprop=\"http:\/\/schema.org\/image\" title=\"Orfeon1\" alt=\"ORFE\u00d3N PATRIMONIAL.- El Orfe\u00f3n de Aconcagua alegr\u00f3 el lugar con su m\u00fasica y digna presencia, j\u00f3venes y mayores coronaron de aplausos cada vez que regalaban sus notas.\" style=\"width: 219px; height: 148px;\" \/> <\/a> <div class=\"tiled-gallery-caption\" itemprop=\"caption description\"> ORFE\u00d3N PATRIMONIAL.- El Orfe\u00f3n de Aconcagua alegr\u00f3 el lugar con su m\u00fasica y digna presencia, j\u00f3venes y mayores coronaron de aplausos cada vez que regalaban sus notas. <\/div> <\/div> <\/div> <!-- close group --> <div class=\"gallery-group images-1\" style=\"width: 417px; height: 467px;\" data-original-width=\"417\" data-original-height=\"467\" > <div class=\"tiled-gallery-item tiled-gallery-item-large\" itemprop=\"associatedMedia\" itemscope itemtype=\"http:\/\/schema.org\/ImageObject\"> <a href=\"https:\/\/eltrabajo.cl\/portal\/como-nunca-antes-sanfelipenos-vibraron-en-el-dia-del-patrimonio\/luisito1\/\" border=\"0\" itemprop=\"url\"> <meta itemprop=\"width\" content=\"413\"> <meta itemprop=\"height\" content=\"463\"> <img decoding=\"async\" class=\"\" data-attachment-id=\"46872\" data-orig-file=\"https:\/\/eltrabajo.cl\/portal\/wp-content\/uploads\/2014\/05\/Luisito1.jpg\" data-orig-size=\"529,593\" data-comments-opened=\"1\" data-image-meta=\"{&quot;aperture&quot;:&quot;5&quot;,&quot;credit&quot;:&quot;&quot;,&quot;camera&quot;:&quot;Canon EOS REBEL T1i&quot;,&quot;caption&quot;:&quot;&quot;,&quot;created_timestamp&quot;:&quot;1401022447&quot;,&quot;copyright&quot;:&quot;&quot;,&quot;focal_length&quot;:&quot;18&quot;,&quot;iso&quot;:&quot;400&quot;,&quot;shutter_speed&quot;:&quot;0.008&quot;,&quot;title&quot;:&quot;&quot;}\" data-image-title=\"Luisito1\" data-image-description=\"&lt;p&gt;Luis Guil Quiruca, fiel colaborador de Diario El Trabajo.&lt;\/p&gt; \" data-medium-file=\"https:\/\/i0.wp.com\/eltrabajo.cl\/portal\/wp-content\/uploads\/2014\/05\/Luisito1.jpg?fit=267%2C300&#038;ssl=1\" data-large-file=\"https:\/\/i0.wp.com\/eltrabajo.cl\/portal\/wp-content\/uploads\/2014\/05\/Luisito1.jpg?fit=529%2C593&#038;ssl=1\" src=\"https:\/\/i0.wp.com\/eltrabajo.cl\/portal\/wp-content\/uploads\/2014\/05\/Luisito1.jpg?w=413&#038;h=463&#038;ssl=1\" srcset=\"https:\/\/i0.wp.com\/eltrabajo.cl\/portal\/wp-content\/uploads\/2014\/05\/Luisito1.jpg?w=529&amp;ssl=1 529w, https:\/\/i0.wp.com\/eltrabajo.cl\/portal\/wp-content\/uploads\/2014\/05\/Luisito1.jpg?resize=133%2C150&amp;ssl=1 133w, https:\/\/i0.wp.com\/eltrabajo.cl\/portal\/wp-content\/uploads\/2014\/05\/Luisito1.jpg?resize=267%2C300&amp;ssl=1 267w, https:\/\/i0.wp.com\/eltrabajo.cl\/portal\/wp-content\/uploads\/2014\/05\/Luisito1.jpg?resize=400%2C448&amp;ssl=1 400w\" width=\"413\" height=\"463\" loading=\"lazy\" data-original-width=\"413\" data-original-height=\"463\" itemprop=\"http:\/\/schema.org\/image\" title=\"Luisito1\" alt=\"Luis Guil Quiruca, fiel colaborador de Diario El Trabajo.\" style=\"width: 413px; height: 463px;\" \/> <\/a> <div class=\"tiled-gallery-caption\" itemprop=\"caption description\"> Luis Guil Quiruca, fiel colaborador de Diario El Trabajo. <\/div> <\/div> <\/div> <!-- close group --> <\/div> <!-- close row --> <div class=\"gallery-row\" style=\"width: 640px; height: 286px;\" data-original-width=\"640\" data-original-height=\"286\" > <div class=\"gallery-group images-1\" style=\"width: 420px; height: 286px;\" data-original-width=\"420\" data-original-height=\"286\" > <div class=\"tiled-gallery-item tiled-gallery-item-large\" itemprop=\"associatedMedia\" itemscope itemtype=\"http:\/\/schema.org\/ImageObject\"> <a href=\"https:\/\/eltrabajo.cl\/portal\/como-nunca-antes-sanfelipenos-vibraron-en-el-dia-del-patrimonio\/familias1-4\/\" border=\"0\" itemprop=\"url\"> <meta itemprop=\"width\" content=\"416\"> <meta itemprop=\"height\" content=\"282\"> <img decoding=\"async\" class=\"\" data-attachment-id=\"46871\" data-orig-file=\"https:\/\/eltrabajo.cl\/portal\/wp-content\/uploads\/2014\/05\/Familias1.jpg\" data-orig-size=\"529,358\" data-comments-opened=\"1\" data-image-meta=\"{&quot;aperture&quot;:&quot;10&quot;,&quot;credit&quot;:&quot;&quot;,&quot;camera&quot;:&quot;Canon EOS REBEL T1i&quot;,&quot;caption&quot;:&quot;&quot;,&quot;created_timestamp&quot;:&quot;1401022002&quot;,&quot;copyright&quot;:&quot;&quot;,&quot;focal_length&quot;:&quot;55&quot;,&quot;iso&quot;:&quot;400&quot;,&quot;shutter_speed&quot;:&quot;0.008&quot;,&quot;title&quot;:&quot;&quot;}\" data-image-title=\"Familias1\" data-image-description=\"&lt;p&gt;FAMILIAS ALEGRES.- Familias enteras salieron de sus casas para permanecer por horas disfrutando de las actividades realizadas en la Plaza de Armas de la provincia.&lt;\/p&gt; \" data-medium-file=\"https:\/\/i0.wp.com\/eltrabajo.cl\/portal\/wp-content\/uploads\/2014\/05\/Familias1.jpg?fit=300%2C203&#038;ssl=1\" data-large-file=\"https:\/\/i0.wp.com\/eltrabajo.cl\/portal\/wp-content\/uploads\/2014\/05\/Familias1.jpg?fit=529%2C358&#038;ssl=1\" src=\"https:\/\/i0.wp.com\/eltrabajo.cl\/portal\/wp-content\/uploads\/2014\/05\/Familias1.jpg?w=416&#038;h=282&#038;ssl=1\" srcset=\"https:\/\/i0.wp.com\/eltrabajo.cl\/portal\/wp-content\/uploads\/2014\/05\/Familias1.jpg?w=529&amp;ssl=1 529w, https:\/\/i0.wp.com\/eltrabajo.cl\/portal\/wp-content\/uploads\/2014\/05\/Familias1.jpg?resize=200%2C135&amp;ssl=1 200w, https:\/\/i0.wp.com\/eltrabajo.cl\/portal\/wp-content\/uploads\/2014\/05\/Familias1.jpg?resize=300%2C203&amp;ssl=1 300w, https:\/\/i0.wp.com\/eltrabajo.cl\/portal\/wp-content\/uploads\/2014\/05\/Familias1.jpg?resize=150%2C101&amp;ssl=1 150w, https:\/\/i0.wp.com\/eltrabajo.cl\/portal\/wp-content\/uploads\/2014\/05\/Familias1.jpg?resize=400%2C270&amp;ssl=1 400w\" width=\"416\" height=\"282\" loading=\"lazy\" data-original-width=\"416\" data-original-height=\"282\" itemprop=\"http:\/\/schema.org\/image\" title=\"Familias1\" alt=\"FAMILIAS ALEGRES.- Familias enteras salieron de sus casas para permanecer por horas disfrutando de las actividades realizadas en la Plaza de Armas de la provincia.\" style=\"width: 416px; height: 282px;\" \/> <\/a> <div class=\"tiled-gallery-caption\" itemprop=\"caption description\"> FAMILIAS ALEGRES.- Familias enteras salieron de sus casas para permanecer por horas disfrutando de las actividades realizadas en la Plaza de Armas de la provincia. <\/div> <\/div> <\/div> <!-- close group --> <div class=\"gallery-group images-1\" style=\"width: 220px; height: 286px;\" data-original-width=\"220\" data-original-height=\"286\" > <div class=\"tiled-gallery-item tiled-gallery-item-small\" itemprop=\"associatedMedia\" itemscope itemtype=\"http:\/\/schema.org\/ImageObject\"> <a href=\"https:\/\/eltrabajo.cl\/portal\/como-nunca-antes-sanfelipenos-vibraron-en-el-dia-del-patrimonio\/el-trabajo1-2\/\" border=\"0\" itemprop=\"url\"> <meta itemprop=\"width\" content=\"216\"> <meta itemprop=\"height\" content=\"282\"> <img decoding=\"async\" class=\"\" data-attachment-id=\"46870\" data-orig-file=\"https:\/\/eltrabajo.cl\/portal\/wp-content\/uploads\/2014\/05\/El-Trabajo1.jpg\" data-orig-size=\"529,690\" data-comments-opened=\"1\" data-image-meta=\"{&quot;aperture&quot;:&quot;25&quot;,&quot;credit&quot;:&quot;&quot;,&quot;camera&quot;:&quot;Canon EOS REBEL T1i&quot;,&quot;caption&quot;:&quot;&quot;,&quot;created_timestamp&quot;:&quot;1401022358&quot;,&quot;copyright&quot;:&quot;&quot;,&quot;focal_length&quot;:&quot;24&quot;,&quot;iso&quot;:&quot;400&quot;,&quot;shutter_speed&quot;:&quot;0.008&quot;,&quot;title&quot;:&quot;&quot;}\" data-image-title=\"El Trabajo1\" data-image-description=\"&lt;p&gt;DIARIO EL TRABAJO.- Luis Quiruca, fiel colaborador de Diario El Trabajo y tambi\u00e9n ex-columnista de nuestro medio, ofreci\u00f3 a los presentes una colecci\u00f3n de art\u00edculos de nuestro medio.&lt;\/p&gt; \" data-medium-file=\"https:\/\/i0.wp.com\/eltrabajo.cl\/portal\/wp-content\/uploads\/2014\/05\/El-Trabajo1.jpg?fit=230%2C300&#038;ssl=1\" data-large-file=\"https:\/\/i0.wp.com\/eltrabajo.cl\/portal\/wp-content\/uploads\/2014\/05\/El-Trabajo1.jpg?fit=529%2C690&#038;ssl=1\" src=\"https:\/\/i0.wp.com\/eltrabajo.cl\/portal\/wp-content\/uploads\/2014\/05\/El-Trabajo1.jpg?w=216&#038;h=282&#038;ssl=1\" srcset=\"https:\/\/i0.wp.com\/eltrabajo.cl\/portal\/wp-content\/uploads\/2014\/05\/El-Trabajo1.jpg?w=529&amp;ssl=1 529w, https:\/\/i0.wp.com\/eltrabajo.cl\/portal\/wp-content\/uploads\/2014\/05\/El-Trabajo1.jpg?resize=115%2C150&amp;ssl=1 115w, https:\/\/i0.wp.com\/eltrabajo.cl\/portal\/wp-content\/uploads\/2014\/05\/El-Trabajo1.jpg?resize=230%2C300&amp;ssl=1 230w, https:\/\/i0.wp.com\/eltrabajo.cl\/portal\/wp-content\/uploads\/2014\/05\/El-Trabajo1.jpg?resize=400%2C521&amp;ssl=1 400w\" width=\"216\" height=\"282\" loading=\"lazy\" data-original-width=\"216\" data-original-height=\"282\" itemprop=\"http:\/\/schema.org\/image\" title=\"El Trabajo1\" alt=\"DIARIO EL TRABAJO.- Luis Quiruca, fiel colaborador de Diario El Trabajo y tambi\u00e9n ex-columnista de nuestro medio, ofreci\u00f3 a los presentes una colecci\u00f3n de art\u00edculos de nuestro medio.\" style=\"width: 216px; height: 282px;\" \/> <\/a> <div class=\"tiled-gallery-caption\" itemprop=\"caption description\"> DIARIO EL TRABAJO.- Luis Quiruca, fiel colaborador de Diario El Trabajo y tambi\u00e9n ex-columnista de nuestro medio, ofreci\u00f3 a los presentes una colecci\u00f3n de art\u00edculos de nuestro medio. <\/div> <\/div> <\/div> <!-- close group --> <\/div> <!-- close row --> <div class=\"gallery-row\" style=\"width: 640px; height: 298px;\" data-original-width=\"640\" data-original-height=\"298\" > <div class=\"gallery-group images-1\" style=\"width: 428px; height: 298px;\" data-original-width=\"428\" data-original-height=\"298\" > <div class=\"tiled-gallery-item tiled-gallery-item-large\" itemprop=\"associatedMedia\" itemscope itemtype=\"http:\/\/schema.org\/ImageObject\"> <a href=\"https:\/\/eltrabajo.cl\/portal\/como-nunca-antes-sanfelipenos-vibraron-en-el-dia-del-patrimonio\/cacharro1\/\" border=\"0\" itemprop=\"url\"> <meta itemprop=\"width\" content=\"424\"> <meta itemprop=\"height\" content=\"294\"> <img decoding=\"async\" class=\"\" data-attachment-id=\"46869\" data-orig-file=\"https:\/\/eltrabajo.cl\/portal\/wp-content\/uploads\/2014\/05\/Cacharro1.jpg\" data-orig-size=\"529,367\" data-comments-opened=\"1\" data-image-meta=\"{&quot;aperture&quot;:&quot;18&quot;,&quot;credit&quot;:&quot;&quot;,&quot;camera&quot;:&quot;Canon EOS REBEL T1i&quot;,&quot;caption&quot;:&quot;&quot;,&quot;created_timestamp&quot;:&quot;1401023169&quot;,&quot;copyright&quot;:&quot;&quot;,&quot;focal_length&quot;:&quot;18&quot;,&quot;iso&quot;:&quot;400&quot;,&quot;shutter_speed&quot;:&quot;0.008&quot;,&quot;title&quot;:&quot;&quot;}\" data-image-title=\"Cacharro1\" data-image-description=\"&lt;p&gt;SALUDO PATRIMONIAL.- El Alcalde Patricio Freire no resisti\u00f3 las ganas de subir a uno de los autos antiguos de Miguel Santelices, Jaime Lepe y la Escuela Agr\u00edcola, que frente al municipio embellecieron la jornada patrimonial.&lt;\/p&gt; \" data-medium-file=\"https:\/\/i0.wp.com\/eltrabajo.cl\/portal\/wp-content\/uploads\/2014\/05\/Cacharro1.jpg?fit=300%2C208&#038;ssl=1\" data-large-file=\"https:\/\/i0.wp.com\/eltrabajo.cl\/portal\/wp-content\/uploads\/2014\/05\/Cacharro1.jpg?fit=529%2C367&#038;ssl=1\" src=\"https:\/\/i0.wp.com\/eltrabajo.cl\/portal\/wp-content\/uploads\/2014\/05\/Cacharro1.jpg?w=424&#038;h=294&#038;ssl=1\" srcset=\"https:\/\/i0.wp.com\/eltrabajo.cl\/portal\/wp-content\/uploads\/2014\/05\/Cacharro1.jpg?w=529&amp;ssl=1 529w, https:\/\/i0.wp.com\/eltrabajo.cl\/portal\/wp-content\/uploads\/2014\/05\/Cacharro1.jpg?resize=200%2C138&amp;ssl=1 200w, https:\/\/i0.wp.com\/eltrabajo.cl\/portal\/wp-content\/uploads\/2014\/05\/Cacharro1.jpg?resize=300%2C208&amp;ssl=1 300w, https:\/\/i0.wp.com\/eltrabajo.cl\/portal\/wp-content\/uploads\/2014\/05\/Cacharro1.jpg?resize=150%2C104&amp;ssl=1 150w, https:\/\/i0.wp.com\/eltrabajo.cl\/portal\/wp-content\/uploads\/2014\/05\/Cacharro1.jpg?resize=400%2C277&amp;ssl=1 400w\" width=\"424\" height=\"294\" loading=\"lazy\" data-original-width=\"424\" data-original-height=\"294\" itemprop=\"http:\/\/schema.org\/image\" title=\"Cacharro1\" alt=\"SALUDO PATRIMONIAL.- El Alcalde Patricio Freire no resisti\u00f3 las ganas de subir a uno de los autos antiguos de Miguel Santelices, Jaime Lepe y la Escuela Agr\u00edcola, que frente al municipio embellecieron la jornada patrimonial.\" style=\"width: 424px; height: 294px;\" \/> <\/a> <div class=\"tiled-gallery-caption\" itemprop=\"caption description\"> SALUDO PATRIMONIAL.- El Alcalde Patricio Freire no resisti\u00f3 las ganas de subir a uno de los autos antiguos de Miguel Santelices, Jaime Lepe y la Escuela Agr\u00edcola, que frente al municipio embellecieron la jornada patrimonial. <\/div> <\/div> <\/div> <!-- close group --> <div class=\"gallery-group images-2\" style=\"width: 212px; height: 298px;\" data-original-width=\"212\" data-original-height=\"298\" > <div class=\"tiled-gallery-item tiled-gallery-item-small\" itemprop=\"associatedMedia\" itemscope itemtype=\"http:\/\/schema.org\/ImageObject\"> <a href=\"https:\/\/eltrabajo.cl\/portal\/como-nunca-antes-sanfelipenos-vibraron-en-el-dia-del-patrimonio\/autoridades1-19\/\" border=\"0\" itemprop=\"url\"> <meta itemprop=\"width\" content=\"208\"> <meta itemprop=\"height\" content=\"149\"> <img decoding=\"async\" class=\"\" data-attachment-id=\"46868\" data-orig-file=\"https:\/\/eltrabajo.cl\/portal\/wp-content\/uploads\/2014\/05\/Autoridades1.jpg\" data-orig-size=\"529,380\" data-comments-opened=\"1\" data-image-meta=\"{&quot;aperture&quot;:&quot;0&quot;,&quot;credit&quot;:&quot;&quot;,&quot;camera&quot;:&quot;&quot;,&quot;caption&quot;:&quot;&quot;,&quot;created_timestamp&quot;:&quot;0&quot;,&quot;copyright&quot;:&quot;&quot;,&quot;focal_length&quot;:&quot;0&quot;,&quot;iso&quot;:&quot;0&quot;,&quot;shutter_speed&quot;:&quot;0&quot;,&quot;title&quot;:&quot;&quot;}\" data-image-title=\"Autoridades1\" data-image-description=\"&lt;p&gt;TRABAJO DE EQUIPO.- Manuel Z\u00fa\u00f1iga, Coordinador de Cultura y Patricio Freire, alcalde de la ciudad, posan junto a los hermanos Guillermo y Julio Quijanes para las c\u00e1maras de Diario El Trabajo.&lt;\/p&gt; \" data-medium-file=\"https:\/\/i0.wp.com\/eltrabajo.cl\/portal\/wp-content\/uploads\/2014\/05\/Autoridades1.jpg?fit=300%2C215&#038;ssl=1\" data-large-file=\"https:\/\/i0.wp.com\/eltrabajo.cl\/portal\/wp-content\/uploads\/2014\/05\/Autoridades1.jpg?fit=529%2C380&#038;ssl=1\" src=\"https:\/\/i0.wp.com\/eltrabajo.cl\/portal\/wp-content\/uploads\/2014\/05\/Autoridades1.jpg?w=208&#038;h=149&#038;ssl=1\" srcset=\"https:\/\/i0.wp.com\/eltrabajo.cl\/portal\/wp-content\/uploads\/2014\/05\/Autoridades1.jpg?w=529&amp;ssl=1 529w, https:\/\/i0.wp.com\/eltrabajo.cl\/portal\/wp-content\/uploads\/2014\/05\/Autoridades1.jpg?resize=200%2C143&amp;ssl=1 200w, https:\/\/i0.wp.com\/eltrabajo.cl\/portal\/wp-content\/uploads\/2014\/05\/Autoridades1.jpg?resize=300%2C215&amp;ssl=1 300w, https:\/\/i0.wp.com\/eltrabajo.cl\/portal\/wp-content\/uploads\/2014\/05\/Autoridades1.jpg?resize=150%2C107&amp;ssl=1 150w, https:\/\/i0.wp.com\/eltrabajo.cl\/portal\/wp-content\/uploads\/2014\/05\/Autoridades1.jpg?resize=400%2C287&amp;ssl=1 400w\" width=\"208\" height=\"149\" loading=\"lazy\" data-original-width=\"208\" data-original-height=\"149\" itemprop=\"http:\/\/schema.org\/image\" title=\"Autoridades1\" alt=\"TRABAJO DE EQUIPO.- Manuel Z\u00fa\u00f1iga, Coordinador de Cultura y Patricio Freire, alcalde de la ciudad, posan junto a los hermanos Guillermo y Julio Quijanes para las c\u00e1maras de Diario El Trabajo.\" style=\"width: 208px; height: 149px;\" \/> <\/a> <div class=\"tiled-gallery-caption\" itemprop=\"caption description\"> TRABAJO DE EQUIPO.- Manuel Z\u00fa\u00f1iga, Coordinador de Cultura y Patricio Freire, alcalde de la ciudad, posan junto a los hermanos Guillermo y Julio Quijanes para las c\u00e1maras de Diario El Trabajo. <\/div> <\/div> <div class=\"tiled-gallery-item tiled-gallery-item-small\" itemprop=\"associatedMedia\" itemscope itemtype=\"http:\/\/schema.org\/ImageObject\"> <a href=\"https:\/\/eltrabajo.cl\/portal\/como-nunca-antes-sanfelipenos-vibraron-en-el-dia-del-patrimonio\/artesanos1-4\/\" border=\"0\" itemprop=\"url\"> <meta itemprop=\"width\" content=\"208\"> <meta itemprop=\"height\" content=\"141\"> <img decoding=\"async\" class=\"\" data-attachment-id=\"46867\" data-orig-file=\"https:\/\/eltrabajo.cl\/portal\/wp-content\/uploads\/2014\/05\/Artesanos1.jpg\" data-orig-size=\"529,358\" data-comments-opened=\"1\" data-image-meta=\"{&quot;aperture&quot;:&quot;4&quot;,&quot;credit&quot;:&quot;&quot;,&quot;camera&quot;:&quot;Canon EOS REBEL T1i&quot;,&quot;caption&quot;:&quot;&quot;,&quot;created_timestamp&quot;:&quot;1401024687&quot;,&quot;copyright&quot;:&quot;&quot;,&quot;focal_length&quot;:&quot;18&quot;,&quot;iso&quot;:&quot;400&quot;,&quot;shutter_speed&quot;:&quot;0.016666666666667&quot;,&quot;title&quot;:&quot;&quot;}\" data-image-title=\"Artesanos1\" data-image-description=\"&lt;p&gt;NUESTRA HISTORIA.- En la Sociedad de Artesanos La Uni\u00f3n de San Felipe, se exhibieron documentos relacionados con el pasado comercial de nuestra ciudad, familias enteras visitaron el lugar.&lt;\/p&gt; \" data-medium-file=\"https:\/\/i0.wp.com\/eltrabajo.cl\/portal\/wp-content\/uploads\/2014\/05\/Artesanos1.jpg?fit=300%2C203&#038;ssl=1\" data-large-file=\"https:\/\/i0.wp.com\/eltrabajo.cl\/portal\/wp-content\/uploads\/2014\/05\/Artesanos1.jpg?fit=529%2C358&#038;ssl=1\" src=\"https:\/\/i0.wp.com\/eltrabajo.cl\/portal\/wp-content\/uploads\/2014\/05\/Artesanos1.jpg?w=208&#038;h=141&#038;ssl=1\" srcset=\"https:\/\/i0.wp.com\/eltrabajo.cl\/portal\/wp-content\/uploads\/2014\/05\/Artesanos1.jpg?w=529&amp;ssl=1 529w, https:\/\/i0.wp.com\/eltrabajo.cl\/portal\/wp-content\/uploads\/2014\/05\/Artesanos1.jpg?resize=200%2C135&amp;ssl=1 200w, https:\/\/i0.wp.com\/eltrabajo.cl\/portal\/wp-content\/uploads\/2014\/05\/Artesanos1.jpg?resize=300%2C203&amp;ssl=1 300w, https:\/\/i0.wp.com\/eltrabajo.cl\/portal\/wp-content\/uploads\/2014\/05\/Artesanos1.jpg?resize=150%2C101&amp;ssl=1 150w, https:\/\/i0.wp.com\/eltrabajo.cl\/portal\/wp-content\/uploads\/2014\/05\/Artesanos1.jpg?resize=400%2C270&amp;ssl=1 400w\" width=\"208\" height=\"141\" loading=\"lazy\" data-original-width=\"208\" data-original-height=\"141\" itemprop=\"http:\/\/schema.org\/image\" title=\"Artesanos1\" alt=\"NUESTRA HISTORIA.- En la Sociedad de Artesanos La Uni\u00f3n de San Felipe, se exhibieron documentos relacionados con el pasado comercial de nuestra ciudad, familias enteras visitaron el lugar.\" style=\"width: 208px; height: 141px;\" \/> <\/a> <div class=\"tiled-gallery-caption\" itemprop=\"caption description\"> NUESTRA HISTORIA.- En la Sociedad de Artesanos La Uni\u00f3n de San Felipe, se exhibieron documentos relacionados con el pasado comercial de nuestra ciudad, familias enteras visitaron el lugar. <\/div> <\/div> <\/div> <!-- close group --> <\/div> <!-- close row --> <div class=\"gallery-row\" style=\"width: 640px; height: 259px;\" data-original-width=\"640\" data-original-height=\"259\" > <div class=\"gallery-group images-1\" style=\"width: 243px; height: 259px;\" data-original-width=\"243\" data-original-height=\"259\" > <div class=\"tiled-gallery-item tiled-gallery-item-small\" itemprop=\"associatedMedia\" itemscope itemtype=\"http:\/\/schema.org\/ImageObject\"> <a href=\"https:\/\/eltrabajo.cl\/portal\/como-nunca-antes-sanfelipenos-vibraron-en-el-dia-del-patrimonio\/alcalde-freire-9\/\" border=\"0\" itemprop=\"url\"> <meta itemprop=\"width\" content=\"239\"> <meta itemprop=\"height\" content=\"255\"> <img decoding=\"async\" class=\"\" data-attachment-id=\"46866\" data-orig-file=\"https:\/\/eltrabajo.cl\/portal\/wp-content\/uploads\/2014\/05\/Alcalde-Freire.jpg\" data-orig-size=\"529,565\" data-comments-opened=\"1\" data-image-meta=\"{&quot;aperture&quot;:&quot;8&quot;,&quot;credit&quot;:&quot;&quot;,&quot;camera&quot;:&quot;Canon EOS REBEL T1i&quot;,&quot;caption&quot;:&quot;&quot;,&quot;created_timestamp&quot;:&quot;1400594055&quot;,&quot;copyright&quot;:&quot;&quot;,&quot;focal_length&quot;:&quot;20&quot;,&quot;iso&quot;:&quot;100&quot;,&quot;shutter_speed&quot;:&quot;0.005&quot;,&quot;title&quot;:&quot;&quot;}\" data-image-title=\"Alcalde Freire\" data-image-description=\"&lt;p&gt;Patricio Freire, alcalde de San Felipe.&lt;\/p&gt; \" data-medium-file=\"https:\/\/i0.wp.com\/eltrabajo.cl\/portal\/wp-content\/uploads\/2014\/05\/Alcalde-Freire.jpg?fit=280%2C300&#038;ssl=1\" data-large-file=\"https:\/\/i0.wp.com\/eltrabajo.cl\/portal\/wp-content\/uploads\/2014\/05\/Alcalde-Freire.jpg?fit=529%2C565&#038;ssl=1\" src=\"https:\/\/i0.wp.com\/eltrabajo.cl\/portal\/wp-content\/uploads\/2014\/05\/Alcalde-Freire.jpg?w=239&#038;h=255&#038;ssl=1\" srcset=\"https:\/\/i0.wp.com\/eltrabajo.cl\/portal\/wp-content\/uploads\/2014\/05\/Alcalde-Freire.jpg?w=529&amp;ssl=1 529w, https:\/\/i0.wp.com\/eltrabajo.cl\/portal\/wp-content\/uploads\/2014\/05\/Alcalde-Freire.jpg?resize=140%2C150&amp;ssl=1 140w, https:\/\/i0.wp.com\/eltrabajo.cl\/portal\/wp-content\/uploads\/2014\/05\/Alcalde-Freire.jpg?resize=280%2C300&amp;ssl=1 280w, https:\/\/i0.wp.com\/eltrabajo.cl\/portal\/wp-content\/uploads\/2014\/05\/Alcalde-Freire.jpg?resize=400%2C427&amp;ssl=1 400w\" width=\"239\" height=\"255\" loading=\"lazy\" data-original-width=\"239\" data-original-height=\"255\" itemprop=\"http:\/\/schema.org\/image\" title=\"Alcalde Freire\" alt=\"Patricio Freire, alcalde de San Felipe.\" style=\"width: 239px; height: 255px;\" \/> <\/a> <div class=\"tiled-gallery-caption\" itemprop=\"caption description\"> Patricio Freire, alcalde de San Felipe. <\/div> <\/div> <\/div> <!-- close group --> <div class=\"gallery-group images-1\" style=\"width: 397px; height: 259px;\" data-original-width=\"397\" data-original-height=\"259\" > <div class=\"tiled-gallery-item tiled-gallery-item-large\" itemprop=\"associatedMedia\" itemscope itemtype=\"http:\/\/schema.org\/ImageObject\"> <a href=\"https:\/\/eltrabajo.cl\/portal\/como-nunca-antes-sanfelipenos-vibraron-en-el-dia-del-patrimonio\/ajedrez1-4\/\" border=\"0\" itemprop=\"url\"> <meta itemprop=\"width\" content=\"393\"> <meta itemprop=\"height\" content=\"255\"> <img decoding=\"async\" class=\"\" data-attachment-id=\"46865\" data-orig-file=\"https:\/\/eltrabajo.cl\/portal\/wp-content\/uploads\/2014\/05\/Ajedrez1.jpg\" data-orig-size=\"528,343\" data-comments-opened=\"1\" data-image-meta=\"{&quot;aperture&quot;:&quot;10&quot;,&quot;credit&quot;:&quot;&quot;,&quot;camera&quot;:&quot;Canon EOS REBEL T1i&quot;,&quot;caption&quot;:&quot;&quot;,&quot;created_timestamp&quot;:&quot;1401022114&quot;,&quot;copyright&quot;:&quot;&quot;,&quot;focal_length&quot;:&quot;18&quot;,&quot;iso&quot;:&quot;400&quot;,&quot;shutter_speed&quot;:&quot;0.008&quot;,&quot;title&quot;:&quot;&quot;}\" data-image-title=\"Ajedrez1\" data-image-description=\"&lt;p&gt;TALENTO GIGANTE.- El ajedrez gigante de los hermanos Julio y Guillermo Quijanes, sorprendi\u00f3 a los presentes, algunos aprovecharon para tomarse fotos con las enormes figuras.&lt;\/p&gt; \" data-medium-file=\"https:\/\/i0.wp.com\/eltrabajo.cl\/portal\/wp-content\/uploads\/2014\/05\/Ajedrez1.jpg?fit=300%2C194&#038;ssl=1\" data-large-file=\"https:\/\/i0.wp.com\/eltrabajo.cl\/portal\/wp-content\/uploads\/2014\/05\/Ajedrez1.jpg?fit=528%2C343&#038;ssl=1\" src=\"https:\/\/i0.wp.com\/eltrabajo.cl\/portal\/wp-content\/uploads\/2014\/05\/Ajedrez1.jpg?w=393&#038;h=255&#038;ssl=1\" srcset=\"https:\/\/i0.wp.com\/eltrabajo.cl\/portal\/wp-content\/uploads\/2014\/05\/Ajedrez1.jpg?w=528&amp;ssl=1 528w, https:\/\/i0.wp.com\/eltrabajo.cl\/portal\/wp-content\/uploads\/2014\/05\/Ajedrez1.jpg?resize=200%2C129&amp;ssl=1 200w, https:\/\/i0.wp.com\/eltrabajo.cl\/portal\/wp-content\/uploads\/2014\/05\/Ajedrez1.jpg?resize=300%2C194&amp;ssl=1 300w, https:\/\/i0.wp.com\/eltrabajo.cl\/portal\/wp-content\/uploads\/2014\/05\/Ajedrez1.jpg?resize=150%2C97&amp;ssl=1 150w, https:\/\/i0.wp.com\/eltrabajo.cl\/portal\/wp-content\/uploads\/2014\/05\/Ajedrez1.jpg?resize=400%2C259&amp;ssl=1 400w\" width=\"393\" height=\"255\" loading=\"lazy\" data-original-width=\"393\" data-original-height=\"255\" itemprop=\"http:\/\/schema.org\/image\" title=\"Ajedrez1\" alt=\"TALENTO GIGANTE.- El ajedrez gigante de los hermanos Julio y Guillermo Quijanes, sorprendi\u00f3 a los presentes, algunos aprovecharon para tomarse fotos con las enormes figuras.\" style=\"width: 393px; height: 255px;\" \/> <\/a> <div class=\"tiled-gallery-caption\" itemprop=\"caption description\"> TALENTO GIGANTE.- El ajedrez gigante de los hermanos Julio y Guillermo Quijanes, sorprendi\u00f3 a los presentes, algunos aprovecharon para tomarse fotos con las enormes figuras. <\/div> <\/div> <\/div> <!-- close group --> <\/div> <!-- close row --> <\/div>\n","protected":false},"excerpt":{"rendered":"<p>Con actividades en distintos lugares de la comuna, se celebr\u00f3 este domingo en San Felipe el D\u00eda del Patrimonio Cultural. Ayer distintas instituciones abrieron sus puertas para que la comunidad pudiera conocer&#8230;<\/p>\n","protected":false},"author":482,"featured_media":46864,"comment_status":"open","ping_status":"closed","sticky":false,"template":"","format":"standard","meta":{"advanced_seo_description":"","jetpack_seo_html_title":"","jetpack_seo_noindex":false,"_jetpack_memberships_contains_paid_content":false,"footnotes":""},"categories":[15],"tags":[],"class_list":["post-46863","post","type-post","status-publish","format-standard","has-post-thumbnail","hentry","category-comunidad"],"jetpack_featured_media_url":"https:\/\/i0.wp.com\/eltrabajo.cl\/portal\/wp-content\/uploads\/2014\/05\/Tradiciones1.jpg?fit=528%2C358&ssl=1","jetpack_sharing_enabled":true,"jetpack_likes_enabled":true,"jetpack-related-posts":[],"_links":{"self":[{"href":"https:\/\/eltrabajo.cl\/portal\/wp-json\/wp\/v2\/posts\/46863","targetHints":{"allow":["GET"]}}],"collection":[{"href":"https:\/\/eltrabajo.cl\/portal\/wp-json\/wp\/v2\/posts"}],"about":[{"href":"https:\/\/eltrabajo.cl\/portal\/wp-json\/wp\/v2\/types\/post"}],"author":[{"embeddable":true,"href":"https:\/\/eltrabajo.cl\/portal\/wp-json\/wp\/v2\/users\/482"}],"replies":[{"embeddable":true,"href":"https:\/\/eltrabajo.cl\/portal\/wp-json\/wp\/v2\/comments?post=46863"}],"version-history":[{"count":0,"href":"https:\/\/eltrabajo.cl\/portal\/wp-json\/wp\/v2\/posts\/46863\/revisions"}],"wp:featuredmedia":[{"embeddable":true,"href":"https:\/\/eltrabajo.cl\/portal\/wp-json\/wp\/v2\/media\/46864"}],"wp:attachment":[{"href":"https:\/\/eltrabajo.cl\/portal\/wp-json\/wp\/v2\/media?parent=46863"}],"wp:term":[{"taxonomy":"category","embeddable":true,"href":"https:\/\/eltrabajo.cl\/portal\/wp-json\/wp\/v2\/categories?post=46863"},{"taxonomy":"post_tag","embeddable":true,"href":"https:\/\/eltrabajo.cl\/portal\/wp-json\/wp\/v2\/tags?post=46863"}],"curies":[{"name":"wp","href":"https:\/\/api.w.org\/{rel}","templated":true}]}}