{"id":46907,"date":"2014-05-28T12:45:02","date_gmt":"2014-05-28T16:45:02","guid":{"rendered":"http:\/\/www.eltrabajo.cl\/portal\/?p=46907"},"modified":"2014-05-28T12:45:02","modified_gmt":"2014-05-28T16:45:02","slug":"marcia-endara-cumple-40-anos-al-servicio-de-la-educacion","status":"publish","type":"post","link":"https:\/\/eltrabajo.cl\/portal\/marcia-endara-cumple-40-anos-al-servicio-de-la-educacion\/","title":{"rendered":"Marcia Endara cumple 40 a\u00f1os al servicio de la educaci\u00f3n"},"content":{"rendered":"<figure id=\"attachment_46908\" aria-describedby=\"caption-attachment-46908\" style=\"width: 317px\" class=\"wp-caption alignleft\"><a href=\"https:\/\/i0.wp.com\/www.eltrabajo.cl\/portal\/wp-content\/uploads\/2014\/05\/Marcia-Endara.jpg\"><img data-recalc-dims=\"1\" loading=\"lazy\" decoding=\"async\" class=\" wp-image-46908 \" alt=\"Directora de la Escuela Mateo Cockjlat de Tierras Blancas, Marcia Fabiola Endara Carrasco.\" src=\"https:\/\/i0.wp.com\/www.eltrabajo.cl\/portal\/wp-content\/uploads\/2014\/05\/Marcia-Endara.jpg?resize=317%2C323\" width=\"317\" height=\"323\" srcset=\"https:\/\/i0.wp.com\/eltrabajo.cl\/portal\/wp-content\/uploads\/2014\/05\/Marcia-Endara.jpg?w=529&amp;ssl=1 529w, https:\/\/i0.wp.com\/eltrabajo.cl\/portal\/wp-content\/uploads\/2014\/05\/Marcia-Endara.jpg?resize=147%2C150&amp;ssl=1 147w, https:\/\/i0.wp.com\/eltrabajo.cl\/portal\/wp-content\/uploads\/2014\/05\/Marcia-Endara.jpg?resize=294%2C300&amp;ssl=1 294w, https:\/\/i0.wp.com\/eltrabajo.cl\/portal\/wp-content\/uploads\/2014\/05\/Marcia-Endara.jpg?resize=400%2C406&amp;ssl=1 400w\" sizes=\"auto, (max-width: 317px) 100vw, 317px\" \/><\/a><figcaption id=\"caption-attachment-46908\" class=\"wp-caption-text\">Directora de la Escuela Mateo Cockjlat de Tierras Blancas, Marcia Fabiola Endara Carrasco.<\/figcaption><\/figure>\n<p>Todo un record para la vida de un profesor puede ser considerado el hecho poder cumplir 40 a\u00f1os al servicio de la educaci\u00f3n, siendo este el caso de la Directora de la Escuela Mateo Cockjlat de Tierras Blancas, Marcia Fabiola Endara Carrasco. La profesional se\u00f1ala que su llegada a la educaci\u00f3n fue casi de casualidad, ya que su inter\u00e9s en un comienzo estaba en el servicio social. Sin embargo por las cosas de la vida la hicieron decidirse por la docencia, ingresando a la Universidad Cat\u00f3lica de Santiago, transform\u00e1ndose en la mejor decisi\u00f3n que pudo haber adoptado.<\/p>\n<p><strong>GRAN TRAYECTORIA<\/strong><\/p>\n<p>Una vez titulada, comenz\u00f3 a ejercer en el Liceo Manuel Mar\u00edn Fritis de Putaendo, para posteriormente trasladarse hasta la Escuela Especial, en la cual estuvo casi 29 a\u00f1os, donde se destaca el trabajo realizado, dedic\u00e1ndose fundamentalmente al \u00e1rea de la estimulaci\u00f3n temprana, hasta la salida de talleres.<\/p>\n<p>Posterior a esto, incursion\u00f3 en establecimientos particulares subvencionados, como la escuela Dolores Otero y Marie Poussepin, establecimientos en los que realiz\u00f3 una destacada labor, dedicada fundamentalmente a la educaci\u00f3n diferencial, lo que le permiti\u00f3 perfeccionarse en el extranjero. Al termino de este periodo, ingres\u00f3 a la Escuela 21 de Mayo, cuando reci\u00e9n se iniciaba el Proyecto de Integraci\u00f3n Escolar, para luego de un tiempo ser trasladada hasta el Liceo Bicentenario Cordillera, trabajando en su inicio, para posteriormente ser trasladada hasta la Escuela Carmela Carvajal de Prat, para desarrollar el proyecto de la jornada escolar completa.<\/p>\n<p>Finalmente y ante la posibilidad de dirigir la que hoy es su escuela, no lo pens\u00f3 dos veces, a pesar de nunca haber trabajado en una escuela rural, siendo este un tremendo desaf\u00edo.<\/p>\n<p>\u201cEs un trabajo dif\u00edcil pero muy lindo\u201d se\u00f1ala la docente, quien no puede evitar emocionarse al recordar todos estos a\u00f1os y las innumerables experiencias vividas, destacando el cari\u00f1o de los ni\u00f1os y ni\u00f1as y la interacci\u00f3n directa con los padres y apoderados, argumentando que \u201chay que trabajar fuertemente en buscar cada tipo de inteligencia de los alumnos, prioridad de los profesionales del establecimiento\u201d, destacando la calidad de funcionarios que conforman su equipo de trabajo.<\/p>\n<p><strong>EDUCACI\u00d3N RURAL<\/strong><\/p>\n<p>De acuerdo a su visi\u00f3n, la profesional se\u00f1ala que \u201chay que cambiar la visi\u00f3n errada que se tiene de que los establecimientos rurales, relacion\u00e1ndolos con colegios pobres ubicados en las afueras de la ciudad, ya que en muchos casos, con mejor infraestructura, estos colegios tendr\u00edan m\u00e1s ni\u00f1os, pero lo que me tiene contenta, es que hay de todo tipo de ni\u00f1os y ni\u00f1as, vulnerables en sus derechos, vulnerables en lo social, pero ellos comparten como un conjunto, haciendo de este, el mejor de los colegio, y ac\u00e1 logramos que los ni\u00f1os sean felices, sin presiones, y as\u00ed desarrollamos al m\u00e1ximo su inteligencia, por lo que creo que esa visi\u00f3n tenemos que hacerla ver de alguna manera, a toda la comunidad\u201d.<\/p>\n<p>La profesional no esconde sus ganas de continuar participando de la educaci\u00f3n, todo esto una vez finalizadas algunas asesor\u00edas en establecimientos particulares y particulares subvencionados, destacando las ganas de entregar lo que sabe, por la experiencia acumulada, para continuar siendo un aporte a la educaci\u00f3n.<\/p>\n<p>&nbsp;<\/p>\n","protected":false},"excerpt":{"rendered":"<p>Todo un record para la vida de un profesor puede ser considerado el hecho poder cumplir 40 a\u00f1os al servicio de la educaci\u00f3n, siendo este el caso de la Directora de la&#8230;<\/p>\n","protected":false},"author":482,"featured_media":46908,"comment_status":"open","ping_status":"closed","sticky":false,"template":"","format":"standard","meta":{"advanced_seo_description":"","jetpack_seo_html_title":"","jetpack_seo_noindex":false,"_jetpack_memberships_contains_paid_content":false,"footnotes":""},"categories":[15],"tags":[],"class_list":["post-46907","post","type-post","status-publish","format-standard","has-post-thumbnail","hentry","category-comunidad"],"jetpack_featured_media_url":"https:\/\/i0.wp.com\/eltrabajo.cl\/portal\/wp-content\/uploads\/2014\/05\/Marcia-Endara.jpg?fit=529%2C538&ssl=1","jetpack_sharing_enabled":true,"jetpack_likes_enabled":true,"jetpack-related-posts":[],"_links":{"self":[{"href":"https:\/\/eltrabajo.cl\/portal\/wp-json\/wp\/v2\/posts\/46907","targetHints":{"allow":["GET"]}}],"collection":[{"href":"https:\/\/eltrabajo.cl\/portal\/wp-json\/wp\/v2\/posts"}],"about":[{"href":"https:\/\/eltrabajo.cl\/portal\/wp-json\/wp\/v2\/types\/post"}],"author":[{"embeddable":true,"href":"https:\/\/eltrabajo.cl\/portal\/wp-json\/wp\/v2\/users\/482"}],"replies":[{"embeddable":true,"href":"https:\/\/eltrabajo.cl\/portal\/wp-json\/wp\/v2\/comments?post=46907"}],"version-history":[{"count":0,"href":"https:\/\/eltrabajo.cl\/portal\/wp-json\/wp\/v2\/posts\/46907\/revisions"}],"wp:featuredmedia":[{"embeddable":true,"href":"https:\/\/eltrabajo.cl\/portal\/wp-json\/wp\/v2\/media\/46908"}],"wp:attachment":[{"href":"https:\/\/eltrabajo.cl\/portal\/wp-json\/wp\/v2\/media?parent=46907"}],"wp:term":[{"taxonomy":"category","embeddable":true,"href":"https:\/\/eltrabajo.cl\/portal\/wp-json\/wp\/v2\/categories?post=46907"},{"taxonomy":"post_tag","embeddable":true,"href":"https:\/\/eltrabajo.cl\/portal\/wp-json\/wp\/v2\/tags?post=46907"}],"curies":[{"name":"wp","href":"https:\/\/api.w.org\/{rel}","templated":true}]}}