{"id":46917,"date":"2014-05-28T12:49:15","date_gmt":"2014-05-28T16:49:15","guid":{"rendered":"http:\/\/www.eltrabajo.cl\/portal\/?p=46917"},"modified":"2014-05-28T12:49:36","modified_gmt":"2014-05-28T16:49:36","slug":"escuela-almendral-apuesta-por-el-teatro-para-sus-alumnos","status":"publish","type":"post","link":"https:\/\/eltrabajo.cl\/portal\/escuela-almendral-apuesta-por-el-teatro-para-sus-alumnos\/","title":{"rendered":"Escuela Almendral apuesta por el teatro para sus alumnos"},"content":{"rendered":"<figure id=\"attachment_46919\" aria-describedby=\"caption-attachment-46919\" style=\"width: 529px\" class=\"wp-caption alignnone\"><a href=\"https:\/\/i0.wp.com\/www.eltrabajo.cl\/portal\/wp-content\/uploads\/2014\/05\/Escuela11.jpg\"><img data-recalc-dims=\"1\" loading=\"lazy\" decoding=\"async\" class=\" wp-image-46919\" title=\"Este  trabajo est\u00e1 enfocado desde la perspectiva del teatro y la educaci\u00f3n a trav\u00e9s del arte, estando a cargo de  la  actriz Paula Andrea Rodr\u00edguez Soto.\" alt=\"Este  trabajo est\u00e1 enfocado desde la perspectiva del teatro y la educaci\u00f3n a trav\u00e9s del arte, estando a cargo de  la  actriz Paula Andrea Rodr\u00edguez Soto.\" src=\"https:\/\/i0.wp.com\/www.eltrabajo.cl\/portal\/wp-content\/uploads\/2014\/05\/Escuela11.jpg?resize=529%2C401\" width=\"529\" height=\"401\" srcset=\"https:\/\/i0.wp.com\/eltrabajo.cl\/portal\/wp-content\/uploads\/2014\/05\/Escuela11.jpg?w=529&amp;ssl=1 529w, https:\/\/i0.wp.com\/eltrabajo.cl\/portal\/wp-content\/uploads\/2014\/05\/Escuela11.jpg?resize=197%2C150&amp;ssl=1 197w, https:\/\/i0.wp.com\/eltrabajo.cl\/portal\/wp-content\/uploads\/2014\/05\/Escuela11.jpg?resize=300%2C227&amp;ssl=1 300w, https:\/\/i0.wp.com\/eltrabajo.cl\/portal\/wp-content\/uploads\/2014\/05\/Escuela11.jpg?resize=150%2C113&amp;ssl=1 150w, https:\/\/i0.wp.com\/eltrabajo.cl\/portal\/wp-content\/uploads\/2014\/05\/Escuela11.jpg?resize=400%2C303&amp;ssl=1 400w\" sizes=\"auto, (max-width: 529px) 100vw, 529px\" \/><\/a><figcaption id=\"caption-attachment-46919\" class=\"wp-caption-text\">Este trabajo est\u00e1 enfocado desde la perspectiva del teatro y la educaci\u00f3n a trav\u00e9s del arte, estando a cargo de la actriz Paula Andrea Rodr\u00edguez Soto.<\/figcaption><\/figure>\n<p>Intervenir el aula desde una mirada art\u00edstica, sin duda es un desaf\u00edo importante en la Educaci\u00f3n Municipal, que busca generar nuevas formas de percepci\u00f3n de las diferentes materias desde el alumnado, y que ya es practicado con regularidad, en la Escuela Almendral de la comuna de San Felipe. Este trabajo est\u00e1 enfocado desde la perspectiva del teatro y la educaci\u00f3n a trav\u00e9s del arte, estando a cargo de la actriz Paula Andrea Rodr\u00edguez Soto, quien tiene la misi\u00f3n de dar a conocer el fen\u00f3meno teatral mediante una metodolog\u00eda activa, ya sea como herramienta pedag\u00f3gica al servicio de un sector curricular o como programa diferenciado de artes esc\u00e9nicas.<\/p>\n<p>El trabajo en el aula en s\u00ed, con los cursos del primer ciclo en el establecimiento, es una iniciativa del Programa de Integraci\u00f3n Escolar (PIE) y su equipo, encabezado por la Psic\u00f3loga Carolina Gonz\u00e1lez, quienes son los llamados a implementar este rol con los ni\u00f1os y adolescente de las diferentes escuelas de la comuna.<\/p>\n<p>Rodr\u00edguez indica que \u201capoyar el proyecto educativo desde la expresi\u00f3n dram\u00e1tica, tiene como objetivo cubrir las necesidades e intereses expresivos que los alumnos manifiestan, complementando los procesos de aprendizaje de manera l\u00fadica, siendo un espacio de desarrollo integral que potencia y estimula las aptitudes expresivas, capacidades afectivas y habilidades sociales\u201d.<\/p>\n<p>Expresi\u00f3n corporal y movimiento, es el taller que se ha implementado en primero y cuarto a\u00f1o b\u00e1sico, en la asignatura de m\u00fasica, y teatro en tercero a\u00f1o b\u00e1sico en taller de lenguaje. Con los m\u00e1s peque\u00f1os ha sido un metodolog\u00eda desde el juego proyectado, enfocado hacia la creatividad corporal desde la imaginer\u00eda, as\u00ed como tambi\u00e9n se ha apuntado hacia el trabajo vocal para ayudar a las diversas dificultades de lenguaje que se presentan en dicha edad, con cantos, sonorizaci\u00f3n, praxias y juegos de creatividad vocal. Y para complementar a\u00fan m\u00e1s el proceso del taller tambi\u00e9n ejercitamos t\u00e9cnicas de relajaci\u00f3n y respiraci\u00f3n de Kundalin\u00ed yoga para ni\u00f1os.<\/p>\n<p>Posteriormente en cuarto B\u00e1sico se realiza un trabajo diferente, ya que se apunta a un proceso desde el juego dirigido y dram\u00e1tico, complementando lo realizado anteriormente, donde la improvisaci\u00f3n se vuelve m\u00e1s consciente, y el entrenamiento inicial desaf\u00eda la auto exigencia. Adem\u00e1s, dentro de las actividades que actualmente se desarrollan, se puede mencionar talleres de percusi\u00f3n corporal, gimnasia cerebral (brain gym), t\u00e9cnicas de respiraci\u00f3n de kundalini yoga, entre otros.<\/p>\n<p>Cabe destacar que las actividades desde la gimnasia cerebral y yoga, han generado un avance notable en ni\u00f1os y ni\u00f1as, pasado un mes desde el inicio del taller, lo que se puede observar en como los niveles de energ\u00eda han cambiado, y c\u00f3mo se han vuelto m\u00e1s conscientes del entrenamiento inicial, as\u00ed como tambi\u00e9n la relaci\u00f3n entre ellos es m\u00e1s armoniosa.<\/p>\n<p>Para Wilta Berrios, directora de la escuela, esta iniciativa es tremendamente importante. \u201cEstamos conscientes que este es un proceso lento, pero sin embargo, ya se puede constatar el efecto en ellos, en sus cuerpos, en la forma de enfrentarse al trabajo en cada sesi\u00f3n. Fomentar el arte en los ni\u00f1os, nutrir la experiencia escolar, apoyar el proceso aprendizaje, forjar lazos de compa\u00f1erismo, entregar herramientas de auto conocimiento y expresi\u00f3n, son objetivos de este ambicioso proyecto, pero constructivo que no pretende otra cosa, m\u00e1s que enriquecer la educaci\u00f3n de nuestros ni\u00f1os\u201d afirm\u00f3 Berr\u00edos.<\/p>\n<p>&nbsp;<\/p>\n","protected":false},"excerpt":{"rendered":"<p>Intervenir el aula desde una mirada art\u00edstica, sin duda es un desaf\u00edo importante en la Educaci\u00f3n Municipal, que busca generar nuevas formas de percepci\u00f3n de las diferentes materias desde el alumnado, y&#8230;<\/p>\n","protected":false},"author":482,"featured_media":46919,"comment_status":"open","ping_status":"closed","sticky":false,"template":"","format":"standard","meta":{"advanced_seo_description":"","jetpack_seo_html_title":"","jetpack_seo_noindex":false,"_jetpack_memberships_contains_paid_content":false,"footnotes":""},"categories":[15],"tags":[],"class_list":["post-46917","post","type-post","status-publish","format-standard","has-post-thumbnail","hentry","category-comunidad"],"jetpack_featured_media_url":"https:\/\/i0.wp.com\/eltrabajo.cl\/portal\/wp-content\/uploads\/2014\/05\/Escuela11.jpg?fit=529%2C401&ssl=1","jetpack_sharing_enabled":true,"jetpack_likes_enabled":true,"jetpack-related-posts":[],"_links":{"self":[{"href":"https:\/\/eltrabajo.cl\/portal\/wp-json\/wp\/v2\/posts\/46917","targetHints":{"allow":["GET"]}}],"collection":[{"href":"https:\/\/eltrabajo.cl\/portal\/wp-json\/wp\/v2\/posts"}],"about":[{"href":"https:\/\/eltrabajo.cl\/portal\/wp-json\/wp\/v2\/types\/post"}],"author":[{"embeddable":true,"href":"https:\/\/eltrabajo.cl\/portal\/wp-json\/wp\/v2\/users\/482"}],"replies":[{"embeddable":true,"href":"https:\/\/eltrabajo.cl\/portal\/wp-json\/wp\/v2\/comments?post=46917"}],"version-history":[{"count":0,"href":"https:\/\/eltrabajo.cl\/portal\/wp-json\/wp\/v2\/posts\/46917\/revisions"}],"wp:featuredmedia":[{"embeddable":true,"href":"https:\/\/eltrabajo.cl\/portal\/wp-json\/wp\/v2\/media\/46919"}],"wp:attachment":[{"href":"https:\/\/eltrabajo.cl\/portal\/wp-json\/wp\/v2\/media?parent=46917"}],"wp:term":[{"taxonomy":"category","embeddable":true,"href":"https:\/\/eltrabajo.cl\/portal\/wp-json\/wp\/v2\/categories?post=46917"},{"taxonomy":"post_tag","embeddable":true,"href":"https:\/\/eltrabajo.cl\/portal\/wp-json\/wp\/v2\/tags?post=46917"}],"curies":[{"name":"wp","href":"https:\/\/api.w.org\/{rel}","templated":true}]}}