{"id":46925,"date":"2014-05-28T12:51:33","date_gmt":"2014-05-28T16:51:33","guid":{"rendered":"http:\/\/www.eltrabajo.cl\/portal\/?p=46925"},"modified":"2014-05-28T12:51:33","modified_gmt":"2014-05-28T16:51:33","slug":"hosla-habilita-nuevos-espacios-para-una-estadia-mas-comoda-de-sus-usuarios","status":"publish","type":"post","link":"https:\/\/eltrabajo.cl\/portal\/hosla-habilita-nuevos-espacios-para-una-estadia-mas-comoda-de-sus-usuarios\/","title":{"rendered":"Hosla habilita nuevos espacios para una estad\u00eda m\u00e1s c\u00f3moda de sus usuarios"},"content":{"rendered":"<figure id=\"attachment_46918\" aria-describedby=\"caption-attachment-46918\" style=\"width: 529px\" class=\"wp-caption alignnone\"><a href=\"https:\/\/i0.wp.com\/www.eltrabajo.cl\/portal\/wp-content\/uploads\/2014\/05\/Hosla1.jpg.jpg\"><img data-recalc-dims=\"1\" loading=\"lazy\" decoding=\"async\" class=\"size-full wp-image-46918\" alt=\"Mejoras en Pediatr\u00eda, Maternidad y Neonatolog\u00eda favorecer\u00e1n la comodidad de los padres durante la hospitalizaci\u00f3n de sus hijos.\" src=\"https:\/\/i0.wp.com\/www.eltrabajo.cl\/portal\/wp-content\/uploads\/2014\/05\/Hosla1.jpg.jpg?resize=529%2C305\" width=\"529\" height=\"305\" srcset=\"https:\/\/i0.wp.com\/eltrabajo.cl\/portal\/wp-content\/uploads\/2014\/05\/Hosla1.jpg.jpg?w=529&amp;ssl=1 529w, https:\/\/i0.wp.com\/eltrabajo.cl\/portal\/wp-content\/uploads\/2014\/05\/Hosla1.jpg.jpg?resize=200%2C115&amp;ssl=1 200w, https:\/\/i0.wp.com\/eltrabajo.cl\/portal\/wp-content\/uploads\/2014\/05\/Hosla1.jpg.jpg?resize=300%2C172&amp;ssl=1 300w, https:\/\/i0.wp.com\/eltrabajo.cl\/portal\/wp-content\/uploads\/2014\/05\/Hosla1.jpg.jpg?resize=150%2C86&amp;ssl=1 150w, https:\/\/i0.wp.com\/eltrabajo.cl\/portal\/wp-content\/uploads\/2014\/05\/Hosla1.jpg.jpg?resize=400%2C230&amp;ssl=1 400w\" sizes=\"auto, (max-width: 529px) 100vw, 529px\" \/><\/a><figcaption id=\"caption-attachment-46918\" class=\"wp-caption-text\">Mejoras en Pediatr\u00eda, Maternidad y Neonatolog\u00eda favorecer\u00e1n la comodidad de los padres durante la hospitalizaci\u00f3n de sus hijos.<\/figcaption><\/figure>\n<p>Gracias a un proyecto financiado por el Ministerio de Desarrollo Social, el equipo de Chile Crece Contigo del Hospital San Camilo obtuvo los recursos para realizar diversas mejoras que van en directo beneficio de los usuarios de los Servicio de Maternidad, Neonatolog\u00eda y Pediatr\u00eda y que buscan generar espacios m\u00e1s c\u00f3modos para su permanencia en el establecimiento.<\/p>\n<p>Es as\u00ed como en el Servicio de Pediatr\u00eda, lugar en donde los padres muchas veces acompa\u00f1an a sus hijos durante las 24 horas, se habilitar\u00e1 una nueva sala de estar con un comedor, un refrigerador y un microondas para que puedan dejar sus alimentos, calentarlos y consumirlos ah\u00ed mismo, de manera de no tener que comprar o trasladarse a su hogar para estos menesteres. Asimismo, tambi\u00e9n se realizaron mejoras en la Sala de Estimulaci\u00f3n y Entretenimiento, a trav\u00e9s de la compra de mobiliario que incluye juegos y materiales did\u00e1cticos, adem\u00e1s del cambio de la iluminaci\u00f3n.<\/p>\n<p>\u201cEstamos muy felices de llevar a cabo este proyecto debido a que favorece directamente el acompa\u00f1amiento de los padres a sus hijos hospitalizados, lo que permite que los menores se sientan m\u00e1s seguros y por ende tengan una mejor recuperaci\u00f3n, haciendo de su estad\u00eda un momento m\u00e1s amigable y humano, que es precisamente lo que queremos que sientan tanto los ni\u00f1os como sus padres y todos los usuarios en general\u201d, asegur\u00f3 el Director del Hospital San Camilo, Dr. N\u00e9stor Irribarra.<\/p>\n<p>Adem\u00e1s el proyecto incluye tambi\u00e9n la creaci\u00f3n de una sala en el Servicio de Maternidad, en donde se podr\u00e1n ense\u00f1ar t\u00e9cnicas de lactancia a las madres primerizas, as\u00ed como disponer del espacio para que quienes necesiten amamantar puedan hacerlo en completa privacidad y comodidad.<\/p>\n<p>Asimismo en el Servicio de Neonatolog\u00eda se est\u00e1 mejorando la sala de estar de los padres, a trav\u00e9s de la compra de nuevo mobiliario y la instalaci\u00f3n de un refrigerador, un microondas y un hervidor, lo que permitir\u00e1 una estad\u00eda m\u00e1s c\u00f3moda de las mam\u00e1s y pap\u00e1s que esperan una pronta recuperaci\u00f3n de sus reci\u00e9n nacidos.<\/p>\n<p>Todos estos trabajos tuvieron un costo total de $10 millones y estar\u00e1n finalizados dentro de las pr\u00f3ximas dos semanas, por lo que se ir\u00e1n habilitando en la medida que vayan finalizando las obras en cada servicio.<\/p>\n<p>&nbsp;<\/p>\n","protected":false},"excerpt":{"rendered":"<p>Gracias a un proyecto financiado por el Ministerio de Desarrollo Social, el equipo de Chile Crece Contigo del Hospital San Camilo obtuvo los recursos para realizar diversas mejoras que van en directo&#8230;<\/p>\n","protected":false},"author":482,"featured_media":46919,"comment_status":"open","ping_status":"closed","sticky":false,"template":"","format":"standard","meta":{"advanced_seo_description":"","jetpack_seo_html_title":"","jetpack_seo_noindex":false,"_jetpack_memberships_contains_paid_content":false,"footnotes":""},"categories":[15],"tags":[],"class_list":["post-46925","post","type-post","status-publish","format-standard","has-post-thumbnail","hentry","category-comunidad"],"jetpack_featured_media_url":"https:\/\/i0.wp.com\/eltrabajo.cl\/portal\/wp-content\/uploads\/2014\/05\/Escuela11.jpg?fit=529%2C401&ssl=1","jetpack_sharing_enabled":true,"jetpack_likes_enabled":true,"jetpack-related-posts":[],"_links":{"self":[{"href":"https:\/\/eltrabajo.cl\/portal\/wp-json\/wp\/v2\/posts\/46925","targetHints":{"allow":["GET"]}}],"collection":[{"href":"https:\/\/eltrabajo.cl\/portal\/wp-json\/wp\/v2\/posts"}],"about":[{"href":"https:\/\/eltrabajo.cl\/portal\/wp-json\/wp\/v2\/types\/post"}],"author":[{"embeddable":true,"href":"https:\/\/eltrabajo.cl\/portal\/wp-json\/wp\/v2\/users\/482"}],"replies":[{"embeddable":true,"href":"https:\/\/eltrabajo.cl\/portal\/wp-json\/wp\/v2\/comments?post=46925"}],"version-history":[{"count":0,"href":"https:\/\/eltrabajo.cl\/portal\/wp-json\/wp\/v2\/posts\/46925\/revisions"}],"wp:featuredmedia":[{"embeddable":true,"href":"https:\/\/eltrabajo.cl\/portal\/wp-json\/wp\/v2\/media\/46919"}],"wp:attachment":[{"href":"https:\/\/eltrabajo.cl\/portal\/wp-json\/wp\/v2\/media?parent=46925"}],"wp:term":[{"taxonomy":"category","embeddable":true,"href":"https:\/\/eltrabajo.cl\/portal\/wp-json\/wp\/v2\/categories?post=46925"},{"taxonomy":"post_tag","embeddable":true,"href":"https:\/\/eltrabajo.cl\/portal\/wp-json\/wp\/v2\/tags?post=46925"}],"curies":[{"name":"wp","href":"https:\/\/api.w.org\/{rel}","templated":true}]}}