{"id":46927,"date":"2014-05-28T12:52:48","date_gmt":"2014-05-28T16:52:48","guid":{"rendered":"http:\/\/www.eltrabajo.cl\/portal\/?p=46927"},"modified":"2014-05-28T12:52:48","modified_gmt":"2014-05-28T16:52:48","slug":"fundacion-integra-apoderados-y-parvularias-sostienen-encuentro-provincial","status":"publish","type":"post","link":"https:\/\/eltrabajo.cl\/portal\/fundacion-integra-apoderados-y-parvularias-sostienen-encuentro-provincial\/","title":{"rendered":"Fundaci\u00f3n Integra, apoderados y parvularias sostienen encuentro provincial"},"content":{"rendered":"<figure id=\"attachment_46928\" aria-describedby=\"caption-attachment-46928\" style=\"width: 529px\" class=\"wp-caption alignnone\"><a href=\"https:\/\/i0.wp.com\/www.eltrabajo.cl\/portal\/wp-content\/uploads\/2014\/05\/Integra1.jpg\"><img data-recalc-dims=\"1\" loading=\"lazy\" decoding=\"async\" class=\"size-full wp-image-46928\" alt=\"En la oportunidad, las familias participantes expresaron su valoraci\u00f3n por el trabajo que realizan los jardines infantiles.\" src=\"https:\/\/i0.wp.com\/www.eltrabajo.cl\/portal\/wp-content\/uploads\/2014\/05\/Integra1.jpg?resize=529%2C401\" width=\"529\" height=\"401\" srcset=\"https:\/\/i0.wp.com\/eltrabajo.cl\/portal\/wp-content\/uploads\/2014\/05\/Integra1.jpg?w=529&amp;ssl=1 529w, https:\/\/i0.wp.com\/eltrabajo.cl\/portal\/wp-content\/uploads\/2014\/05\/Integra1.jpg?resize=197%2C150&amp;ssl=1 197w, https:\/\/i0.wp.com\/eltrabajo.cl\/portal\/wp-content\/uploads\/2014\/05\/Integra1.jpg?resize=300%2C227&amp;ssl=1 300w, https:\/\/i0.wp.com\/eltrabajo.cl\/portal\/wp-content\/uploads\/2014\/05\/Integra1.jpg?resize=150%2C113&amp;ssl=1 150w, https:\/\/i0.wp.com\/eltrabajo.cl\/portal\/wp-content\/uploads\/2014\/05\/Integra1.jpg?resize=400%2C303&amp;ssl=1 400w\" sizes=\"auto, (max-width: 529px) 100vw, 529px\" \/><\/a><figcaption id=\"caption-attachment-46928\" class=\"wp-caption-text\">En la oportunidad, las familias participantes expresaron su valoraci\u00f3n por el trabajo que realizan los jardines infantiles.<\/figcaption><\/figure>\n<p>Representantes de las familias de los jardines infantiles de San Felipe, asistieron a un encuentro que tuvo por objetivo promover su participaci\u00f3n en las distintas \u00e1reas de gesti\u00f3n del jard\u00edn infantil, relevando su rol de primeros educadores de sus hijos e hijas.<\/p>\n<p>Favorecer la participaci\u00f3n y organizaci\u00f3n de las familias como un aporte concreto a la gesti\u00f3n que realiza el jard\u00edn infantil y Fundaci\u00f3n Integra en beneficio del desarrollo integral de ni\u00f1os y relevar el rol que cumplen al interior de la comunidad educativa como primeros educadores de sus hijos e hijas, fue el objetivo principal del encuentro con padres y apoderados desarrollado por Fundaci\u00f3n Integra en San Felipe y encabezado por la directora regional de la instituci\u00f3n, Paola \u00c1lvarez.<\/p>\n<p>\u201cLas familias cumplen un rol insustituible en la educaci\u00f3n inicial, pues son actores fundamentales para el aprendizaje de sus ni\u00f1os y ni\u00f1as y, por ello, es tambi\u00e9n clave su colaboraci\u00f3n y participaci\u00f3n activa con los equipos de trabajo en los jardines infantiles. A trav\u00e9s de estos encuentros hemos trabajado y profundizado en la importancia que tiene su incorporaci\u00f3n en distintos espacios de la gesti\u00f3n del jard\u00edn y c\u00f3mo aquello contribuye a la educaci\u00f3n de calidad que todos queremos\u201d, coment\u00f3 \u00c1lvarez a Diario el Trabajo.<\/p>\n<p>En la oportunidad, las familias participantes expresaron su valoraci\u00f3n por el trabajo que realizan los jardines infantiles, reconoci\u00e9ndolos como espacios educativos y protectores, en donde sus hijos e hijas pueden desarrollarse, pero tambi\u00e9n ellos, tanto desde sus competencias parentales, como desde la organizaci\u00f3n y gesti\u00f3n.<\/p>\n<p>&nbsp;<\/p>\n","protected":false},"excerpt":{"rendered":"<p>Representantes de las familias de los jardines infantiles de San Felipe, asistieron a un encuentro que tuvo por objetivo promover su participaci\u00f3n en las distintas \u00e1reas de gesti\u00f3n del jard\u00edn infantil, relevando&#8230;<\/p>\n","protected":false},"author":482,"featured_media":46928,"comment_status":"open","ping_status":"closed","sticky":false,"template":"","format":"standard","meta":{"advanced_seo_description":"","jetpack_seo_html_title":"","jetpack_seo_noindex":false,"_jetpack_memberships_contains_paid_content":false,"footnotes":""},"categories":[15],"tags":[],"class_list":["post-46927","post","type-post","status-publish","format-standard","has-post-thumbnail","hentry","category-comunidad"],"jetpack_featured_media_url":"https:\/\/i0.wp.com\/eltrabajo.cl\/portal\/wp-content\/uploads\/2014\/05\/Integra1.jpg?fit=529%2C401&ssl=1","jetpack_sharing_enabled":true,"jetpack_likes_enabled":true,"jetpack-related-posts":[],"_links":{"self":[{"href":"https:\/\/eltrabajo.cl\/portal\/wp-json\/wp\/v2\/posts\/46927","targetHints":{"allow":["GET"]}}],"collection":[{"href":"https:\/\/eltrabajo.cl\/portal\/wp-json\/wp\/v2\/posts"}],"about":[{"href":"https:\/\/eltrabajo.cl\/portal\/wp-json\/wp\/v2\/types\/post"}],"author":[{"embeddable":true,"href":"https:\/\/eltrabajo.cl\/portal\/wp-json\/wp\/v2\/users\/482"}],"replies":[{"embeddable":true,"href":"https:\/\/eltrabajo.cl\/portal\/wp-json\/wp\/v2\/comments?post=46927"}],"version-history":[{"count":0,"href":"https:\/\/eltrabajo.cl\/portal\/wp-json\/wp\/v2\/posts\/46927\/revisions"}],"wp:featuredmedia":[{"embeddable":true,"href":"https:\/\/eltrabajo.cl\/portal\/wp-json\/wp\/v2\/media\/46928"}],"wp:attachment":[{"href":"https:\/\/eltrabajo.cl\/portal\/wp-json\/wp\/v2\/media?parent=46927"}],"wp:term":[{"taxonomy":"category","embeddable":true,"href":"https:\/\/eltrabajo.cl\/portal\/wp-json\/wp\/v2\/categories?post=46927"},{"taxonomy":"post_tag","embeddable":true,"href":"https:\/\/eltrabajo.cl\/portal\/wp-json\/wp\/v2\/tags?post=46927"}],"curies":[{"name":"wp","href":"https:\/\/api.w.org\/{rel}","templated":true}]}}