{"id":46933,"date":"2014-05-28T12:55:42","date_gmt":"2014-05-28T16:55:42","guid":{"rendered":"http:\/\/www.eltrabajo.cl\/portal\/?p=46933"},"modified":"2014-05-28T12:55:42","modified_gmt":"2014-05-28T16:55:42","slug":"preocupa-efecto-en-canales-por-defensas-fluviales","status":"publish","type":"post","link":"https:\/\/eltrabajo.cl\/portal\/preocupa-efecto-en-canales-por-defensas-fluviales\/","title":{"rendered":"Preocupa efecto en canales por defensas fluviales"},"content":{"rendered":"<figure id=\"attachment_46934\" aria-describedby=\"caption-attachment-46934\" style=\"width: 529px\" class=\"wp-caption alignnone\"><a href=\"https:\/\/i0.wp.com\/www.eltrabajo.cl\/portal\/wp-content\/uploads\/2014\/05\/Reclamo1.jpg\"><img data-recalc-dims=\"1\" loading=\"lazy\" decoding=\"async\" class=\"size-full wp-image-46934\" alt=\"Ante estas y una serie de acotaciones realizadas por la primera autoridad comunal de Catemu, los representantes de la empresa concesionaria le sugirieron realizar las consultas por escrito.\" src=\"https:\/\/i0.wp.com\/www.eltrabajo.cl\/portal\/wp-content\/uploads\/2014\/05\/Reclamo1.jpg?resize=529%2C401\" width=\"529\" height=\"401\" srcset=\"https:\/\/i0.wp.com\/eltrabajo.cl\/portal\/wp-content\/uploads\/2014\/05\/Reclamo1.jpg?w=529&amp;ssl=1 529w, https:\/\/i0.wp.com\/eltrabajo.cl\/portal\/wp-content\/uploads\/2014\/05\/Reclamo1.jpg?resize=197%2C150&amp;ssl=1 197w, https:\/\/i0.wp.com\/eltrabajo.cl\/portal\/wp-content\/uploads\/2014\/05\/Reclamo1.jpg?resize=300%2C227&amp;ssl=1 300w, https:\/\/i0.wp.com\/eltrabajo.cl\/portal\/wp-content\/uploads\/2014\/05\/Reclamo1.jpg?resize=150%2C113&amp;ssl=1 150w, https:\/\/i0.wp.com\/eltrabajo.cl\/portal\/wp-content\/uploads\/2014\/05\/Reclamo1.jpg?resize=400%2C303&amp;ssl=1 400w\" sizes=\"auto, (max-width: 529px) 100vw, 529px\" \/><\/a><figcaption id=\"caption-attachment-46934\" class=\"wp-caption-text\">Ante estas y una serie de acotaciones realizadas por la primera autoridad comunal de Catemu, los representantes de la empresa concesionaria le sugirieron realizar las consultas por escrito.<\/figcaption><\/figure>\n<ul>\n<li><strong style=\"font-size: 13px;\">En el Sal\u00f3n Municipal de San Felipe se expuso la Evaluaci\u00f3n de Impacto Ambiental \u2018Defensas fluviales tramos 6 y 7 de la Ruta 60 CH\u2019. La empresa Autopista de Los Andes, a trav\u00e9s de Apia XXI, entreg\u00f3 el resultado de dicho estudio.<\/strong><\/li>\n<\/ul>\n<p>En presencia del Alcalde de San Felipe Patricio Freire; del edil de Catemu Boris Luksic y representantes de la comunidad, se entreg\u00f3 informaci\u00f3n en primera instancia de parte del Servicio de Evaluaci\u00f3n Ambiental (SEA), el que inform\u00f3 acerca de los procedimientos, plazos y participaci\u00f3n ciudadana ante cualquier iniciativa que pudiese afectar al medio ambiente. Luego se expuso la evaluaci\u00f3n ambiental realizada por la empresa concesionaria, en la que se\u00f1ala que se deben construir 16 kil\u00f3metros de defensa para los caudales del R\u00edo Aconcagua. Asegurando que todos los canales se mantendr\u00e1n y se les dar\u00e1 continuidad.<\/p>\n<p>Por otra parte se se\u00f1al\u00f3 que de acuerdo a las normas existentes, la obra no producir\u00eda efectos en el medio ambiente, considerando los recursos naturales presentes y a las personas. Ante dicha exposici\u00f3n el alcalde de Catemu manifest\u00f3 su preocupaci\u00f3n en relaci\u00f3n a los canales, ya que afirm\u00f3 no estar tan seguro de que no se ver\u00e1n afectados, se\u00f1alando adem\u00e1s que al realizar una obra de esa magnitud, evidentemente hay influencia sobre las aguas superficiales.<\/p>\n<p>El edil catemino adem\u00e1s recalc\u00f3 que en el proyecto se ha contemplado a las comunas de Panquehue y San Felipe en los an\u00e1lisis y efectos de la construcci\u00f3n de la carretera, pero que Catemu no ha sido considerada en los an\u00e1lisis y la participaci\u00f3n del proyecto. \u201cNos preocupa de sobremanera lo que va a ocurrir con nuestros canales, sobre todo por aquellos peque\u00f1os agricultores que se ver\u00e1n afectados con la construcci\u00f3n de la carretera\u201d, se\u00f1al\u00f3 Luksic.<\/p>\n<p>Ante estas acotaciones, de una serie realizadas por la primera autoridad comunal de Catemu, los representantes de la empresa concesionaria le sugirieron realizar las consultas por escrito para dar las respuestas pertinentes. Ante esto, Luksic se\u00f1al\u00f3 que as\u00ed lo har\u00e1, en los plazos establecidos para la participaci\u00f3n ciudadana.<\/p>\n","protected":false},"excerpt":{"rendered":"<p>En el Sal\u00f3n Municipal de San Felipe se expuso la Evaluaci\u00f3n de Impacto Ambiental \u2018Defensas fluviales tramos 6 y 7 de la Ruta 60 CH\u2019. La empresa Autopista de Los Andes, a&#8230;<\/p>\n","protected":false},"author":482,"featured_media":46934,"comment_status":"open","ping_status":"closed","sticky":false,"template":"","format":"standard","meta":{"advanced_seo_description":"","jetpack_seo_html_title":"","jetpack_seo_noindex":false,"_jetpack_memberships_contains_paid_content":false,"footnotes":""},"categories":[1],"tags":[],"class_list":["post-46933","post","type-post","status-publish","format-standard","has-post-thumbnail","hentry","category-cronica"],"jetpack_featured_media_url":"https:\/\/i0.wp.com\/eltrabajo.cl\/portal\/wp-content\/uploads\/2014\/05\/Reclamo1.jpg?fit=529%2C401&ssl=1","jetpack_sharing_enabled":true,"jetpack_likes_enabled":true,"jetpack-related-posts":[],"_links":{"self":[{"href":"https:\/\/eltrabajo.cl\/portal\/wp-json\/wp\/v2\/posts\/46933","targetHints":{"allow":["GET"]}}],"collection":[{"href":"https:\/\/eltrabajo.cl\/portal\/wp-json\/wp\/v2\/posts"}],"about":[{"href":"https:\/\/eltrabajo.cl\/portal\/wp-json\/wp\/v2\/types\/post"}],"author":[{"embeddable":true,"href":"https:\/\/eltrabajo.cl\/portal\/wp-json\/wp\/v2\/users\/482"}],"replies":[{"embeddable":true,"href":"https:\/\/eltrabajo.cl\/portal\/wp-json\/wp\/v2\/comments?post=46933"}],"version-history":[{"count":0,"href":"https:\/\/eltrabajo.cl\/portal\/wp-json\/wp\/v2\/posts\/46933\/revisions"}],"wp:featuredmedia":[{"embeddable":true,"href":"https:\/\/eltrabajo.cl\/portal\/wp-json\/wp\/v2\/media\/46934"}],"wp:attachment":[{"href":"https:\/\/eltrabajo.cl\/portal\/wp-json\/wp\/v2\/media?parent=46933"}],"wp:term":[{"taxonomy":"category","embeddable":true,"href":"https:\/\/eltrabajo.cl\/portal\/wp-json\/wp\/v2\/categories?post=46933"},{"taxonomy":"post_tag","embeddable":true,"href":"https:\/\/eltrabajo.cl\/portal\/wp-json\/wp\/v2\/tags?post=46933"}],"curies":[{"name":"wp","href":"https:\/\/api.w.org\/{rel}","templated":true}]}}