{"id":46936,"date":"2014-05-28T12:56:36","date_gmt":"2014-05-28T16:56:36","guid":{"rendered":"http:\/\/www.eltrabajo.cl\/portal\/?p=46936"},"modified":"2014-05-28T12:56:36","modified_gmt":"2014-05-28T16:56:36","slug":"el-motocross-vuelve-este-fin-de-semana-a-san-felipe","status":"publish","type":"post","link":"https:\/\/eltrabajo.cl\/portal\/el-motocross-vuelve-este-fin-de-semana-a-san-felipe\/","title":{"rendered":"El motocross vuelve este fin de semana a San Felipe"},"content":{"rendered":"<figure id=\"attachment_46937\" aria-describedby=\"caption-attachment-46937\" style=\"width: 528px\" class=\"wp-caption alignnone\"><a href=\"https:\/\/i0.wp.com\/www.eltrabajo.cl\/portal\/wp-content\/uploads\/2014\/05\/Motocross1.jpg\"><img data-recalc-dims=\"1\" loading=\"lazy\" decoding=\"async\" class=\"size-full wp-image-46937\" alt=\"Esta es la cuarta fecha que se realiza a nivel nacional y en esta oportunidad se realiza en San Felipe, siendo ocho fechas de competencia en total, finalizando en La Ligua en el mes de noviembre.\" src=\"https:\/\/i0.wp.com\/www.eltrabajo.cl\/portal\/wp-content\/uploads\/2014\/05\/Motocross1.jpg?resize=528%2C360\" width=\"528\" height=\"360\" srcset=\"https:\/\/i0.wp.com\/eltrabajo.cl\/portal\/wp-content\/uploads\/2014\/05\/Motocross1.jpg?w=528&amp;ssl=1 528w, https:\/\/i0.wp.com\/eltrabajo.cl\/portal\/wp-content\/uploads\/2014\/05\/Motocross1.jpg?resize=200%2C136&amp;ssl=1 200w, https:\/\/i0.wp.com\/eltrabajo.cl\/portal\/wp-content\/uploads\/2014\/05\/Motocross1.jpg?resize=300%2C204&amp;ssl=1 300w, https:\/\/i0.wp.com\/eltrabajo.cl\/portal\/wp-content\/uploads\/2014\/05\/Motocross1.jpg?resize=150%2C102&amp;ssl=1 150w, https:\/\/i0.wp.com\/eltrabajo.cl\/portal\/wp-content\/uploads\/2014\/05\/Motocross1.jpg?resize=400%2C272&amp;ssl=1 400w\" sizes=\"auto, (max-width: 528px) 100vw, 528px\" \/><\/a><figcaption id=\"caption-attachment-46937\" class=\"wp-caption-text\">Esta es la cuarta fecha que se realiza a nivel nacional y en esta oportunidad se realiza en San Felipe, siendo ocho fechas de competencia en total, finalizando en La Ligua en el mes de noviembre.<\/figcaption><\/figure>\n<p>Este fin de semana en la comuna de San Felipe se desarrollar\u00e1 una nueva fecha del Torneo de Motocross Enduro 2014, el que se desarrollar\u00e1 en la Parcela 36 a un costado del Cerro La Virgen, durante el domingo 1 de junio. Luego del reconocimiento de la pista que se realizar\u00e1 el d\u00eda s\u00e1bado 31 de mayo, la competencia comienza alrededor de las nueve de la ma\u00f1ana del domingo. La competencia se realizar\u00e1 en la Parcela 36, que se ubica a un costado del Cerro de La Virgen y se cobrar\u00e1 una entrada al p\u00fablico por veh\u00edculo que ingrese al lugar.<\/p>\n<p>La actividad es organizada por cuarto a\u00f1o por el equipo Polillas Team y busca volver a contar con motocross en nuestra comuna. Seg\u00fan explic\u00f3 Alejandro Ib\u00e1\u00f1ez, esta carrera consta de trece categor\u00edas, por lo que estar\u00e1n compitiendo ni\u00f1os desde los 4cuatro a\u00f1os de edad en Categor\u00eda Mamadera, hasta mayores de 50 a\u00f1os de edad, los que corresponden a la Categor\u00eda Master.<\/p>\n<p>\u201cNosotros esperamos que haya una convocatoria master, de unos 300 pilotos que lleguen a esta cita el d\u00eda domingo. Los recursos los hemos conseguido por distintos lugares, nos ha ayudado la Municipalidad de San Felipe, adem\u00e1s de particulares que nos han aportado con dinero, con premios o con servicio\u201d, dijo Ib\u00e1\u00f1ez.<\/p>\n<p>La ruta tiene una extensi\u00f3n de alrededor de 16 kil\u00f3metros, la que estar\u00e1 completamente marcada con controles visuales, controles de marcaje, adem\u00e1s de contar con jeep de emergencia, param\u00e9dico, Carabineros y Bomberos en el caso de que se produzca alg\u00fan tipo de accidente. \u201cTrece carreras debieran ser durante el d\u00eda, el d\u00eda s\u00e1bado la pista se abre a las 12:00 horas, solamente reconocimiento del circuito, que es como hasta las 17:00 horas y el d\u00eda domingo empiezan las primeras carreras, la adhesi\u00f3n ser\u00e1 de $1.000 por veh\u00edculo\u201d, inform\u00f3 Ib\u00e1\u00f1ez.<\/p>\n<p>&nbsp;<\/p>\n","protected":false},"excerpt":{"rendered":"<p>Este fin de semana en la comuna de San Felipe se desarrollar\u00e1 una nueva fecha del Torneo de Motocross Enduro 2014, el que se desarrollar\u00e1 en la Parcela 36 a un costado&#8230;<\/p>\n","protected":false},"author":482,"featured_media":46937,"comment_status":"open","ping_status":"closed","sticky":false,"template":"","format":"standard","meta":{"advanced_seo_description":"","jetpack_seo_html_title":"","jetpack_seo_noindex":false,"_jetpack_memberships_contains_paid_content":false,"footnotes":""},"categories":[1],"tags":[],"class_list":["post-46936","post","type-post","status-publish","format-standard","has-post-thumbnail","hentry","category-cronica"],"jetpack_featured_media_url":"https:\/\/i0.wp.com\/eltrabajo.cl\/portal\/wp-content\/uploads\/2014\/05\/Motocross1.jpg?fit=528%2C360&ssl=1","jetpack_sharing_enabled":true,"jetpack_likes_enabled":true,"jetpack-related-posts":[],"_links":{"self":[{"href":"https:\/\/eltrabajo.cl\/portal\/wp-json\/wp\/v2\/posts\/46936","targetHints":{"allow":["GET"]}}],"collection":[{"href":"https:\/\/eltrabajo.cl\/portal\/wp-json\/wp\/v2\/posts"}],"about":[{"href":"https:\/\/eltrabajo.cl\/portal\/wp-json\/wp\/v2\/types\/post"}],"author":[{"embeddable":true,"href":"https:\/\/eltrabajo.cl\/portal\/wp-json\/wp\/v2\/users\/482"}],"replies":[{"embeddable":true,"href":"https:\/\/eltrabajo.cl\/portal\/wp-json\/wp\/v2\/comments?post=46936"}],"version-history":[{"count":0,"href":"https:\/\/eltrabajo.cl\/portal\/wp-json\/wp\/v2\/posts\/46936\/revisions"}],"wp:featuredmedia":[{"embeddable":true,"href":"https:\/\/eltrabajo.cl\/portal\/wp-json\/wp\/v2\/media\/46937"}],"wp:attachment":[{"href":"https:\/\/eltrabajo.cl\/portal\/wp-json\/wp\/v2\/media?parent=46936"}],"wp:term":[{"taxonomy":"category","embeddable":true,"href":"https:\/\/eltrabajo.cl\/portal\/wp-json\/wp\/v2\/categories?post=46936"},{"taxonomy":"post_tag","embeddable":true,"href":"https:\/\/eltrabajo.cl\/portal\/wp-json\/wp\/v2\/tags?post=46936"}],"curies":[{"name":"wp","href":"https:\/\/api.w.org\/{rel}","templated":true}]}}