{"id":46950,"date":"2014-05-29T09:17:05","date_gmt":"2014-05-29T13:17:05","guid":{"rendered":"http:\/\/www.eltrabajo.cl\/portal\/?p=46950"},"modified":"2014-05-29T09:17:05","modified_gmt":"2014-05-29T13:17:05","slug":"el-proximo-sabado-imagen-san-antonio-de-padua-regresara-a-su-templo","status":"publish","type":"post","link":"https:\/\/eltrabajo.cl\/portal\/el-proximo-sabado-imagen-san-antonio-de-padua-regresara-a-su-templo\/","title":{"rendered":"El pr\u00f3ximo s\u00e1bado imagen San Antonio de Padua regresar\u00e1 a su templo"},"content":{"rendered":"<figure id=\"attachment_46951\" aria-describedby=\"caption-attachment-46951\" style=\"width: 528px\" class=\"wp-caption alignnone\"><a href=\"https:\/\/i0.wp.com\/www.eltrabajo.cl\/portal\/wp-content\/uploads\/2014\/05\/Santo11.jpg\"><img data-recalc-dims=\"1\" loading=\"lazy\" decoding=\"async\" class=\"size-full wp-image-46951\" alt=\"El domingo 8 de junio San Antonio comenzar\u00e1 a recorrer el sector c\u00e9ntrico de la comuna, contemplando visitas al hogar de ancianos; el Hospital San Antonio; el hospital psiqui\u00e1trico y algunos hogares.\" src=\"https:\/\/i0.wp.com\/www.eltrabajo.cl\/portal\/wp-content\/uploads\/2014\/05\/Santo11.jpg?resize=528%2C236\" width=\"528\" height=\"236\" srcset=\"https:\/\/i0.wp.com\/eltrabajo.cl\/portal\/wp-content\/uploads\/2014\/05\/Santo11.jpg?w=528&amp;ssl=1 528w, https:\/\/i0.wp.com\/eltrabajo.cl\/portal\/wp-content\/uploads\/2014\/05\/Santo11.jpg?resize=200%2C89&amp;ssl=1 200w, https:\/\/i0.wp.com\/eltrabajo.cl\/portal\/wp-content\/uploads\/2014\/05\/Santo11.jpg?resize=300%2C134&amp;ssl=1 300w, https:\/\/i0.wp.com\/eltrabajo.cl\/portal\/wp-content\/uploads\/2014\/05\/Santo11.jpg?resize=150%2C67&amp;ssl=1 150w, https:\/\/i0.wp.com\/eltrabajo.cl\/portal\/wp-content\/uploads\/2014\/05\/Santo11.jpg?resize=400%2C178&amp;ssl=1 400w\" sizes=\"auto, (max-width: 528px) 100vw, 528px\" \/><\/a><figcaption id=\"caption-attachment-46951\" class=\"wp-caption-text\">El domingo 8 de junio San Antonio comenzar\u00e1 a recorrer el sector c\u00e9ntrico de la comuna, contemplando visitas al hogar de ancianos; el Hospital San Antonio; el hospital psiqui\u00e1trico y algunos hogares.<\/figcaption><\/figure>\n<p><strong>PUTAENDO.-<\/strong> El Patrono de la comuna de Putaendo, San Antonio de Padua, despu\u00e9s de un largo peregrinar por los sectores rurales de la comuna de Putaendo, regresar\u00e1 el pr\u00f3ximo s\u00e1bado 7 de junio al templo parroquial de la comuna. El Cura Pedro Salinas inform\u00f3 que el 10 de mayo San Antonio fue llevado al sector Los Patos, donde comenz\u00f3 su peregrinar por los distintos sectores de Putaendo, hoy se encuentra en Piguch\u00e9n y en los pr\u00f3ximos d\u00edas recorrer\u00e1 Calle Juan Rozas, Granallas Norte y Granallas Sur.<\/p>\n<figure id=\"attachment_46952\" aria-describedby=\"caption-attachment-46952\" style=\"width: 317px\" class=\"wp-caption alignright\"><a href=\"https:\/\/i0.wp.com\/www.eltrabajo.cl\/portal\/wp-content\/uploads\/2014\/05\/Pedro1.jpg\"><img data-recalc-dims=\"1\" loading=\"lazy\" decoding=\"async\" class=\" wp-image-46952 \" alt=\"Sacerdote Pedro Salinas.\" src=\"https:\/\/i0.wp.com\/www.eltrabajo.cl\/portal\/wp-content\/uploads\/2014\/05\/Pedro1.jpg?resize=317%2C296\" width=\"317\" height=\"296\" srcset=\"https:\/\/i0.wp.com\/eltrabajo.cl\/portal\/wp-content\/uploads\/2014\/05\/Pedro1.jpg?w=529&amp;ssl=1 529w, https:\/\/i0.wp.com\/eltrabajo.cl\/portal\/wp-content\/uploads\/2014\/05\/Pedro1.jpg?resize=160%2C150&amp;ssl=1 160w, https:\/\/i0.wp.com\/eltrabajo.cl\/portal\/wp-content\/uploads\/2014\/05\/Pedro1.jpg?resize=300%2C280&amp;ssl=1 300w, https:\/\/i0.wp.com\/eltrabajo.cl\/portal\/wp-content\/uploads\/2014\/05\/Pedro1.jpg?resize=150%2C140&amp;ssl=1 150w, https:\/\/i0.wp.com\/eltrabajo.cl\/portal\/wp-content\/uploads\/2014\/05\/Pedro1.jpg?resize=400%2C373&amp;ssl=1 400w\" sizes=\"auto, (max-width: 317px) 100vw, 317px\" \/><\/a><figcaption id=\"caption-attachment-46952\" class=\"wp-caption-text\">Sacerdote Pedro Salinas.<\/figcaption><\/figure>\n<p>El sacerdote indic\u00f3 que el 7 de junio se reunir\u00e1n todos quienes han participado en la Misi\u00f3n Territorial en la sede de la Poblaci\u00f3n San Antonio donde compartir\u00e1n una gran porotada, por lo que tambi\u00e9n invit\u00f3 a la comunidad, adem\u00e1s ese mismo d\u00eda a las 18:00 horas, como ya es una tradici\u00f3n, al inicio de Calle Comercio, San Antonio ser\u00e1 esperado y en una multitudinaria procesi\u00f3n ingresar\u00e1 hasta el templo parroquial donde al igual que en otros a\u00f1os, se espera que la Calle Comercio sea adornada por completo con velas encendidas en ambas veredas.<\/p>\n<p>En el templo, a eso de las 19:00 horas se realizar\u00e1 la eucarist\u00eda y luego los cantores a lo divino acompa\u00f1ar\u00e1n al santo en una vigilia que se extender\u00e1 hasta el d\u00eda siguiente. El domingo 8 de junio San Antonio comenzar\u00e1 a recorrer el sector c\u00e9ntrico de la comuna, contemplando visitas al hogar de ancianos; el Hospital San Antonio; el hospital psiqui\u00e1trico y algunos hogares, finalizando las actividades en homenaje a San Antonio el viernes 13 de junio con un desfile en honor al santo patrono en la plaza de Putaendo y el domingo 14, se realizar\u00e1n las confirmaciones en el templo que ser\u00e1n presididas por el Obispo Cristian Contreras.<\/p>\n<p><strong>GRAN TRAYECTORIA<\/strong><\/p>\n<p>Ver\u00f3nica Calder\u00f3n, integrante del grupo pastoral de la Parroquia San Antonio de Padua de Putaendo, hizo una invitaci\u00f3n a toda la comunidad para que este s\u00e1bado 31 de mayo a las 19:00 horas acompa\u00f1en al Cura Pedro Salinas, quien cumplir\u00e1 16 a\u00f1os desde que fuera ordenado sacerdote, pues indic\u00f3 que merece el reconocimiento de la comunidad cat\u00f3lica ya que ha hecho un muy buen trabajo, considerando que lleg\u00f3 en momentos dif\u00edciles para la iglesia, adem\u00e1s su sencillez y tremendo trabajo hoy ya est\u00e1 dando sus frutos.<\/p>\n<p>Se espera que en esta importante celebraci\u00f3n para el Cura Pedro tambi\u00e9n asistan como en a\u00f1os anteriores, delegaciones de Rinconada de Los Andes y de Llay-Llay, donde Pedro dej\u00f3 muy buenos recuerdos.<\/p>\n<p>Consultado por nuestro medio, Pedro Salinas sobre el regalo que le gustar\u00eda recibir, se\u00f1al\u00f3 que gracias a Dios tiene todo lo que una persona necesita, pero indic\u00f3 que aquellas personas que deseen llegar con un regalo lo hagan con leche en polvo o l\u00edquida para entreg\u00e1rsela a tantos ni\u00f1os de la comuna, cuyos padres no tienen como comprarles leche.<\/p>\n<p>Patricio Gallardo M.<\/p>\n","protected":false},"excerpt":{"rendered":"<p>PUTAENDO.- El Patrono de la comuna de Putaendo, San Antonio de Padua, despu\u00e9s de un largo peregrinar por los sectores rurales de la comuna de Putaendo, regresar\u00e1 el pr\u00f3ximo s\u00e1bado 7 de&#8230;<\/p>\n","protected":false},"author":482,"featured_media":46951,"comment_status":"open","ping_status":"closed","sticky":false,"template":"","format":"standard","meta":{"advanced_seo_description":"","jetpack_seo_html_title":"","jetpack_seo_noindex":false,"_jetpack_memberships_contains_paid_content":false,"footnotes":""},"categories":[15],"tags":[],"class_list":["post-46950","post","type-post","status-publish","format-standard","has-post-thumbnail","hentry","category-comunidad"],"jetpack_featured_media_url":"https:\/\/i0.wp.com\/eltrabajo.cl\/portal\/wp-content\/uploads\/2014\/05\/Santo11.jpg?fit=528%2C236&ssl=1","jetpack_sharing_enabled":true,"jetpack_likes_enabled":true,"jetpack-related-posts":[],"_links":{"self":[{"href":"https:\/\/eltrabajo.cl\/portal\/wp-json\/wp\/v2\/posts\/46950","targetHints":{"allow":["GET"]}}],"collection":[{"href":"https:\/\/eltrabajo.cl\/portal\/wp-json\/wp\/v2\/posts"}],"about":[{"href":"https:\/\/eltrabajo.cl\/portal\/wp-json\/wp\/v2\/types\/post"}],"author":[{"embeddable":true,"href":"https:\/\/eltrabajo.cl\/portal\/wp-json\/wp\/v2\/users\/482"}],"replies":[{"embeddable":true,"href":"https:\/\/eltrabajo.cl\/portal\/wp-json\/wp\/v2\/comments?post=46950"}],"version-history":[{"count":0,"href":"https:\/\/eltrabajo.cl\/portal\/wp-json\/wp\/v2\/posts\/46950\/revisions"}],"wp:featuredmedia":[{"embeddable":true,"href":"https:\/\/eltrabajo.cl\/portal\/wp-json\/wp\/v2\/media\/46951"}],"wp:attachment":[{"href":"https:\/\/eltrabajo.cl\/portal\/wp-json\/wp\/v2\/media?parent=46950"}],"wp:term":[{"taxonomy":"category","embeddable":true,"href":"https:\/\/eltrabajo.cl\/portal\/wp-json\/wp\/v2\/categories?post=46950"},{"taxonomy":"post_tag","embeddable":true,"href":"https:\/\/eltrabajo.cl\/portal\/wp-json\/wp\/v2\/tags?post=46950"}],"curies":[{"name":"wp","href":"https:\/\/api.w.org\/{rel}","templated":true}]}}