{"id":46955,"date":"2014-05-29T09:18:11","date_gmt":"2014-05-29T13:18:11","guid":{"rendered":"http:\/\/www.eltrabajo.cl\/portal\/?p=46955"},"modified":"2014-05-29T09:18:11","modified_gmt":"2014-05-29T13:18:11","slug":"pequeno-benjamin-hoy-necesita-de-la-oracion-de-todos-los-putaendinos","status":"publish","type":"post","link":"https:\/\/eltrabajo.cl\/portal\/pequeno-benjamin-hoy-necesita-de-la-oracion-de-todos-los-putaendinos\/","title":{"rendered":"Peque\u00f1o Benjam\u00edn hoy necesita de la oraci\u00f3n de todos los putaendinos"},"content":{"rendered":"<figure id=\"attachment_46956\" aria-describedby=\"caption-attachment-46956\" style=\"width: 317px\" class=\"wp-caption alignleft\"><a href=\"https:\/\/i0.wp.com\/www.eltrabajo.cl\/portal\/wp-content\/uploads\/2014\/05\/Benjamin-Gonzalez.jpg\"><img data-recalc-dims=\"1\" loading=\"lazy\" decoding=\"async\" class=\" wp-image-46956 \" alt=\"TODOS CON ESTE PEQUE\u00d1\u00cdN.- El peque\u00f1o Benjam\u00edn Gonz\u00e1lez Herrera, de tan s\u00f3lo cinco meses necesita en forma urgente de la oraci\u00f3n de toda la comunidad.\" src=\"https:\/\/i0.wp.com\/www.eltrabajo.cl\/portal\/wp-content\/uploads\/2014\/05\/Benjamin-Gonzalez.jpg?resize=317%2C268\" width=\"317\" height=\"268\" srcset=\"https:\/\/i0.wp.com\/eltrabajo.cl\/portal\/wp-content\/uploads\/2014\/05\/Benjamin-Gonzalez.jpg?w=529&amp;ssl=1 529w, https:\/\/i0.wp.com\/eltrabajo.cl\/portal\/wp-content\/uploads\/2014\/05\/Benjamin-Gonzalez.jpg?resize=177%2C150&amp;ssl=1 177w, https:\/\/i0.wp.com\/eltrabajo.cl\/portal\/wp-content\/uploads\/2014\/05\/Benjamin-Gonzalez.jpg?resize=150%2C126&amp;ssl=1 150w, https:\/\/i0.wp.com\/eltrabajo.cl\/portal\/wp-content\/uploads\/2014\/05\/Benjamin-Gonzalez.jpg?resize=400%2C337&amp;ssl=1 400w\" sizes=\"auto, (max-width: 317px) 100vw, 317px\" \/><\/a><figcaption id=\"caption-attachment-46956\" class=\"wp-caption-text\">TODOS CON ESTE PEQUE\u00d1\u00cdN.- El peque\u00f1o Benjam\u00edn Gonz\u00e1lez Herrera, de tan s\u00f3lo cinco meses necesita en forma urgente de la oraci\u00f3n de toda la comunidad.<\/figcaption><\/figure>\n<p><strong>PUTAENDO.<\/strong>&#8211; El peque\u00f1o Benjam\u00edn Gonz\u00e1lez Herrera, de tan s\u00f3lo cinco meses necesita en forma urgente de la oraci\u00f3n de toda la comunidad producto del delicado estado de salud que hoy enfrenta. Este peque\u00f1ito es hijo de Cristian Gonz\u00e1lez Trivi\u00f1o y Fernanda Herrera L\u00f3pez, joven pareja que ha debido enfrentar la enfermedad de su peque\u00f1o hijo que est\u00e1 afectado por un tumor cerebral, lo que ha llevado a que pasado el mediod\u00eda de este martes ingresara a una delicada operaci\u00f3n en el Hospital Gustavo Fricke de Vi\u00f1a del Mar.<\/p>\n<p>Sus padres y sus abuelos se encuentran en la ciudad de Vi\u00f1a del Mar y con mucha humildad han solicitado unirse a una cadena de oraci\u00f3n para pedir por que el peque\u00f1o enfrente de buena manera esta delicada operaci\u00f3n y se pueda recuperar satisfactoriamente. En estos momentos, apelando a cualquier credo religioso, sin importar los ojos con los que se mire a Dios, invitamos a la comunidad a unirse en oraci\u00f3n por la salud del peque\u00f1o Benjam\u00edn Herrera L\u00f3pez.<\/p>\n<p>Patricio Gallardo M.<\/p>\n<p>&nbsp;<\/p>\n","protected":false},"excerpt":{"rendered":"<p>PUTAENDO.&#8211; El peque\u00f1o Benjam\u00edn Gonz\u00e1lez Herrera, de tan s\u00f3lo cinco meses necesita en forma urgente de la oraci\u00f3n de toda la comunidad producto del delicado estado de salud que hoy enfrenta. Este&#8230;<\/p>\n","protected":false},"author":482,"featured_media":46956,"comment_status":"open","ping_status":"closed","sticky":false,"template":"","format":"standard","meta":{"advanced_seo_description":"","jetpack_seo_html_title":"","jetpack_seo_noindex":false,"_jetpack_memberships_contains_paid_content":false,"footnotes":""},"categories":[15],"tags":[],"class_list":["post-46955","post","type-post","status-publish","format-standard","has-post-thumbnail","hentry","category-comunidad"],"jetpack_featured_media_url":"https:\/\/i0.wp.com\/eltrabajo.cl\/portal\/wp-content\/uploads\/2014\/05\/Benjamin-Gonzalez.jpg?fit=529%2C446&ssl=1","jetpack_sharing_enabled":true,"jetpack_likes_enabled":true,"jetpack-related-posts":[],"_links":{"self":[{"href":"https:\/\/eltrabajo.cl\/portal\/wp-json\/wp\/v2\/posts\/46955","targetHints":{"allow":["GET"]}}],"collection":[{"href":"https:\/\/eltrabajo.cl\/portal\/wp-json\/wp\/v2\/posts"}],"about":[{"href":"https:\/\/eltrabajo.cl\/portal\/wp-json\/wp\/v2\/types\/post"}],"author":[{"embeddable":true,"href":"https:\/\/eltrabajo.cl\/portal\/wp-json\/wp\/v2\/users\/482"}],"replies":[{"embeddable":true,"href":"https:\/\/eltrabajo.cl\/portal\/wp-json\/wp\/v2\/comments?post=46955"}],"version-history":[{"count":0,"href":"https:\/\/eltrabajo.cl\/portal\/wp-json\/wp\/v2\/posts\/46955\/revisions"}],"wp:featuredmedia":[{"embeddable":true,"href":"https:\/\/eltrabajo.cl\/portal\/wp-json\/wp\/v2\/media\/46956"}],"wp:attachment":[{"href":"https:\/\/eltrabajo.cl\/portal\/wp-json\/wp\/v2\/media?parent=46955"}],"wp:term":[{"taxonomy":"category","embeddable":true,"href":"https:\/\/eltrabajo.cl\/portal\/wp-json\/wp\/v2\/categories?post=46955"},{"taxonomy":"post_tag","embeddable":true,"href":"https:\/\/eltrabajo.cl\/portal\/wp-json\/wp\/v2\/tags?post=46955"}],"curies":[{"name":"wp","href":"https:\/\/api.w.org\/{rel}","templated":true}]}}