{"id":46959,"date":"2014-05-29T09:21:14","date_gmt":"2014-05-29T13:21:14","guid":{"rendered":"http:\/\/www.eltrabajo.cl\/portal\/?p=46959"},"modified":"2014-05-29T09:21:14","modified_gmt":"2014-05-29T13:21:14","slug":"piden-intervencion-del-gobernador-por-inseguridad-vial-en-calle-brasil","status":"publish","type":"post","link":"https:\/\/eltrabajo.cl\/portal\/piden-intervencion-del-gobernador-por-inseguridad-vial-en-calle-brasil\/","title":{"rendered":"Piden intervenci\u00f3n del Gobernador por inseguridad vial en Calle Brasil"},"content":{"rendered":"<figure id=\"attachment_46960\" aria-describedby=\"caption-attachment-46960\" style=\"width: 529px\" class=\"wp-caption alignnone\"><a href=\"https:\/\/i0.wp.com\/www.eltrabajo.cl\/portal\/wp-content\/uploads\/2014\/05\/Calle1.jpg\"><img data-recalc-dims=\"1\" loading=\"lazy\" decoding=\"async\" class=\"size-full wp-image-46960\" alt=\"Los vecinos de Calle Brasil han solicitado formalmente la intervenci\u00f3n del Gobernador Eduardo Le\u00f3n ante la inseguridad que a diario enfrentan los vecinos de ese sector.\" src=\"https:\/\/i0.wp.com\/www.eltrabajo.cl\/portal\/wp-content\/uploads\/2014\/05\/Calle1.jpg?resize=529%2C358\" width=\"529\" height=\"358\" srcset=\"https:\/\/i0.wp.com\/eltrabajo.cl\/portal\/wp-content\/uploads\/2014\/05\/Calle1.jpg?w=529&amp;ssl=1 529w, https:\/\/i0.wp.com\/eltrabajo.cl\/portal\/wp-content\/uploads\/2014\/05\/Calle1.jpg?resize=200%2C135&amp;ssl=1 200w, https:\/\/i0.wp.com\/eltrabajo.cl\/portal\/wp-content\/uploads\/2014\/05\/Calle1.jpg?resize=300%2C203&amp;ssl=1 300w, https:\/\/i0.wp.com\/eltrabajo.cl\/portal\/wp-content\/uploads\/2014\/05\/Calle1.jpg?resize=150%2C101&amp;ssl=1 150w, https:\/\/i0.wp.com\/eltrabajo.cl\/portal\/wp-content\/uploads\/2014\/05\/Calle1.jpg?resize=400%2C270&amp;ssl=1 400w\" sizes=\"auto, (max-width: 529px) 100vw, 529px\" \/><\/a><figcaption id=\"caption-attachment-46960\" class=\"wp-caption-text\">Los vecinos de Calle Brasil han solicitado formalmente la intervenci\u00f3n del Gobernador Eduardo Le\u00f3n ante la inseguridad que a diario enfrentan los vecinos de ese sector.<\/figcaption><\/figure>\n<p><strong>PUTAENDO<\/strong>.- La Junta de Vecinos de Calle Brasil junto al Concejal Carlos Gallardo, han solicitado formalmente la intervenci\u00f3n del Gobernador Eduardo Le\u00f3n ante la inseguridad que a diario enfrentan los vecinos de ese sector. Mar\u00eda S\u00e1nchez, Presidente de la Junta de Vecinos de Calle Brasil, se\u00f1al\u00f3 que hace un par de a\u00f1os atr\u00e1s estuvieron a punto de tomarse el camino por las altas velocidades de los veh\u00edculos que por ah\u00ed transitan, muchos de los cuales evitan transitar por la Carretera E-71 para no toparse con los lomos de toro existentes frente al Colegio Cervantino y que en ese entonces como vecinos se\u00f1alaron que la soluci\u00f3n era construir lomos de toro en Calle Brasil, lo que Vialidad no acept\u00f3 y sin considerar la opini\u00f3n de los vecinos instalaron enormes tachas en ambos costados de la calle, lo que lejos de ser una soluci\u00f3n ha sido el peor problema que han tenido que enfrentar.<\/p>\n<figure id=\"attachment_46961\" aria-describedby=\"caption-attachment-46961\" style=\"width: 317px\" class=\"wp-caption alignright\"><a href=\"https:\/\/i0.wp.com\/www.eltrabajo.cl\/portal\/wp-content\/uploads\/2014\/05\/Maria-Sanchez.jpg\"><img data-recalc-dims=\"1\" loading=\"lazy\" decoding=\"async\" class=\" wp-image-46961 \" alt=\"Mar\u00eda S\u00e1nchez, Presidente de la Junta de Vecinos de Calle Brasil.\" src=\"https:\/\/i0.wp.com\/www.eltrabajo.cl\/portal\/wp-content\/uploads\/2014\/05\/Maria-Sanchez.jpg?resize=317%2C329\" width=\"317\" height=\"329\" srcset=\"https:\/\/i0.wp.com\/eltrabajo.cl\/portal\/wp-content\/uploads\/2014\/05\/Maria-Sanchez.jpg?w=529&amp;ssl=1 529w, https:\/\/i0.wp.com\/eltrabajo.cl\/portal\/wp-content\/uploads\/2014\/05\/Maria-Sanchez.jpg?resize=144%2C150&amp;ssl=1 144w, https:\/\/i0.wp.com\/eltrabajo.cl\/portal\/wp-content\/uploads\/2014\/05\/Maria-Sanchez.jpg?resize=289%2C300&amp;ssl=1 289w, https:\/\/i0.wp.com\/eltrabajo.cl\/portal\/wp-content\/uploads\/2014\/05\/Maria-Sanchez.jpg?resize=400%2C414&amp;ssl=1 400w\" sizes=\"auto, (max-width: 317px) 100vw, 317px\" \/><\/a><figcaption id=\"caption-attachment-46961\" class=\"wp-caption-text\">Mar\u00eda S\u00e1nchez, Presidente de la Junta de Vecinos de Calle Brasil.<\/figcaption><\/figure>\n<p><strong>\u00a0MILLONES A\u00a0LA BASURA<\/strong><\/p>\n<p>La dirigente indic\u00f3 que literalmente Vialidad bot\u00f3 a la basura $22.000.000, pues estas tachas han generado la ca\u00edda de varios adultos mayores, ciclistas y ni\u00f1os que tropiezan con estas enormes tachas, pues en algunas partes no hay veredas y la calle est\u00e1 pr\u00e1cticamente muy cerca de las casas, pero a\u00fan as\u00ed los automovilistas muy por el contrario de lo que dijeron los expertos, hoy literalmente tienen demarcada una pista de carreras, pues no tienen obst\u00e1culo alguno para pasar a altas velocidades, poniendo en riesgo la vida de los vecinos.<\/p>\n<p>A este inconveniente se suma el hecho que varias familias que viven en Calle Brasil tambi\u00e9n transitan con ganado, que es otro inconveniente que deben enfrentar a prop\u00f3sito del alto flujo vehicular y las velocidades de los autom\u00f3viles, por lo que hoy formalmente est\u00e1n pidiendo al Gobernador la instalaci\u00f3n de a lo menos tres lomos de toro o resaltos como una medida de mitigaci\u00f3n para as\u00ed evitar las altas velocidades por el sector.<\/p>\n<p><strong>URGE SOLUCI\u00d3N<\/strong><\/p>\n<p>Por su parte el Concejal Carlos Gallardo, expres\u00f3 todo su apoyo y gesti\u00f3n a los vecinos de Calle Brasil y asegur\u00f3 que los conductores han tomado la calle como una v\u00eda alternativa m\u00e1s r\u00e1pida para as\u00ed evitar los lomos de toro ubicados frente al Colegio Cervantino, lo que claramente ha aumentado el tr\u00e1nsito por Calle Brasil, generando un riesgo por las altas velocidades. El edil se\u00f1al\u00f3 adem\u00e1s que las medidas de mitigaci\u00f3n no fueron las adecuadas, ya que incluso han empeorado la situaci\u00f3n de los vecinos, sobre todo de aquellos que se movilizan en sillas de ruedas, caballos y bicicletas.<\/p>\n<p>Gallardo manifest\u00f3 adem\u00e1s que es urgente una soluci\u00f3n id\u00f3nea para los vecinos de Calle Brasil merecen volver a tener la vida tranquila que llevaban hasta antes de estas obras, por lo que apoyar\u00e1 decididamente a los vecinos del sector. Finalmente la dirigente Mar\u00eda S\u00e1nchez se\u00f1al\u00f3 que est\u00e1n seguros que el Gobernador Eduardo Le\u00f3n les tender\u00e1 una mano ante la situaci\u00f3n que est\u00e1n viviendo, aunque tambi\u00e9n asegur\u00f3 que los vecinos del sector est\u00e1n dispuestos a tomarse el camino como una medida de presi\u00f3n, ya que afirmaron que no esperar\u00e1n a lamentar una muerte para que comiencen a llegar las soluciones.<\/p>\n<p>Patricio Gallardo M.<\/p>\n<p>&nbsp;<\/p>\n","protected":false},"excerpt":{"rendered":"<p>PUTAENDO.- La Junta de Vecinos de Calle Brasil junto al Concejal Carlos Gallardo, han solicitado formalmente la intervenci\u00f3n del Gobernador Eduardo Le\u00f3n ante la inseguridad que a diario enfrentan los vecinos de&#8230;<\/p>\n","protected":false},"author":482,"featured_media":46960,"comment_status":"open","ping_status":"closed","sticky":false,"template":"","format":"standard","meta":{"advanced_seo_description":"","jetpack_seo_html_title":"","jetpack_seo_noindex":false,"_jetpack_memberships_contains_paid_content":false,"footnotes":""},"categories":[15],"tags":[],"class_list":["post-46959","post","type-post","status-publish","format-standard","has-post-thumbnail","hentry","category-comunidad"],"jetpack_featured_media_url":"https:\/\/i0.wp.com\/eltrabajo.cl\/portal\/wp-content\/uploads\/2014\/05\/Calle1.jpg?fit=529%2C358&ssl=1","jetpack_sharing_enabled":true,"jetpack_likes_enabled":true,"jetpack-related-posts":[],"_links":{"self":[{"href":"https:\/\/eltrabajo.cl\/portal\/wp-json\/wp\/v2\/posts\/46959","targetHints":{"allow":["GET"]}}],"collection":[{"href":"https:\/\/eltrabajo.cl\/portal\/wp-json\/wp\/v2\/posts"}],"about":[{"href":"https:\/\/eltrabajo.cl\/portal\/wp-json\/wp\/v2\/types\/post"}],"author":[{"embeddable":true,"href":"https:\/\/eltrabajo.cl\/portal\/wp-json\/wp\/v2\/users\/482"}],"replies":[{"embeddable":true,"href":"https:\/\/eltrabajo.cl\/portal\/wp-json\/wp\/v2\/comments?post=46959"}],"version-history":[{"count":0,"href":"https:\/\/eltrabajo.cl\/portal\/wp-json\/wp\/v2\/posts\/46959\/revisions"}],"wp:featuredmedia":[{"embeddable":true,"href":"https:\/\/eltrabajo.cl\/portal\/wp-json\/wp\/v2\/media\/46960"}],"wp:attachment":[{"href":"https:\/\/eltrabajo.cl\/portal\/wp-json\/wp\/v2\/media?parent=46959"}],"wp:term":[{"taxonomy":"category","embeddable":true,"href":"https:\/\/eltrabajo.cl\/portal\/wp-json\/wp\/v2\/categories?post=46959"},{"taxonomy":"post_tag","embeddable":true,"href":"https:\/\/eltrabajo.cl\/portal\/wp-json\/wp\/v2\/tags?post=46959"}],"curies":[{"name":"wp","href":"https:\/\/api.w.org\/{rel}","templated":true}]}}