{"id":46965,"date":"2014-05-29T09:22:41","date_gmt":"2014-05-29T13:22:41","guid":{"rendered":"http:\/\/www.eltrabajo.cl\/portal\/?p=46965"},"modified":"2014-05-29T09:22:41","modified_gmt":"2014-05-29T13:22:41","slug":"proyectos-de-pavimentos-participativos-para-dos-villas-panquehuinas","status":"publish","type":"post","link":"https:\/\/eltrabajo.cl\/portal\/proyectos-de-pavimentos-participativos-para-dos-villas-panquehuinas\/","title":{"rendered":"Proyectos de Pavimentos Participativos para dos villas panquehuinas"},"content":{"rendered":"<figure id=\"attachment_46966\" aria-describedby=\"caption-attachment-46966\" style=\"width: 529px\" class=\"wp-caption alignnone\"><a href=\"https:\/\/i0.wp.com\/www.eltrabajo.cl\/portal\/wp-content\/uploads\/2014\/05\/Pavimentos1.jpg\"><img data-recalc-dims=\"1\" loading=\"lazy\" decoding=\"async\" class=\"size-full wp-image-46966\" alt=\"La ceremonia de entrega de los certificados, se realiz\u00f3 en el Sal\u00f3n de Honor de la Municipalidad de San Felipe.\" src=\"https:\/\/i0.wp.com\/www.eltrabajo.cl\/portal\/wp-content\/uploads\/2014\/05\/Pavimentos1.jpg?resize=529%2C381\" width=\"529\" height=\"381\" srcset=\"https:\/\/i0.wp.com\/eltrabajo.cl\/portal\/wp-content\/uploads\/2014\/05\/Pavimentos1.jpg?w=529&amp;ssl=1 529w, https:\/\/i0.wp.com\/eltrabajo.cl\/portal\/wp-content\/uploads\/2014\/05\/Pavimentos1.jpg?resize=200%2C144&amp;ssl=1 200w, https:\/\/i0.wp.com\/eltrabajo.cl\/portal\/wp-content\/uploads\/2014\/05\/Pavimentos1.jpg?resize=300%2C216&amp;ssl=1 300w, https:\/\/i0.wp.com\/eltrabajo.cl\/portal\/wp-content\/uploads\/2014\/05\/Pavimentos1.jpg?resize=150%2C108&amp;ssl=1 150w, https:\/\/i0.wp.com\/eltrabajo.cl\/portal\/wp-content\/uploads\/2014\/05\/Pavimentos1.jpg?resize=400%2C288&amp;ssl=1 400w\" sizes=\"auto, (max-width: 529px) 100vw, 529px\" \/><\/a><figcaption id=\"caption-attachment-46966\" class=\"wp-caption-text\">La ceremonia de entrega de los certificados, se realiz\u00f3 en el Sal\u00f3n de Honor de la Municipalidad de San Felipe.<\/figcaption><\/figure>\n<p><strong>PANQUEHUE.<\/strong>&#8211; Dos villas de la comuna de Panquehue resultaron favorecidas con la ejecuci\u00f3n de Proyectos de Pavimentos Participativos, que corresponden al llamado N\u00ba 23 realizado por el Ministerio de Vivienda y Urbanismo. Se trata de las calles Los Pimientos y Los Aramos, ambas de Villa Santa Adela y Calle Los Sauces, que corresponde a Villa Colunqu\u00e9n de la comuna de Panquehue.<\/p>\n<p>En la oportunidad, el Secretario Regional Ministerial de Vivienda, Mauricio Candia junto al Alcalde Luis Pradenas y el Gobernador de San Felipe, Eduardo Le\u00f3n, hicieron entrega a los dirigentes vecinales de las mencionadas localidades de los certificados que corresponden al Programa de Pavimentaci\u00f3n Participativa.<\/p>\n<p>El Alcalde Pradenas manifest\u00f3 que est\u00e1 su compromiso de lograr pavimentar el 100% de calles y pasajes de las poblaciones de su comuna, antes del t\u00e9rmino de su actual administraci\u00f3n.<\/p>\n<p>\u201cA\u00f1o tras a\u00f1o, nosotros estamos trabajando en el municipio y postulando a los llamados de los pavimentos participativos, con el fin de ir mejorando la calidad de vida de los habitantes de la comuna de Panquehue. En este llamado N\u00ba 23, han resultado beneficiadas dos villas y tres calles, proyecto muy esperado por este municipio y los vecinos. Aqu\u00ed por lo tanto estamos cumpliendo un trabajo para la comunidad que tanto lo necesita.<\/p>\n<p>Este a\u00f1o van a quedar pavimentadas estas tres calles, se les va a mejorar la calidad de vida de los vecinos y as\u00ed terminar con el barro en el invierno y el polvo en verano, por lo tanto estoy muy contento porque son familias que han esperado desde que recibieron sus viviendas una soluci\u00f3n a la pavimentaci\u00f3n de sus calles\u201d, indic\u00f3 Pradenas.<\/p>\n<p>En tanto el Seremi de Vivienda, Mauricio Candia, se\u00f1al\u00f3 que la postulaci\u00f3n de estos comit\u00e9s permitir\u00e1 la pavimentaci\u00f3n de once calles y siete pasajes de las comunas de San Felipe, Panquehue, Llay Llay y Catemu. Dijo que estas iniciativas involucran una inversi\u00f3n de $763 millones y beneficiar\u00e1 en la provincia a 232 viviendas, y la pavimentaci\u00f3n de estas v\u00edas significar\u00e1 2.428 metros lineales de nuevos pavimentos para la provincia.<\/p>\n<p>A\u00f1adi\u00f3 que el trabajo que se est\u00e1 desarrollando en estas comunas beneficiadas es parte de una millonaria inversi\u00f3n que ejecuta el Minvu en la provincia, la que ha concretado proyectos por un monto de m\u00e1s de $8.480 millones desde el inicio del Programa de Pavimentaci\u00f3n Participativa.<\/p>\n<p>La ceremonia de entrega de los certificados, se realiz\u00f3 en el Sal\u00f3n de Honor de la Municipalidad de San Felipe, y se cont\u00f3 entre otros con la asistencia de los alcaldes de Panquehue Luis Pradenas; de San Felipe Patricio Freire; de Llay LLay Mario Marillanca y de Catemu Boris Luksic, adem\u00e1s de concejales, el gobernador, concejeros regionales, parlamentarios, el Seremi de Vivienda y el Director Regional del Serviu, as\u00ed como de dirigentes vecinales.<\/p>\n<p>&nbsp;<\/p>\n","protected":false},"excerpt":{"rendered":"<p>PANQUEHUE.&#8211; Dos villas de la comuna de Panquehue resultaron favorecidas con la ejecuci\u00f3n de Proyectos de Pavimentos Participativos, que corresponden al llamado N\u00ba 23 realizado por el Ministerio de Vivienda y Urbanismo&#8230;.<\/p>\n","protected":false},"author":482,"featured_media":46966,"comment_status":"open","ping_status":"closed","sticky":false,"template":"","format":"standard","meta":{"advanced_seo_description":"","jetpack_seo_html_title":"","jetpack_seo_noindex":false,"_jetpack_memberships_contains_paid_content":false,"footnotes":""},"categories":[1],"tags":[],"class_list":["post-46965","post","type-post","status-publish","format-standard","has-post-thumbnail","hentry","category-cronica"],"jetpack_featured_media_url":"https:\/\/i0.wp.com\/eltrabajo.cl\/portal\/wp-content\/uploads\/2014\/05\/Pavimentos1.jpg?fit=529%2C381&ssl=1","jetpack_sharing_enabled":true,"jetpack_likes_enabled":true,"jetpack-related-posts":[],"_links":{"self":[{"href":"https:\/\/eltrabajo.cl\/portal\/wp-json\/wp\/v2\/posts\/46965","targetHints":{"allow":["GET"]}}],"collection":[{"href":"https:\/\/eltrabajo.cl\/portal\/wp-json\/wp\/v2\/posts"}],"about":[{"href":"https:\/\/eltrabajo.cl\/portal\/wp-json\/wp\/v2\/types\/post"}],"author":[{"embeddable":true,"href":"https:\/\/eltrabajo.cl\/portal\/wp-json\/wp\/v2\/users\/482"}],"replies":[{"embeddable":true,"href":"https:\/\/eltrabajo.cl\/portal\/wp-json\/wp\/v2\/comments?post=46965"}],"version-history":[{"count":0,"href":"https:\/\/eltrabajo.cl\/portal\/wp-json\/wp\/v2\/posts\/46965\/revisions"}],"wp:featuredmedia":[{"embeddable":true,"href":"https:\/\/eltrabajo.cl\/portal\/wp-json\/wp\/v2\/media\/46966"}],"wp:attachment":[{"href":"https:\/\/eltrabajo.cl\/portal\/wp-json\/wp\/v2\/media?parent=46965"}],"wp:term":[{"taxonomy":"category","embeddable":true,"href":"https:\/\/eltrabajo.cl\/portal\/wp-json\/wp\/v2\/categories?post=46965"},{"taxonomy":"post_tag","embeddable":true,"href":"https:\/\/eltrabajo.cl\/portal\/wp-json\/wp\/v2\/tags?post=46965"}],"curies":[{"name":"wp","href":"https:\/\/api.w.org\/{rel}","templated":true}]}}