{"id":46968,"date":"2014-05-29T09:24:09","date_gmt":"2014-05-29T13:24:09","guid":{"rendered":"http:\/\/www.eltrabajo.cl\/portal\/?p=46968"},"modified":"2014-05-29T09:24:09","modified_gmt":"2014-05-29T13:24:09","slug":"aseguro-alcalde-guillermo-reyes-el-calvario-del-comite-valle-de-putaendo-terminara-pronto","status":"publish","type":"post","link":"https:\/\/eltrabajo.cl\/portal\/aseguro-alcalde-guillermo-reyes-el-calvario-del-comite-valle-de-putaendo-terminara-pronto\/","title":{"rendered":"Asegur\u00f3 alcalde Guillermo Reyes: \u00abEl calvario del Comit\u00e9 Valle de Putaendo terminar\u00e1 pronto\u00bb"},"content":{"rendered":"<figure id=\"attachment_46969\" aria-describedby=\"caption-attachment-46969\" style=\"width: 529px\" class=\"wp-caption alignnone\"><a href=\"https:\/\/i0.wp.com\/www.eltrabajo.cl\/portal\/wp-content\/uploads\/2014\/05\/Comite1.jpg\"><img data-recalc-dims=\"1\" loading=\"lazy\" decoding=\"async\" class=\"size-full wp-image-46969\" alt=\"Reyes calific\u00f3 la reuni\u00f3n como muy positiva y destac\u00f3 el compromiso y gesti\u00f3n del Diputado Marco Antonio N\u00fa\u00f1ez y del Gobernador Eduardo Le\u00f3n.\" src=\"https:\/\/i0.wp.com\/www.eltrabajo.cl\/portal\/wp-content\/uploads\/2014\/05\/Comite1.jpg?resize=529%2C358\" width=\"529\" height=\"358\" srcset=\"https:\/\/i0.wp.com\/eltrabajo.cl\/portal\/wp-content\/uploads\/2014\/05\/Comite1.jpg?w=529&amp;ssl=1 529w, https:\/\/i0.wp.com\/eltrabajo.cl\/portal\/wp-content\/uploads\/2014\/05\/Comite1.jpg?resize=200%2C135&amp;ssl=1 200w, https:\/\/i0.wp.com\/eltrabajo.cl\/portal\/wp-content\/uploads\/2014\/05\/Comite1.jpg?resize=300%2C203&amp;ssl=1 300w, https:\/\/i0.wp.com\/eltrabajo.cl\/portal\/wp-content\/uploads\/2014\/05\/Comite1.jpg?resize=150%2C101&amp;ssl=1 150w, https:\/\/i0.wp.com\/eltrabajo.cl\/portal\/wp-content\/uploads\/2014\/05\/Comite1.jpg?resize=400%2C270&amp;ssl=1 400w\" sizes=\"auto, (max-width: 529px) 100vw, 529px\" \/><\/a><figcaption id=\"caption-attachment-46969\" class=\"wp-caption-text\">Reyes calific\u00f3 la reuni\u00f3n como muy positiva y destac\u00f3 el compromiso y gesti\u00f3n del Diputado Marco Antonio N\u00fa\u00f1ez y del Gobernador Eduardo Le\u00f3n.<\/figcaption><\/figure>\n<p><strong>PUTAENDO.<\/strong>&#8211; El Alcalde Guillermo Reyes luego de participar de una importante reuni\u00f3n, dijo que \u201cel calvario que ha tenido que soportar el Comit\u00e9 Habitacional Valle de Putaendo terminar\u00e1 pronto\u201d. La autoridad comunal se reuni\u00f3 la ma\u00f1ana de este lunes con el Gobernador Eduardo Le\u00f3n, el Seremi de Vivienda Mauricio Candia; el Diputado Marco Antonio N\u00fa\u00f1ez; el Consejero Regional Mario Sottolichio; el Director Regional de Serviu Nelson Basaes, adem\u00e1s del Director bi-provincial de Serviu, el Concejal Sergio Zamora y la Presidente del Comit\u00e9 Habitacional Valle de Putaendo, Cecilia Carmona, con la finalidad de buscar una soluci\u00f3n al problema que hoy enfrenta este comit\u00e9 para la obtenci\u00f3n de un recurso adicional que permitir\u00e1 el inicio de la construcci\u00f3n de sus viviendas.<\/p>\n<p>Reyes calific\u00f3 la reuni\u00f3n como muy positiva y destac\u00f3 el compromiso y gesti\u00f3n del Diputado Marco Antonio N\u00fa\u00f1ez y del Gobernador Eduardo Le\u00f3n, ya que las 159 familias que componen el Comit\u00e9 Habitacional Valle de Putaendo han esperado por casi ocho a\u00f1os el sue\u00f1o de la casa propia y el gobierno anterior se comprometi\u00f3 a que se entregar\u00edan recursos adicionales para el inicio de las obras, lo que finalmente no ocurri\u00f3 con este comit\u00e9, pero si con otros comit\u00e9s de la Provincia de San Felipe.<\/p>\n<p>En este sentido, el alcalde de Putaendo se\u00f1al\u00f3 que lo importante es que hoy las nuevas autoridades se han preocupado del tema y que hoy ya esta solicitud la tiene la Ministra de la Vivienda, que en las pr\u00f3ximas semanas podr\u00eda firmar este decreto que permitir\u00e1 la llegada de m\u00e1s de $200.000.000 para iniciar las obras de construcci\u00f3n.<\/p>\n<p>\u201cCreo que el calvario que han vivido estas familias llegar\u00e1 a su fin, hoy gracias al decidido rol del Diputado N\u00fa\u00f1ez y de Gobernador Eduardo Le\u00f3n estamos a las puertas de tener una soluci\u00f3n definitiva que se prometi\u00f3 y no se cumpli\u00f3 en el anterior gobierno, pero con trabajo y como siempre lo hemos hecho, apoyando a este comit\u00e9, de aqu\u00ed a tres meses como fecha l\u00edmite comenzar\u00e1n los trabajos de construcci\u00f3n de sus viviendas, pues estas familias han tenido que aportar individualmente m\u00e1s de $650.000 que est\u00e1n por sobre el aporte normal de quien postula a una vivienda de este tipo, adem\u00e1s creo que es justo que por fin puedan empezar la construcci\u00f3n de sus viviendas, lo que gracias al trabajo de las autoridades del gobierno actual, de la perseverancia de los dirigentes y del apoyo del municipio se podr\u00e1 concretar lo antes posible\u201d, indic\u00f3 el Alcalde Reyes.<\/p>\n<p><strong>PLAN REGULADOR<\/strong><\/p>\n<p>En otro \u00e1mbito pero relacionado al tema anterior, el Alcalde Guillermo Reyes manifest\u00f3 que en Lo Vicu\u00f1a se realiz\u00f3 una importante reuni\u00f3n con representantes del Ministerio de Vivienda y Urbanismo junto a vecinos y autoridades para explicar el Plan Regulador Intercomunal (PRI) Alto Aconcagua que se est\u00e1 llevando adelante en San Felipe y Los Andes.<\/p>\n<p>El PRI permitir\u00e1 establecer los terrenos que podr\u00e1n ser ocupados en el \u00e1rea rural donde no existe plan regulador, para la instalaci\u00f3n de empresas o conjuntos habitacionales entre otros, por lo que el alcalde se\u00f1al\u00f3 que es de suma importancia la participaci\u00f3n de las autoridades de Putaendo y de la comunidad pues el PRI tendr\u00e1 una vigencia de m\u00e1s de 40 a\u00f1os y hoy est\u00e1 sumamente preocupado por el celo extremo de los profesionales sobre el uso del suelo que no est\u00e1n contemplando el cambio de suelo para uso habitacional, ante lo cual la municipalidad analizar\u00e1n en el pr\u00f3ximo Concejo Municipal varias opciones para presentar sugerencias y modificaciones a este plan que se pretender llevar adelante en las zonas rurales de Putaendo, pues el PRI regular\u00e1 y organizar\u00e1 por muchos a\u00f1os m\u00e1s el sector rural y es importante no equivocarse en las decisiones que se van a tomar, por lo que los concejales resolver\u00e1n presentar ideas y propuestas concretas a los profesionales que llevar\u00e1n adelante este PRI.<\/p>\n<p>Patricio Gallardo M.<\/p>\n<p>&nbsp;<\/p>\n","protected":false},"excerpt":{"rendered":"<p>PUTAENDO.&#8211; El Alcalde Guillermo Reyes luego de participar de una importante reuni\u00f3n, dijo que \u201cel calvario que ha tenido que soportar el Comit\u00e9 Habitacional Valle de Putaendo terminar\u00e1 pronto\u201d. La autoridad comunal&#8230;<\/p>\n","protected":false},"author":482,"featured_media":46969,"comment_status":"open","ping_status":"closed","sticky":false,"template":"","format":"standard","meta":{"advanced_seo_description":"","jetpack_seo_html_title":"","jetpack_seo_noindex":false,"_jetpack_memberships_contains_paid_content":false,"footnotes":""},"categories":[1],"tags":[],"class_list":["post-46968","post","type-post","status-publish","format-standard","has-post-thumbnail","hentry","category-cronica"],"jetpack_featured_media_url":"https:\/\/i0.wp.com\/eltrabajo.cl\/portal\/wp-content\/uploads\/2014\/05\/Comite1.jpg?fit=529%2C358&ssl=1","jetpack_sharing_enabled":true,"jetpack_likes_enabled":true,"jetpack-related-posts":[],"_links":{"self":[{"href":"https:\/\/eltrabajo.cl\/portal\/wp-json\/wp\/v2\/posts\/46968","targetHints":{"allow":["GET"]}}],"collection":[{"href":"https:\/\/eltrabajo.cl\/portal\/wp-json\/wp\/v2\/posts"}],"about":[{"href":"https:\/\/eltrabajo.cl\/portal\/wp-json\/wp\/v2\/types\/post"}],"author":[{"embeddable":true,"href":"https:\/\/eltrabajo.cl\/portal\/wp-json\/wp\/v2\/users\/482"}],"replies":[{"embeddable":true,"href":"https:\/\/eltrabajo.cl\/portal\/wp-json\/wp\/v2\/comments?post=46968"}],"version-history":[{"count":0,"href":"https:\/\/eltrabajo.cl\/portal\/wp-json\/wp\/v2\/posts\/46968\/revisions"}],"wp:featuredmedia":[{"embeddable":true,"href":"https:\/\/eltrabajo.cl\/portal\/wp-json\/wp\/v2\/media\/46969"}],"wp:attachment":[{"href":"https:\/\/eltrabajo.cl\/portal\/wp-json\/wp\/v2\/media?parent=46968"}],"wp:term":[{"taxonomy":"category","embeddable":true,"href":"https:\/\/eltrabajo.cl\/portal\/wp-json\/wp\/v2\/categories?post=46968"},{"taxonomy":"post_tag","embeddable":true,"href":"https:\/\/eltrabajo.cl\/portal\/wp-json\/wp\/v2\/tags?post=46968"}],"curies":[{"name":"wp","href":"https:\/\/api.w.org\/{rel}","templated":true}]}}