{"id":46971,"date":"2014-05-29T09:28:32","date_gmt":"2014-05-29T13:28:32","guid":{"rendered":"http:\/\/www.eltrabajo.cl\/portal\/?p=46971"},"modified":"2014-05-29T09:28:32","modified_gmt":"2014-05-29T13:28:32","slug":"cesfam-segismundo-iturra-realizo-campana-salud-y-belleza","status":"publish","type":"post","link":"https:\/\/eltrabajo.cl\/portal\/cesfam-segismundo-iturra-realizo-campana-salud-y-belleza\/","title":{"rendered":"Cesfam Segismundo Iturra realiz\u00f3 Campa\u00f1a Salud y Belleza"},"content":{"rendered":"<figure id=\"attachment_46972\" aria-describedby=\"caption-attachment-46972\" style=\"width: 370px\" class=\"wp-caption alignleft\"><a href=\"https:\/\/i0.wp.com\/www.eltrabajo.cl\/portal\/wp-content\/uploads\/2014\/05\/Cesfa2.jpg\"><img data-recalc-dims=\"1\" loading=\"lazy\" decoding=\"async\" class=\" wp-image-46972 \" alt=\"SIEMPRE BELLAS.- Durante ese d\u00eda en el Cesfam se les dio a las mujeres sesiones de masaje, corte de pelo y limpieza facial.\" src=\"https:\/\/i0.wp.com\/www.eltrabajo.cl\/portal\/wp-content\/uploads\/2014\/05\/Cesfa2.jpg?resize=370%2C440\" width=\"370\" height=\"440\" srcset=\"https:\/\/i0.wp.com\/eltrabajo.cl\/portal\/wp-content\/uploads\/2014\/05\/Cesfa2.jpg?w=529&amp;ssl=1 529w, https:\/\/i0.wp.com\/eltrabajo.cl\/portal\/wp-content\/uploads\/2014\/05\/Cesfa2.jpg?resize=126%2C150&amp;ssl=1 126w, https:\/\/i0.wp.com\/eltrabajo.cl\/portal\/wp-content\/uploads\/2014\/05\/Cesfa2.jpg?resize=252%2C300&amp;ssl=1 252w, https:\/\/i0.wp.com\/eltrabajo.cl\/portal\/wp-content\/uploads\/2014\/05\/Cesfa2.jpg?resize=400%2C475&amp;ssl=1 400w\" sizes=\"auto, (max-width: 370px) 100vw, 370px\" \/><\/a><figcaption id=\"caption-attachment-46972\" class=\"wp-caption-text\">SIEMPRE BELLAS.- Durante ese d\u00eda en el Cesfam se les dio a las mujeres sesiones de masaje, corte de pelo y limpieza facial.<\/figcaption><\/figure>\n<p>Ayer mi\u00e9rcoles 28 de mayo se celebr\u00f3 en todo el mundo el D\u00eda de Acci\u00f3n por la salud de la mujer y la fecha fue conmemorada en el Cesfam Segismundo Iturra Taito, con el inicio de la Campa\u00f1a Salud y Belleza. Durante ese d\u00eda en el Cesfam se realizaron ex\u00e1menes de Papanicolaou y examen de mamas, pero tambi\u00e9n se quiso entregar a las mujeres otro beneficio; se les dieron sesiones de masaje, corte de pelo y limpieza facial, como una forma de animarlas a que contin\u00faen asistiendo al centro de salud y por sobre todo que ellas se practiquen estos ex\u00e1menes.<\/p>\n<p>\u201cEstamos muy preocupados por el tema del c\u00e1ncer c\u00e9rvico uterino, que es una de las causas de muerte en las mujeres y tambi\u00e9n del c\u00e1ncer de mamas, porque junto con el Papanicolaou realizamos el examen f\u00edsico de mamas y si es necesario solicitamos mamograf\u00edas para la pesquisa del c\u00e1ncer, que es una de las principales causas de muerte por c\u00e1ncer en nuestras mujeres\u201d, dijo Rina Torres, Matrona del Cesfam Segismundo Iturra.<\/p>\n<p>El examen deben realizarlo las mujeres entre los 25 y 64 a\u00f1os y el llamado es a que las mujeres se acerquen a su centro de salud respectivo y realicen el examen, para detectar a tiempo la existencia de alguna de estas patolog\u00edas.<\/p>\n<p>\u201cLa idea es poder llegar a una cobertura de un 80% (de mujeres que se realicen los ex\u00e1menes), pero lamentablemente no lo hemos podido lograr, estamos en un 70% y nosotros en el Cesfam queremos llegar a un 80% al mes de diciembre\u201d, dijo la matrona.<\/p>\n<div class=\"tiled-gallery type-rectangular tiled-gallery-unresized\" data-original-width=\"640\" data-carousel-extra='null' itemscope itemtype=\"http:\/\/schema.org\/ImageGallery\" > <div class=\"gallery-row\" style=\"width: 640px; height: 257px;\" data-original-width=\"640\" data-original-height=\"257\" > <div class=\"gallery-group images-1\" style=\"width: 251px; height: 257px;\" data-original-width=\"251\" data-original-height=\"257\" > <div class=\"tiled-gallery-item tiled-gallery-item-small\" itemprop=\"associatedMedia\" itemscope itemtype=\"http:\/\/schema.org\/ImageObject\"> <a href=\"https:\/\/eltrabajo.cl\/portal\/cesfam-segismundo-iturra-realizo-campana-salud-y-belleza\/cesfam1-3\/\" border=\"0\" itemprop=\"url\"> <meta itemprop=\"width\" content=\"247\"> <meta itemprop=\"height\" content=\"253\"> <img decoding=\"async\" class=\"\" data-attachment-id=\"46974\" data-orig-file=\"https:\/\/eltrabajo.cl\/portal\/wp-content\/uploads\/2014\/05\/Cesfam11.jpg\" data-orig-size=\"529,542\" data-comments-opened=\"1\" data-image-meta=\"{&quot;aperture&quot;:&quot;4.5&quot;,&quot;credit&quot;:&quot;&quot;,&quot;camera&quot;:&quot;NIKON D3000&quot;,&quot;caption&quot;:&quot;&quot;,&quot;created_timestamp&quot;:&quot;1401281751&quot;,&quot;copyright&quot;:&quot;&quot;,&quot;focal_length&quot;:&quot;29&quot;,&quot;iso&quot;:&quot;1600&quot;,&quot;shutter_speed&quot;:&quot;0.025&quot;,&quot;title&quot;:&quot;&quot;}\" data-image-title=\"Cesfam1\" data-image-description=\"&lt;p&gt;REGALONEADAS.- Ayer mi\u00e9rcoles 28 de mayo se celebr\u00f3 en todo el mundo el D\u00eda de Acci\u00f3n por la salud de la mujer y la fecha fue conmemorada en el Cesfam Segismundo Iturra Taito.&lt;\/p&gt; \" data-medium-file=\"https:\/\/i0.wp.com\/eltrabajo.cl\/portal\/wp-content\/uploads\/2014\/05\/Cesfam11.jpg?fit=292%2C300&#038;ssl=1\" data-large-file=\"https:\/\/i0.wp.com\/eltrabajo.cl\/portal\/wp-content\/uploads\/2014\/05\/Cesfam11.jpg?fit=529%2C542&#038;ssl=1\" src=\"https:\/\/i0.wp.com\/eltrabajo.cl\/portal\/wp-content\/uploads\/2014\/05\/Cesfam11.jpg?w=247&#038;h=253&#038;ssl=1\" srcset=\"https:\/\/i0.wp.com\/eltrabajo.cl\/portal\/wp-content\/uploads\/2014\/05\/Cesfam11.jpg?w=529&amp;ssl=1 529w, https:\/\/i0.wp.com\/eltrabajo.cl\/portal\/wp-content\/uploads\/2014\/05\/Cesfam11.jpg?resize=146%2C150&amp;ssl=1 146w, https:\/\/i0.wp.com\/eltrabajo.cl\/portal\/wp-content\/uploads\/2014\/05\/Cesfam11.jpg?resize=292%2C300&amp;ssl=1 292w, https:\/\/i0.wp.com\/eltrabajo.cl\/portal\/wp-content\/uploads\/2014\/05\/Cesfam11.jpg?resize=400%2C409&amp;ssl=1 400w\" width=\"247\" height=\"253\" loading=\"lazy\" data-original-width=\"247\" data-original-height=\"253\" itemprop=\"http:\/\/schema.org\/image\" title=\"Cesfam1\" alt=\"REGALONEADAS.- Ayer mi\u00e9rcoles 28 de mayo se celebr\u00f3 en todo el mundo el D\u00eda de Acci\u00f3n por la salud de la mujer y la fecha fue conmemorada en el Cesfam Segismundo Iturra Taito.\" style=\"width: 247px; height: 253px;\" \/> <\/a> <div class=\"tiled-gallery-caption\" itemprop=\"caption description\"> REGALONEADAS.- Ayer mi\u00e9rcoles 28 de mayo se celebr\u00f3 en todo el mundo el D\u00eda de Acci\u00f3n por la salud de la mujer y la fecha fue conmemorada en el Cesfam Segismundo Iturra Taito. <\/div> <\/div> <\/div> <!-- close group --> <div class=\"gallery-group images-1\" style=\"width: 389px; height: 257px;\" data-original-width=\"389\" data-original-height=\"257\" > <div class=\"tiled-gallery-item tiled-gallery-item-large\" itemprop=\"associatedMedia\" itemscope itemtype=\"http:\/\/schema.org\/ImageObject\"> <a href=\"https:\/\/eltrabajo.cl\/portal\/cesfam-segismundo-iturra-realizo-campana-salud-y-belleza\/cesfam3\/\" border=\"0\" itemprop=\"url\"> <meta itemprop=\"width\" content=\"385\"> <meta itemprop=\"height\" content=\"253\"> <img decoding=\"async\" class=\"\" data-attachment-id=\"46975\" data-orig-file=\"https:\/\/eltrabajo.cl\/portal\/wp-content\/uploads\/2014\/05\/Cesfam3.jpg\" data-orig-size=\"528,347\" data-comments-opened=\"1\" data-image-meta=\"{&quot;aperture&quot;:&quot;4.5&quot;,&quot;credit&quot;:&quot;&quot;,&quot;camera&quot;:&quot;NIKON D3000&quot;,&quot;caption&quot;:&quot;&quot;,&quot;created_timestamp&quot;:&quot;1401281742&quot;,&quot;copyright&quot;:&quot;&quot;,&quot;focal_length&quot;:&quot;29&quot;,&quot;iso&quot;:&quot;1600&quot;,&quot;shutter_speed&quot;:&quot;0.025&quot;,&quot;title&quot;:&quot;&quot;}\" data-image-title=\"Cesfam3\" data-image-description=\"&lt;p&gt;ANIMARLAS.- Esta campa\u00f1a tambi\u00e9n sirvi\u00f3 como una forma de animarlas a que contin\u00faen asistiendo al centro de salud y por sobre todo que ellas se practiquen estos ex\u00e1menes.&lt;\/p&gt; \" data-medium-file=\"https:\/\/i0.wp.com\/eltrabajo.cl\/portal\/wp-content\/uploads\/2014\/05\/Cesfam3.jpg?fit=300%2C197&#038;ssl=1\" data-large-file=\"https:\/\/i0.wp.com\/eltrabajo.cl\/portal\/wp-content\/uploads\/2014\/05\/Cesfam3.jpg?fit=528%2C347&#038;ssl=1\" src=\"https:\/\/i0.wp.com\/eltrabajo.cl\/portal\/wp-content\/uploads\/2014\/05\/Cesfam3.jpg?w=385&#038;h=253&#038;ssl=1\" srcset=\"https:\/\/i0.wp.com\/eltrabajo.cl\/portal\/wp-content\/uploads\/2014\/05\/Cesfam3.jpg?w=528&amp;ssl=1 528w, https:\/\/i0.wp.com\/eltrabajo.cl\/portal\/wp-content\/uploads\/2014\/05\/Cesfam3.jpg?resize=200%2C131&amp;ssl=1 200w, https:\/\/i0.wp.com\/eltrabajo.cl\/portal\/wp-content\/uploads\/2014\/05\/Cesfam3.jpg?resize=300%2C197&amp;ssl=1 300w, https:\/\/i0.wp.com\/eltrabajo.cl\/portal\/wp-content\/uploads\/2014\/05\/Cesfam3.jpg?resize=150%2C98&amp;ssl=1 150w, https:\/\/i0.wp.com\/eltrabajo.cl\/portal\/wp-content\/uploads\/2014\/05\/Cesfam3.jpg?resize=400%2C262&amp;ssl=1 400w\" width=\"385\" height=\"253\" loading=\"lazy\" data-original-width=\"385\" data-original-height=\"253\" itemprop=\"http:\/\/schema.org\/image\" title=\"Cesfam3\" alt=\"ANIMARLAS.- Esta campa\u00f1a tambi\u00e9n sirvi\u00f3 como una forma de animarlas a que contin\u00faen asistiendo al centro de salud y por sobre todo que ellas se practiquen estos ex\u00e1menes.\" style=\"width: 385px; height: 253px;\" \/> <\/a> <div class=\"tiled-gallery-caption\" itemprop=\"caption description\"> ANIMARLAS.- Esta campa\u00f1a tambi\u00e9n sirvi\u00f3 como una forma de animarlas a que contin\u00faen asistiendo al centro de salud y por sobre todo que ellas se practiquen estos ex\u00e1menes. <\/div> <\/div> <\/div> <!-- close group --> <\/div> <!-- close row --> <\/div>\n<p>&nbsp;<\/p>\n","protected":false},"excerpt":{"rendered":"<p>Ayer mi\u00e9rcoles 28 de mayo se celebr\u00f3 en todo el mundo el D\u00eda de Acci\u00f3n por la salud de la mujer y la fecha fue conmemorada en el Cesfam Segismundo Iturra Taito,&#8230;<\/p>\n","protected":false},"author":482,"featured_media":46972,"comment_status":"open","ping_status":"closed","sticky":false,"template":"","format":"standard","meta":{"advanced_seo_description":"","jetpack_seo_html_title":"","jetpack_seo_noindex":false,"_jetpack_memberships_contains_paid_content":false,"footnotes":""},"categories":[15],"tags":[],"class_list":["post-46971","post","type-post","status-publish","format-standard","has-post-thumbnail","hentry","category-comunidad"],"jetpack_featured_media_url":"https:\/\/i0.wp.com\/eltrabajo.cl\/portal\/wp-content\/uploads\/2014\/05\/Cesfa2.jpg?fit=529%2C629&ssl=1","jetpack_sharing_enabled":true,"jetpack_likes_enabled":true,"jetpack-related-posts":[],"_links":{"self":[{"href":"https:\/\/eltrabajo.cl\/portal\/wp-json\/wp\/v2\/posts\/46971","targetHints":{"allow":["GET"]}}],"collection":[{"href":"https:\/\/eltrabajo.cl\/portal\/wp-json\/wp\/v2\/posts"}],"about":[{"href":"https:\/\/eltrabajo.cl\/portal\/wp-json\/wp\/v2\/types\/post"}],"author":[{"embeddable":true,"href":"https:\/\/eltrabajo.cl\/portal\/wp-json\/wp\/v2\/users\/482"}],"replies":[{"embeddable":true,"href":"https:\/\/eltrabajo.cl\/portal\/wp-json\/wp\/v2\/comments?post=46971"}],"version-history":[{"count":0,"href":"https:\/\/eltrabajo.cl\/portal\/wp-json\/wp\/v2\/posts\/46971\/revisions"}],"wp:featuredmedia":[{"embeddable":true,"href":"https:\/\/eltrabajo.cl\/portal\/wp-json\/wp\/v2\/media\/46972"}],"wp:attachment":[{"href":"https:\/\/eltrabajo.cl\/portal\/wp-json\/wp\/v2\/media?parent=46971"}],"wp:term":[{"taxonomy":"category","embeddable":true,"href":"https:\/\/eltrabajo.cl\/portal\/wp-json\/wp\/v2\/categories?post=46971"},{"taxonomy":"post_tag","embeddable":true,"href":"https:\/\/eltrabajo.cl\/portal\/wp-json\/wp\/v2\/tags?post=46971"}],"curies":[{"name":"wp","href":"https:\/\/api.w.org\/{rel}","templated":true}]}}