{"id":46978,"date":"2014-05-29T09:30:58","date_gmt":"2014-05-29T13:30:58","guid":{"rendered":"http:\/\/www.eltrabajo.cl\/portal\/?p=46978"},"modified":"2014-05-29T09:30:58","modified_gmt":"2014-05-29T13:30:58","slug":"enviaran-maquinaria-pesada-para-nivelar-callejon-lo-aranda-en-quebrada-herrera","status":"publish","type":"post","link":"https:\/\/eltrabajo.cl\/portal\/enviaran-maquinaria-pesada-para-nivelar-callejon-lo-aranda-en-quebrada-herrera\/","title":{"rendered":"Enviar\u00e1n maquinaria pesada para nivelar Callej\u00f3n Lo Aranda en Quebrada Herrera"},"content":{"rendered":"<figure id=\"attachment_46979\" aria-describedby=\"caption-attachment-46979\" style=\"width: 529px\" class=\"wp-caption alignnone\"><a href=\"https:\/\/i0.wp.com\/www.eltrabajo.cl\/portal\/wp-content\/uploads\/2014\/05\/Nivelacion1.jpg\"><img data-recalc-dims=\"1\" loading=\"lazy\" decoding=\"async\" class=\"size-full wp-image-46979\" alt=\"La municipalidad se comprometi\u00f3 a enviar maquinaria pesada para esparcir el material que hoy se encuentra en el Callej\u00f3n Lo Aranda.\" src=\"https:\/\/i0.wp.com\/www.eltrabajo.cl\/portal\/wp-content\/uploads\/2014\/05\/Nivelacion1.jpg?resize=529%2C358\" width=\"529\" height=\"358\" srcset=\"https:\/\/i0.wp.com\/eltrabajo.cl\/portal\/wp-content\/uploads\/2014\/05\/Nivelacion1.jpg?w=529&amp;ssl=1 529w, https:\/\/i0.wp.com\/eltrabajo.cl\/portal\/wp-content\/uploads\/2014\/05\/Nivelacion1.jpg?resize=200%2C135&amp;ssl=1 200w, https:\/\/i0.wp.com\/eltrabajo.cl\/portal\/wp-content\/uploads\/2014\/05\/Nivelacion1.jpg?resize=300%2C203&amp;ssl=1 300w, https:\/\/i0.wp.com\/eltrabajo.cl\/portal\/wp-content\/uploads\/2014\/05\/Nivelacion1.jpg?resize=150%2C101&amp;ssl=1 150w, https:\/\/i0.wp.com\/eltrabajo.cl\/portal\/wp-content\/uploads\/2014\/05\/Nivelacion1.jpg?resize=400%2C270&amp;ssl=1 400w\" sizes=\"auto, (max-width: 529px) 100vw, 529px\" \/><\/a><figcaption id=\"caption-attachment-46979\" class=\"wp-caption-text\">La municipalidad se comprometi\u00f3 a enviar maquinaria pesada para esparcir el material que hoy se encuentra en el Callej\u00f3n Lo Aranda.<\/figcaption><\/figure>\n<p><strong>PUTAENDO.<\/strong>&#8211; La municipalidad se comprometi\u00f3 a enviar maquinaria pesada para esparcir el material que hoy se encuentra en el Callej\u00f3n Lo Aranda en Quebrada Herrera a la entrada de Calle Ortiz, lugar que constantemente se inunda por el agua proveniente de canales de regad\u00edo. La problem\u00e1tica que a diario viven peatones y automovilistas que transitan por ese lugar obedece a que cada vez que un predio agr\u00edcola colindante a este callej\u00f3n es regado, el agua inunda el callej\u00f3n, generando grandes pozas que provocan un inconveniente a automovilistas y tambi\u00e9n a peatones.<\/p>\n<figure id=\"attachment_46980\" aria-describedby=\"caption-attachment-46980\" style=\"width: 317px\" class=\"wp-caption alignright\"><a href=\"https:\/\/i0.wp.com\/www.eltrabajo.cl\/portal\/wp-content\/uploads\/2014\/05\/Fabian-Munoz.jpg\"><img data-recalc-dims=\"1\" loading=\"lazy\" decoding=\"async\" class=\" wp-image-46980 \" alt=\"Administrador Municipal de Putaendo, Fabi\u00e1n Mu\u00f1oz.\" src=\"https:\/\/i0.wp.com\/www.eltrabajo.cl\/portal\/wp-content\/uploads\/2014\/05\/Fabian-Munoz.jpg?resize=317%2C331\" width=\"317\" height=\"331\" srcset=\"https:\/\/i0.wp.com\/eltrabajo.cl\/portal\/wp-content\/uploads\/2014\/05\/Fabian-Munoz.jpg?w=529&amp;ssl=1 529w, https:\/\/i0.wp.com\/eltrabajo.cl\/portal\/wp-content\/uploads\/2014\/05\/Fabian-Munoz.jpg?resize=144%2C150&amp;ssl=1 144w, https:\/\/i0.wp.com\/eltrabajo.cl\/portal\/wp-content\/uploads\/2014\/05\/Fabian-Munoz.jpg?resize=288%2C300&amp;ssl=1 288w, https:\/\/i0.wp.com\/eltrabajo.cl\/portal\/wp-content\/uploads\/2014\/05\/Fabian-Munoz.jpg?resize=400%2C416&amp;ssl=1 400w\" sizes=\"auto, (max-width: 317px) 100vw, 317px\" \/><\/a><figcaption id=\"caption-attachment-46980\" class=\"wp-caption-text\">Administrador Municipal de Putaendo, Fabi\u00e1n Mu\u00f1oz.<\/figcaption><\/figure>\n<p>Por esta raz\u00f3n, los vecinos del sector lograron que un agricultor que hoy est\u00e1 construyendo un tranque acumulador de agua donara el material de tierra, ripio y piedras que fue dejado a orilla de camino y por otro lado la Municipalidad de Putaendo enviar\u00eda una retroexcavadora para realizar los trabajos.<\/p>\n<p>La molestia de los residentes de ese sector radica en que el material ya fue dejado a orilla del camino desde hace bastantes semanas, lo que ha producido que el camino se ha angostado, adem\u00e1s las pozas de agua aumentaron en profundidad, lo que hace que hoy los peatones ya no puedan pasar por el lugar.<\/p>\n<p>Esta situaci\u00f3n oblig\u00f3 a que el Administrador Municipal de Putaendo, Fabi\u00e1n Mu\u00f1oz, se constituyera en el lugar junto a personal municipal y luego de recorrer el callej\u00f3n, conversar con los vecinos y consultar al Alcalde Guillermo Reyes, tomara la decisi\u00f3n de gestionar el env\u00edo de una moto-niveladora que podr\u00eda llegar ma\u00f1ana jueves o el viernes hasta el sector para realizar las obras.<\/p>\n<p>Fabi\u00e1n Mu\u00f1oz asegur\u00f3 que hoy esparcir ese material con una retroexcavadora ser\u00eda un trabajo perdido pues lo m\u00e1s probable es que las piedras generen un problema para el tr\u00e1nsito vehicular, pero que la moto-niveladora ir\u00e1 compactando el material en un trabajo que si bien es cierto no es el id\u00f3neo, ser\u00e1 mucho mejor que esparcir el material con una retroexcavadora, por lo que se comprometi\u00f3 a que este trabajo ser\u00e1 realizado a m\u00e1s tardar este pr\u00f3ximo viernes.<\/p>\n<p>Patricio Gallardo M.<\/p>\n","protected":false},"excerpt":{"rendered":"<p>PUTAENDO.&#8211; La municipalidad se comprometi\u00f3 a enviar maquinaria pesada para esparcir el material que hoy se encuentra en el Callej\u00f3n Lo Aranda en Quebrada Herrera a la entrada de Calle Ortiz, lugar&#8230;<\/p>\n","protected":false},"author":482,"featured_media":46979,"comment_status":"open","ping_status":"closed","sticky":false,"template":"","format":"standard","meta":{"advanced_seo_description":"","jetpack_seo_html_title":"","jetpack_seo_noindex":false,"_jetpack_memberships_contains_paid_content":false,"footnotes":""},"categories":[1],"tags":[],"class_list":["post-46978","post","type-post","status-publish","format-standard","has-post-thumbnail","hentry","category-cronica"],"jetpack_featured_media_url":"https:\/\/i0.wp.com\/eltrabajo.cl\/portal\/wp-content\/uploads\/2014\/05\/Nivelacion1.jpg?fit=529%2C358&ssl=1","jetpack_sharing_enabled":true,"jetpack_likes_enabled":true,"jetpack-related-posts":[],"_links":{"self":[{"href":"https:\/\/eltrabajo.cl\/portal\/wp-json\/wp\/v2\/posts\/46978","targetHints":{"allow":["GET"]}}],"collection":[{"href":"https:\/\/eltrabajo.cl\/portal\/wp-json\/wp\/v2\/posts"}],"about":[{"href":"https:\/\/eltrabajo.cl\/portal\/wp-json\/wp\/v2\/types\/post"}],"author":[{"embeddable":true,"href":"https:\/\/eltrabajo.cl\/portal\/wp-json\/wp\/v2\/users\/482"}],"replies":[{"embeddable":true,"href":"https:\/\/eltrabajo.cl\/portal\/wp-json\/wp\/v2\/comments?post=46978"}],"version-history":[{"count":0,"href":"https:\/\/eltrabajo.cl\/portal\/wp-json\/wp\/v2\/posts\/46978\/revisions"}],"wp:featuredmedia":[{"embeddable":true,"href":"https:\/\/eltrabajo.cl\/portal\/wp-json\/wp\/v2\/media\/46979"}],"wp:attachment":[{"href":"https:\/\/eltrabajo.cl\/portal\/wp-json\/wp\/v2\/media?parent=46978"}],"wp:term":[{"taxonomy":"category","embeddable":true,"href":"https:\/\/eltrabajo.cl\/portal\/wp-json\/wp\/v2\/categories?post=46978"},{"taxonomy":"post_tag","embeddable":true,"href":"https:\/\/eltrabajo.cl\/portal\/wp-json\/wp\/v2\/tags?post=46978"}],"curies":[{"name":"wp","href":"https:\/\/api.w.org\/{rel}","templated":true}]}}