{"id":46983,"date":"2014-05-29T09:34:36","date_gmt":"2014-05-29T13:34:36","guid":{"rendered":"http:\/\/www.eltrabajo.cl\/portal\/?p=46983"},"modified":"2014-05-29T09:34:36","modified_gmt":"2014-05-29T13:34:36","slug":"minvu-inaugura-nuevos-espacios-publicos-en-barrio-las-acacias","status":"publish","type":"post","link":"https:\/\/eltrabajo.cl\/portal\/minvu-inaugura-nuevos-espacios-publicos-en-barrio-las-acacias\/","title":{"rendered":"Minvu inaugura nuevos espacios p\u00fablicos en Barrio Las Acacias"},"content":{"rendered":"<figure id=\"attachment_46984\" aria-describedby=\"caption-attachment-46984\" style=\"width: 529px\" class=\"wp-caption alignnone\"><a href=\"https:\/\/i0.wp.com\/www.eltrabajo.cl\/portal\/wp-content\/uploads\/2014\/05\/Cinta11.jpg\"><img data-recalc-dims=\"1\" loading=\"lazy\" decoding=\"async\" class=\"size-full wp-image-46984\" alt=\"QUIERO MI BARRIO.- El mejoramiento de estas dos plazas contempl\u00f3 una inversi\u00f3n de m\u00e1s de $30 millones. Las obras contemplaron la habilitaci\u00f3n de aceras, c\u00e9sped, luminarias, soleras, mobiliario urbano y juegos infantiles.\" src=\"https:\/\/i0.wp.com\/www.eltrabajo.cl\/portal\/wp-content\/uploads\/2014\/05\/Cinta11.jpg?resize=529%2C337\" width=\"529\" height=\"337\" srcset=\"https:\/\/i0.wp.com\/eltrabajo.cl\/portal\/wp-content\/uploads\/2014\/05\/Cinta11.jpg?w=529&amp;ssl=1 529w, https:\/\/i0.wp.com\/eltrabajo.cl\/portal\/wp-content\/uploads\/2014\/05\/Cinta11.jpg?resize=200%2C127&amp;ssl=1 200w, https:\/\/i0.wp.com\/eltrabajo.cl\/portal\/wp-content\/uploads\/2014\/05\/Cinta11.jpg?resize=300%2C191&amp;ssl=1 300w, https:\/\/i0.wp.com\/eltrabajo.cl\/portal\/wp-content\/uploads\/2014\/05\/Cinta11.jpg?resize=150%2C95&amp;ssl=1 150w, https:\/\/i0.wp.com\/eltrabajo.cl\/portal\/wp-content\/uploads\/2014\/05\/Cinta11.jpg?resize=400%2C254&amp;ssl=1 400w\" sizes=\"auto, (max-width: 529px) 100vw, 529px\" \/><\/a><figcaption id=\"caption-attachment-46984\" class=\"wp-caption-text\">QUIERO MI BARRIO.- El mejoramiento de estas dos plazas contempl\u00f3 una inversi\u00f3n de m\u00e1s de $30 millones. Las obras contemplaron la habilitaci\u00f3n de aceras, c\u00e9sped, luminarias, soleras, mobiliario urbano y juegos infantiles.<\/figcaption><\/figure>\n<p>\u201cEs un cambio grande. Nosotros como Barrio Las Acacias nos hemos unido para sacar adelante todos estos proyectos. Estos nuevos espacios p\u00fablicos nos mejoran en todo sentido la calidad de vida para todos nuestros vecinos y vecinas\u201d, dijo con orgullo Jessica Leiva, Presidente de la Junta de Vecinos Las Acacias 1, al ser consultada por la importancia de las dos plazas que construy\u00f3 el Ministerio de Vivienda y Urbanismo (Minvu) a trav\u00e9s del Programa Quiero mi barrio.<\/p>\n<figure id=\"attachment_46985\" aria-describedby=\"caption-attachment-46985\" style=\"width: 370px\" class=\"wp-caption alignright\"><a href=\"https:\/\/i0.wp.com\/www.eltrabajo.cl\/portal\/wp-content\/uploads\/2014\/05\/Plaza11.jpg\"><img data-recalc-dims=\"1\" loading=\"lazy\" decoding=\"async\" class=\" wp-image-46985 \" alt=\"RECUPERADOS.- Estos proyectos buscan  la recuperaci\u00f3n de los espacios p\u00fablicos que por a\u00f1os se encontraban en calidad de abandono, y que hoy fueron recuperados por el Quiero mi barrio.\" src=\"https:\/\/i0.wp.com\/www.eltrabajo.cl\/portal\/wp-content\/uploads\/2014\/05\/Plaza11.jpg?resize=370%2C255\" width=\"370\" height=\"255\" srcset=\"https:\/\/i0.wp.com\/eltrabajo.cl\/portal\/wp-content\/uploads\/2014\/05\/Plaza11.jpg?w=528&amp;ssl=1 528w, https:\/\/i0.wp.com\/eltrabajo.cl\/portal\/wp-content\/uploads\/2014\/05\/Plaza11.jpg?resize=200%2C138&amp;ssl=1 200w, https:\/\/i0.wp.com\/eltrabajo.cl\/portal\/wp-content\/uploads\/2014\/05\/Plaza11.jpg?resize=300%2C207&amp;ssl=1 300w, https:\/\/i0.wp.com\/eltrabajo.cl\/portal\/wp-content\/uploads\/2014\/05\/Plaza11.jpg?resize=150%2C103&amp;ssl=1 150w, https:\/\/i0.wp.com\/eltrabajo.cl\/portal\/wp-content\/uploads\/2014\/05\/Plaza11.jpg?resize=400%2C276&amp;ssl=1 400w\" sizes=\"auto, (max-width: 370px) 100vw, 370px\" \/><\/a><figcaption id=\"caption-attachment-46985\" class=\"wp-caption-text\">RECUPERADOS.- Estos proyectos buscan la recuperaci\u00f3n de los espacios p\u00fablicos que por a\u00f1os se encontraban en calidad de abandono, y que hoy fueron recuperados por el Quiero mi barrio.<\/figcaption><\/figure>\n<p>Algo que fue valorado tambi\u00e9n por Ingrid Lazo, Presidente del Consejo Vecinal de Desarrollo (CVD), quien destac\u00f3 que \u201cpara nosotros es algo muy importante, porque son pasos que estamos dando de recuperaci\u00f3n de los espacios p\u00fablicos y tambi\u00e9n del \u00e1mbito social\u201d. El Minvu, en conjunto con la Municipalidad de San Felipe y la comunidad agrupada en el Consejo Vecinal de Desarrollo (CVD), desarrollan una serie de importantes proyectos de mejoramiento y recuperaci\u00f3n de emblem\u00e1ticos espacios p\u00fablicos del Barrio Las Acacias, mediante una intervenci\u00f3n total que contempla recursos por $581 millones.<\/p>\n<p>El primero de estos proyectos fue la recuperaci\u00f3n de dos espacios p\u00fablicos que por a\u00f1os se encontraban en calidad de abandono, y que hoy fueron recuperados por el Quiero mi barrio, siendo el puntapi\u00e9 inicial para la intervenci\u00f3n mayor que se concretar\u00e1 en la faja del borde Estero de Quilpu\u00e9.<\/p>\n<p>El mejoramiento de estas dos plazas contempl\u00f3 una inversi\u00f3n de m\u00e1s de $30 millones. Las obras contemplaron la habilitaci\u00f3n de aceras, c\u00e9sped, luminarias, soleras, mobiliario urbano y juegos infantiles.<\/p>\n<p>El Seremi de Vivienda y Urbanismo, Mauricio Candia, y el Director de Serviu Valpara\u00edso, Nelson Basaes, destacaron el trabajo conjunto que ha realizado el Minvu con la comunidad y el municipio local. Aspecto que tambi\u00e9n fue valorado por el Gobernador Provincial, Eduardo Le\u00f3n, quien adem\u00e1s rescat\u00f3 el valor de la participaci\u00f3n ciudadana en cada una de las iniciativas del Quiero mi barrio.<\/p>\n<p>Dentro de los otros proyectos urbanos planteados est\u00e1 la Recuperaci\u00f3n de Avenida Santa Teresa, que es el mejoramiento de las aceras y la habilitaci\u00f3n de mobiliario, arborizaci\u00f3n e iluminaci\u00f3n peatonal en esta v\u00eda. La iniciativa busca consolidar esta arteria como el eje principal del barrio.<\/p>\n<p>Junto a estas intervenciones y mejoramiento de espacios p\u00fablicos, el Programa Quiero mi barrio considera un Plan de Gesti\u00f3n Social, que contiene una serie de programas y talleres sociales que buscan capacitar a la comunidad en distintas \u00e1reas de perfeccionamiento y liderazgo vecinal.<\/p>\n<p><strong>PROYECTO PARQUE<\/strong><\/p>\n<p>Paralelamente, hace algunos d\u00edas la Presidente Michelle Bachelet anunci\u00f3 el Plan Chile \u00c1rea Verde, dentro del cual est\u00e1 una iniciativa integral de espacio p\u00fablico que se desarrollar\u00eda a lo largo de toda la rivera sur del borde Estero de Quilpu\u00e9, que cruza de oriente a poniente la ciudad de San Felipe. Esta iniciativa se complementa con el proyecto que est\u00e1 en la cartera de obras del Contrato de Barrio, el que se encuentra actualmente en dise\u00f1o y se denomina Parque Borde Estero Las Acacias.<\/p>\n<p>Esta propuesta considera el mejoramiento de la primera etapa del parque, a trav\u00e9s de una intervenci\u00f3n en un \u00e1rea de 15.000 mt2. La medida, que forma parte de una iniciativa mayor de recuperaci\u00f3n del borde del Estero Quilpu\u00e9, se compone de un importante espacio p\u00fablico. El proyecto considera una inversi\u00f3n cercana a los $280 millones y busca recuperar la rivera sur del estero hacia la comunidad, consolidando una importante \u00e1rea del barrio para el desarrollo de distintas actividades deportivas, culturales y recreativas.<\/p>\n<p>Esta primera etapa del Parque Urbano para San Felipe, financiada por el Quiero mi barrio, establecer\u00e1 las l\u00edneas y el perfil de dise\u00f1o urbano para las siguientes tres etapas que, en conjunto, conforman el proyecto integral del macro espacio p\u00fablico para el borde Estero de Quilpu\u00e9.<\/p>\n<p>&nbsp;<\/p>\n","protected":false},"excerpt":{"rendered":"<p>\u201cEs un cambio grande. Nosotros como Barrio Las Acacias nos hemos unido para sacar adelante todos estos proyectos. Estos nuevos espacios p\u00fablicos nos mejoran en todo sentido la calidad de vida para&#8230;<\/p>\n","protected":false},"author":482,"featured_media":46984,"comment_status":"open","ping_status":"closed","sticky":false,"template":"","format":"standard","meta":{"advanced_seo_description":"","jetpack_seo_html_title":"","jetpack_seo_noindex":false,"_jetpack_memberships_contains_paid_content":false,"footnotes":""},"categories":[1],"tags":[],"class_list":["post-46983","post","type-post","status-publish","format-standard","has-post-thumbnail","hentry","category-cronica"],"jetpack_featured_media_url":"https:\/\/i0.wp.com\/eltrabajo.cl\/portal\/wp-content\/uploads\/2014\/05\/Cinta11.jpg?fit=529%2C337&ssl=1","jetpack_sharing_enabled":true,"jetpack_likes_enabled":true,"jetpack-related-posts":[],"_links":{"self":[{"href":"https:\/\/eltrabajo.cl\/portal\/wp-json\/wp\/v2\/posts\/46983","targetHints":{"allow":["GET"]}}],"collection":[{"href":"https:\/\/eltrabajo.cl\/portal\/wp-json\/wp\/v2\/posts"}],"about":[{"href":"https:\/\/eltrabajo.cl\/portal\/wp-json\/wp\/v2\/types\/post"}],"author":[{"embeddable":true,"href":"https:\/\/eltrabajo.cl\/portal\/wp-json\/wp\/v2\/users\/482"}],"replies":[{"embeddable":true,"href":"https:\/\/eltrabajo.cl\/portal\/wp-json\/wp\/v2\/comments?post=46983"}],"version-history":[{"count":0,"href":"https:\/\/eltrabajo.cl\/portal\/wp-json\/wp\/v2\/posts\/46983\/revisions"}],"wp:featuredmedia":[{"embeddable":true,"href":"https:\/\/eltrabajo.cl\/portal\/wp-json\/wp\/v2\/media\/46984"}],"wp:attachment":[{"href":"https:\/\/eltrabajo.cl\/portal\/wp-json\/wp\/v2\/media?parent=46983"}],"wp:term":[{"taxonomy":"category","embeddable":true,"href":"https:\/\/eltrabajo.cl\/portal\/wp-json\/wp\/v2\/categories?post=46983"},{"taxonomy":"post_tag","embeddable":true,"href":"https:\/\/eltrabajo.cl\/portal\/wp-json\/wp\/v2\/tags?post=46983"}],"curies":[{"name":"wp","href":"https:\/\/api.w.org\/{rel}","templated":true}]}}