{"id":46989,"date":"2014-05-29T09:36:59","date_gmt":"2014-05-29T13:36:59","guid":{"rendered":"http:\/\/www.eltrabajo.cl\/portal\/?p=46989"},"modified":"2014-05-29T09:36:59","modified_gmt":"2014-05-29T13:36:59","slug":"desarrollan-mesa-de-trabajo-para-crear-parque-urbano-y-de-ciclo-vias","status":"publish","type":"post","link":"https:\/\/eltrabajo.cl\/portal\/desarrollan-mesa-de-trabajo-para-crear-parque-urbano-y-de-ciclo-vias\/","title":{"rendered":"Desarrollan mesa de trabajo para crear parque urbano y de ciclo-v\u00edas"},"content":{"rendered":"<figure id=\"attachment_46990\" aria-describedby=\"caption-attachment-46990\" style=\"width: 529px\" class=\"wp-caption alignnone\"><a href=\"https:\/\/i0.wp.com\/www.eltrabajo.cl\/portal\/wp-content\/uploads\/2014\/05\/reunion1.jpg\"><img data-recalc-dims=\"1\" loading=\"lazy\" decoding=\"async\" class=\"size-full wp-image-46990\" alt=\"El proyecto significar\u00eda una inversi\u00f3n por sobre los $2.000 millones, y cada etapa tendr\u00eda una inversi\u00f3n de $500 millones aproximadamente.\" src=\"https:\/\/i0.wp.com\/www.eltrabajo.cl\/portal\/wp-content\/uploads\/2014\/05\/reunion1.jpg?resize=529%2C323\" width=\"529\" height=\"323\" srcset=\"https:\/\/i0.wp.com\/eltrabajo.cl\/portal\/wp-content\/uploads\/2014\/05\/reunion1.jpg?w=529&amp;ssl=1 529w, https:\/\/i0.wp.com\/eltrabajo.cl\/portal\/wp-content\/uploads\/2014\/05\/reunion1.jpg?resize=200%2C122&amp;ssl=1 200w, https:\/\/i0.wp.com\/eltrabajo.cl\/portal\/wp-content\/uploads\/2014\/05\/reunion1.jpg?resize=300%2C183&amp;ssl=1 300w, https:\/\/i0.wp.com\/eltrabajo.cl\/portal\/wp-content\/uploads\/2014\/05\/reunion1.jpg?resize=150%2C91&amp;ssl=1 150w, https:\/\/i0.wp.com\/eltrabajo.cl\/portal\/wp-content\/uploads\/2014\/05\/reunion1.jpg?resize=400%2C244&amp;ssl=1 400w\" sizes=\"auto, (max-width: 529px) 100vw, 529px\" \/><\/a><figcaption id=\"caption-attachment-46990\" class=\"wp-caption-text\">El proyecto significar\u00eda una inversi\u00f3n por sobre los $2.000 millones, y cada etapa tendr\u00eda una inversi\u00f3n de $500 millones aproximadamente.<\/figcaption><\/figure>\n<p>Luego del anuncio realizado por la Presidente Michelle Bachelet, en el marco de las medidas presidenciales y espec\u00edficamente en relaci\u00f3n al parque urbano que se construir\u00e1 en el sector sur del Estero de Quilpu\u00e9, este martes el Seremi de Vivienda, Mauricio Candia, visit\u00f3 la comuna de San Felipe para desarrollar una mesa de trabajo con el Alcalde Patricio Freire y los equipos t\u00e9cnicos tanto del Ministerio de Vivienda, como del Programa Quiero mi barrio y del municipio sanfelipe\u00f1o.<\/p>\n<p>La idea es comenzar a levantar la informaci\u00f3n detallada de esta iniciativa y establecer el financiamiento correspondiente. \u00abEs un proyecto que encuentra su financiamiento asegurado, lo que estamos haciendo por lo tanto, es analizar bien la ingenier\u00eda y los detalles arquitect\u00f3nicos que este proyecto ya tiene y por supuesto comenzar a trabajar y dise\u00f1ar los tiempos con los cuales este parque va a ser una realidad para la comuna de San Felipe\u00bb, dijo Candia.<\/p>\n<p>El Seremi se\u00f1al\u00f3 que este tipo de proyecto habitualmente se trabaja por etapas, contando actualmente con el financiamiento de la primera fase, la que se encuentra vinculada al Programa Quiero mi barrio, a lo que se suman las sucesivas etapas que tambi\u00e9n contar\u00edan con financiamiento.<\/p>\n<p>El proyecto significar\u00eda una inversi\u00f3n por sobre los $2.000 millones, y cada etapa tendr\u00eda una inversi\u00f3n de $500 millones aproximadamente, iniciativa que deber\u00eda estar terminada al finalizar este gobierno. Otro proyecto que fue analizado en la reuni\u00f3n de trabajo es el de ciclo-v\u00edas, que se encuentra dentro del Plan de Gesti\u00f3n de Tr\u00e1nsito que ha trabajado el municipio sanfelipe\u00f1o y que al ser un compromiso presidencial, tambi\u00e9n cuenta con financiamiento.<\/p>\n<p>\u00abSon 9,6 kil\u00f3metros de ciclo-v\u00edas de alto est\u00e1ndar, que unen diversas calles de la comuna de San Felipe, habitualmente un kil\u00f3metro de ciclo-v\u00eda est\u00e1 entre $100 y $150 millones. Esto est\u00e1 dentro de un plan de gesti\u00f3n de tr\u00e1nsito elaborado por el municipio, ha hecho un levantamiento y un plan de gesti\u00f3n de tr\u00e1nsito que aborda distintos temas sobre la gesti\u00f3n y el municipio ha trabajado 18,3 kil\u00f3metros de ciclo-v\u00edas de alto est\u00e1ndar, de las cuales 9,4, que son las calles Salinas, Chacabuco, Benigno Caldera, Arturo Prat, Merced, Tocornal y Enc\u00f3n se encuentran insertas dentro del plan de ciclo-v\u00edas de alto est\u00e1ndar que ha sido se\u00f1alado por la Presidenta como de prioridad y va a contar con financiamiento detonante para el resto de las obras del plan de gesti\u00f3n de tr\u00e1nsito\u00bb, sostuvo el Seremi.<\/p>\n<p>La autoridad regional se\u00f1al\u00f3 que respecto del proyecto de parque, este ya se encuentra avanzando como parte del Programa Quiero mi barrio y en relaci\u00f3n al proyecto de ciclo-v\u00edas, el pr\u00f3ximo a\u00f1o debiera comenzar a materializarse en una obra concreta.<\/p>\n<p>&nbsp;<\/p>\n","protected":false},"excerpt":{"rendered":"<p>Luego del anuncio realizado por la Presidente Michelle Bachelet, en el marco de las medidas presidenciales y espec\u00edficamente en relaci\u00f3n al parque urbano que se construir\u00e1 en el sector sur del Estero&#8230;<\/p>\n","protected":false},"author":482,"featured_media":46990,"comment_status":"open","ping_status":"closed","sticky":false,"template":"","format":"standard","meta":{"advanced_seo_description":"","jetpack_seo_html_title":"","jetpack_seo_noindex":false,"_jetpack_memberships_contains_paid_content":false,"footnotes":""},"categories":[1],"tags":[],"class_list":["post-46989","post","type-post","status-publish","format-standard","has-post-thumbnail","hentry","category-cronica"],"jetpack_featured_media_url":"https:\/\/i0.wp.com\/eltrabajo.cl\/portal\/wp-content\/uploads\/2014\/05\/reunion1.jpg?fit=529%2C323&ssl=1","jetpack_sharing_enabled":true,"jetpack_likes_enabled":true,"jetpack-related-posts":[],"_links":{"self":[{"href":"https:\/\/eltrabajo.cl\/portal\/wp-json\/wp\/v2\/posts\/46989","targetHints":{"allow":["GET"]}}],"collection":[{"href":"https:\/\/eltrabajo.cl\/portal\/wp-json\/wp\/v2\/posts"}],"about":[{"href":"https:\/\/eltrabajo.cl\/portal\/wp-json\/wp\/v2\/types\/post"}],"author":[{"embeddable":true,"href":"https:\/\/eltrabajo.cl\/portal\/wp-json\/wp\/v2\/users\/482"}],"replies":[{"embeddable":true,"href":"https:\/\/eltrabajo.cl\/portal\/wp-json\/wp\/v2\/comments?post=46989"}],"version-history":[{"count":0,"href":"https:\/\/eltrabajo.cl\/portal\/wp-json\/wp\/v2\/posts\/46989\/revisions"}],"wp:featuredmedia":[{"embeddable":true,"href":"https:\/\/eltrabajo.cl\/portal\/wp-json\/wp\/v2\/media\/46990"}],"wp:attachment":[{"href":"https:\/\/eltrabajo.cl\/portal\/wp-json\/wp\/v2\/media?parent=46989"}],"wp:term":[{"taxonomy":"category","embeddable":true,"href":"https:\/\/eltrabajo.cl\/portal\/wp-json\/wp\/v2\/categories?post=46989"},{"taxonomy":"post_tag","embeddable":true,"href":"https:\/\/eltrabajo.cl\/portal\/wp-json\/wp\/v2\/tags?post=46989"}],"curies":[{"name":"wp","href":"https:\/\/api.w.org\/{rel}","templated":true}]}}