{"id":47011,"date":"2014-05-30T09:29:42","date_gmt":"2014-05-30T13:29:42","guid":{"rendered":"http:\/\/www.eltrabajo.cl\/portal\/?p=47011"},"modified":"2014-05-30T09:29:42","modified_gmt":"2014-05-30T13:29:42","slug":"en-octubre-embalse-chacrillas-deberia-entrar-en-funcionamiento","status":"publish","type":"post","link":"https:\/\/eltrabajo.cl\/portal\/en-octubre-embalse-chacrillas-deberia-entrar-en-funcionamiento\/","title":{"rendered":"En octubre Embalse Chacrillas deber\u00eda entrar en funcionamiento"},"content":{"rendered":"<figure id=\"attachment_47012\" aria-describedby=\"caption-attachment-47012\" style=\"width: 529px\" class=\"wp-caption alignnone\"><a href=\"https:\/\/i0.wp.com\/www.eltrabajo.cl\/portal\/wp-content\/uploads\/2014\/05\/Visita11.jpg\"><img data-recalc-dims=\"1\" loading=\"lazy\" decoding=\"async\" class=\"size-full wp-image-47012\" alt=\"El Inspector Fiscal a cargo de la construcci\u00f3n de Embalse Chacrillas, Mario Rosales, confirm\u00f3 que el pr\u00f3ximo mes de octubre el Embalse Chacrillas deber\u00eda entrar en funcionamiento.\" src=\"https:\/\/i0.wp.com\/www.eltrabajo.cl\/portal\/wp-content\/uploads\/2014\/05\/Visita11.jpg?resize=529%2C358\" width=\"529\" height=\"358\" srcset=\"https:\/\/i0.wp.com\/eltrabajo.cl\/portal\/wp-content\/uploads\/2014\/05\/Visita11.jpg?w=529&amp;ssl=1 529w, https:\/\/i0.wp.com\/eltrabajo.cl\/portal\/wp-content\/uploads\/2014\/05\/Visita11.jpg?resize=200%2C135&amp;ssl=1 200w, https:\/\/i0.wp.com\/eltrabajo.cl\/portal\/wp-content\/uploads\/2014\/05\/Visita11.jpg?resize=300%2C203&amp;ssl=1 300w, https:\/\/i0.wp.com\/eltrabajo.cl\/portal\/wp-content\/uploads\/2014\/05\/Visita11.jpg?resize=150%2C101&amp;ssl=1 150w, https:\/\/i0.wp.com\/eltrabajo.cl\/portal\/wp-content\/uploads\/2014\/05\/Visita11.jpg?resize=400%2C270&amp;ssl=1 400w\" sizes=\"auto, (max-width: 529px) 100vw, 529px\" \/><\/a><figcaption id=\"caption-attachment-47012\" class=\"wp-caption-text\">El Inspector Fiscal a cargo de la construcci\u00f3n de Embalse Chacrillas, Mario Rosales, confirm\u00f3 que el pr\u00f3ximo mes de octubre el Embalse Chacrillas deber\u00eda entrar en funcionamiento.<\/figcaption><\/figure>\n<p><strong>PUTAENDO.<\/strong>&#8211; El Inspector Fiscal a cargo de la construcci\u00f3n de Embalse Chacrillas, Mario Rosales, confirm\u00f3 que el pr\u00f3ximo mes de octubre el Embalse Chacrillas deber\u00eda entrar en funcionamiento. Estas declaraciones las realiz\u00f3 luego de recibir a la directiva de la Junta de Vigilancia del R\u00edo Putaendo encabezada por su Presidente, Miguel Vega, en las obras de construcci\u00f3n del embalse la ma\u00f1ana de este jueves.<\/p>\n<figure id=\"attachment_47013\" aria-describedby=\"caption-attachment-47013\" style=\"width: 317px\" class=\"wp-caption alignright\"><a href=\"https:\/\/i0.wp.com\/www.eltrabajo.cl\/portal\/wp-content\/uploads\/2014\/05\/Visita21.jpg\"><img data-recalc-dims=\"1\" loading=\"lazy\" decoding=\"async\" class=\" wp-image-47013 \" alt=\"Miguel Vega mostr\u00f3 su conformidad con las explicaciones entregadas por el Inspector Fiscal Mario Rosales.\" src=\"https:\/\/i0.wp.com\/www.eltrabajo.cl\/portal\/wp-content\/uploads\/2014\/05\/Visita21.jpg?resize=317%2C182\" width=\"317\" height=\"182\" srcset=\"https:\/\/i0.wp.com\/eltrabajo.cl\/portal\/wp-content\/uploads\/2014\/05\/Visita21.jpg?w=529&amp;ssl=1 529w, https:\/\/i0.wp.com\/eltrabajo.cl\/portal\/wp-content\/uploads\/2014\/05\/Visita21.jpg?resize=200%2C114&amp;ssl=1 200w, https:\/\/i0.wp.com\/eltrabajo.cl\/portal\/wp-content\/uploads\/2014\/05\/Visita21.jpg?resize=300%2C172&amp;ssl=1 300w, https:\/\/i0.wp.com\/eltrabajo.cl\/portal\/wp-content\/uploads\/2014\/05\/Visita21.jpg?resize=150%2C86&amp;ssl=1 150w, https:\/\/i0.wp.com\/eltrabajo.cl\/portal\/wp-content\/uploads\/2014\/05\/Visita21.jpg?resize=400%2C229&amp;ssl=1 400w\" sizes=\"auto, (max-width: 317px) 100vw, 317px\" \/><\/a><figcaption id=\"caption-attachment-47013\" class=\"wp-caption-text\">Miguel Vega mostr\u00f3 su conformidad con las explicaciones entregadas por el Inspector Fiscal Mario Rosales.<\/figcaption><\/figure>\n<p>Primeramente Rosales, junto al ingeniero a cargo de la obra, Carlos Sol\u00eds, mantuvieron una reuni\u00f3n en la cual se le inform\u00f3 a la JVRP del estado de avance de las obras del embalse que hoy est\u00e1n en un 80% y tambi\u00e9n se adelant\u00f3 que en los pr\u00f3ximos meses comenzar\u00eda el llenado del embalse.<\/p>\n<p>Tambi\u00e9n estuvo presente parte de la directiva de canal El Lobo de Piguch\u00e9n para abordar la forma de llevar agua para regar los predios del sector. Posteriormente la comitiva se traslad\u00f3 hasta los pies de la cortina del embalse donde los dirigentes aprovecharon la ocasi\u00f3n para hacer las consultas necesarias sobre el estado de avance de la obra, recibiendo una valiosa informaci\u00f3n por parte del Inspector Fiscal Mario Rosales, quien tambi\u00e9n se tom\u00f3 una fotograf\u00eda oficial con parte de la nueva directiva de la JVRP que asisti\u00f3 a la reuni\u00f3n.<\/p>\n<p>Luego se trasladaron hasta el t\u00fanel de desviaci\u00f3n del agua donde se encuentra la caverna de v\u00e1lvulas, instancia en la cual los dirigentes de la JVRP valoraron la calidad del trabajo que se est\u00e1 realizando al interior de Chacrillas. En medio de la visita, entrevistamos a Mario Rosales, quien indic\u00f3 que \u201cel avance general de la obra se encuentra en un 83%, la obra est\u00e1 pr\u00e1cticamente terminada, nos quedan otras obras anexas que no son de vista f\u00e1cil pues principalmente son obras subterr\u00e1neas, pero esperamos tener todo concluido en el mes de octubre de este a\u00f1o, ya que la idea es poner al embalse en operaciones a m\u00e1s tardar en esta fecha\u201d.<\/p>\n<p>Consultado por una fecha estimativa para la inauguraci\u00f3n del Embalse Chacrillas, Rosales indic\u00f3 que eso va a depender de las autoridades, ya que la puesta operaci\u00f3n tiene que ver m\u00e1s con las necesidades de los regantes que con inauguraciones y que desde octubre el embalse estar\u00e1 disponible para su inauguraci\u00f3n pero reiter\u00f3 que eso va a depender de la agenda de las autoridades.<\/p>\n<p>Por su parte, Miguel Vega mostr\u00f3 su conformidad con las explicaciones entregadas por el Inspector Fiscal Mario Rosales y al respecto se\u00f1al\u00f3 que \u201cvemos que los plazos se est\u00e1n cumpliendo y este sue\u00f1o de generaciones ya est\u00e1 siendo una realidad\u201d.<\/p>\n<p>En relaci\u00f3n al 83% de avance que hoy presentan las obras de construcci\u00f3n del Embalse Chacrillas, el dirigente expres\u00f3 que \u201ceso nos deja con mucha tranquilidad por todo el apremio de esta seguidilla de a\u00f1os secos que hemos tenido, ojala que este a\u00f1o se nos presente con una pluviometr\u00eda m\u00e1s beneficiosa para el valle y as\u00ed poder comenzar a llenar el embalse\u201d.<\/p>\n<p>Finalmente los dirigentes junto a Mario Rosales y el Ingeniero Carlos Sol\u00eds, compartieron un almuerzo de camarader\u00eda en el cual el inspector fiscal dio la bienvenida a la nueva directiva de la Junta de Vigilancia del R\u00edo Putaendo.<\/p>\n<p>Patricio Gallardo M.<\/p>\n<p>&nbsp;<\/p>\n","protected":false},"excerpt":{"rendered":"<p>PUTAENDO.&#8211; El Inspector Fiscal a cargo de la construcci\u00f3n de Embalse Chacrillas, Mario Rosales, confirm\u00f3 que el pr\u00f3ximo mes de octubre el Embalse Chacrillas deber\u00eda entrar en funcionamiento. Estas declaraciones las realiz\u00f3&#8230;<\/p>\n","protected":false},"author":482,"featured_media":47012,"comment_status":"open","ping_status":"closed","sticky":false,"template":"","format":"standard","meta":{"advanced_seo_description":"","jetpack_seo_html_title":"","jetpack_seo_noindex":false,"_jetpack_memberships_contains_paid_content":false,"footnotes":""},"categories":[1],"tags":[],"class_list":["post-47011","post","type-post","status-publish","format-standard","has-post-thumbnail","hentry","category-cronica"],"jetpack_featured_media_url":"https:\/\/i0.wp.com\/eltrabajo.cl\/portal\/wp-content\/uploads\/2014\/05\/Visita11.jpg?fit=529%2C358&ssl=1","jetpack_sharing_enabled":true,"jetpack_likes_enabled":true,"jetpack-related-posts":[],"_links":{"self":[{"href":"https:\/\/eltrabajo.cl\/portal\/wp-json\/wp\/v2\/posts\/47011","targetHints":{"allow":["GET"]}}],"collection":[{"href":"https:\/\/eltrabajo.cl\/portal\/wp-json\/wp\/v2\/posts"}],"about":[{"href":"https:\/\/eltrabajo.cl\/portal\/wp-json\/wp\/v2\/types\/post"}],"author":[{"embeddable":true,"href":"https:\/\/eltrabajo.cl\/portal\/wp-json\/wp\/v2\/users\/482"}],"replies":[{"embeddable":true,"href":"https:\/\/eltrabajo.cl\/portal\/wp-json\/wp\/v2\/comments?post=47011"}],"version-history":[{"count":0,"href":"https:\/\/eltrabajo.cl\/portal\/wp-json\/wp\/v2\/posts\/47011\/revisions"}],"wp:featuredmedia":[{"embeddable":true,"href":"https:\/\/eltrabajo.cl\/portal\/wp-json\/wp\/v2\/media\/47012"}],"wp:attachment":[{"href":"https:\/\/eltrabajo.cl\/portal\/wp-json\/wp\/v2\/media?parent=47011"}],"wp:term":[{"taxonomy":"category","embeddable":true,"href":"https:\/\/eltrabajo.cl\/portal\/wp-json\/wp\/v2\/categories?post=47011"},{"taxonomy":"post_tag","embeddable":true,"href":"https:\/\/eltrabajo.cl\/portal\/wp-json\/wp\/v2\/tags?post=47011"}],"curies":[{"name":"wp","href":"https:\/\/api.w.org\/{rel}","templated":true}]}}