{"id":47016,"date":"2014-05-30T09:35:36","date_gmt":"2014-05-30T13:35:36","guid":{"rendered":"http:\/\/www.eltrabajo.cl\/portal\/?p=47016"},"modified":"2014-05-30T09:35:36","modified_gmt":"2014-05-30T13:35:36","slug":"alumnos-del-alonso-de-ercilla-de-san-felipe-realizan-recorrido-patrimonial","status":"publish","type":"post","link":"https:\/\/eltrabajo.cl\/portal\/alumnos-del-alonso-de-ercilla-de-san-felipe-realizan-recorrido-patrimonial\/","title":{"rendered":"Alumnos del Alonso De Ercilla de San Felipe realizan recorrido patrimonial"},"content":{"rendered":"<figure id=\"attachment_47017\" aria-describedby=\"caption-attachment-47017\" style=\"width: 528px\" class=\"wp-caption alignnone\"><a href=\"https:\/\/i0.wp.com\/www.eltrabajo.cl\/portal\/wp-content\/uploads\/2014\/05\/Peques1.jpg\"><img data-recalc-dims=\"1\" loading=\"lazy\" decoding=\"async\" class=\"size-full wp-image-47017\" alt=\"La ma\u00f1ana de este jueves, un grupo importante de estudiantes del 4\u00ba B\u00e1sico A del Colegio Alonso De Ercilla de San Felipe, realizaron un recorrido patrimonial por la comuna de Putaendo.\" src=\"https:\/\/i0.wp.com\/www.eltrabajo.cl\/portal\/wp-content\/uploads\/2014\/05\/Peques1.jpg?resize=528%2C247\" width=\"528\" height=\"247\" srcset=\"https:\/\/i0.wp.com\/eltrabajo.cl\/portal\/wp-content\/uploads\/2014\/05\/Peques1.jpg?w=528&amp;ssl=1 528w, https:\/\/i0.wp.com\/eltrabajo.cl\/portal\/wp-content\/uploads\/2014\/05\/Peques1.jpg?resize=200%2C93&amp;ssl=1 200w, https:\/\/i0.wp.com\/eltrabajo.cl\/portal\/wp-content\/uploads\/2014\/05\/Peques1.jpg?resize=300%2C140&amp;ssl=1 300w, https:\/\/i0.wp.com\/eltrabajo.cl\/portal\/wp-content\/uploads\/2014\/05\/Peques1.jpg?resize=150%2C70&amp;ssl=1 150w, https:\/\/i0.wp.com\/eltrabajo.cl\/portal\/wp-content\/uploads\/2014\/05\/Peques1.jpg?resize=400%2C187&amp;ssl=1 400w\" sizes=\"auto, (max-width: 528px) 100vw, 528px\" \/><\/a><figcaption id=\"caption-attachment-47017\" class=\"wp-caption-text\">La ma\u00f1ana de este jueves, un grupo importante de estudiantes del 4\u00ba B\u00e1sico A del Colegio Alonso De Ercilla de San Felipe, realizaron un recorrido patrimonial por la comuna de Putaendo.<\/figcaption><\/figure>\n<p><strong>PUTAENDO<\/strong>.- La ma\u00f1ana de este jueves, un grupo importante de estudiantes del 4\u00ba B\u00e1sico A del Colegio Alonso De Ercilla de San Felipe, realizaron un recorrido patrimonial por diferentes lugares hist\u00f3ricos de la comuna de Putaendo.<\/p>\n<p>La invitaci\u00f3n fue hecha por el Frente de Protecci\u00f3n del Patrimonio, agrupaci\u00f3n encargada de realizar este recorrido que abarc\u00f3 el templo de la Parroquia San Antonio de Padua, en la cual los peque\u00f1os conocieron su historia, sus alcances patrimoniales, el proceso de restauraci\u00f3n y los diferentes elementos que la conforman, para posteriormente trasladarse hasta el pimiento ubicado en la plaza de armas de la comuna donde conocieron la historia del paso del Ej\u00e9rcito Libertador, el lugar donde el General San Mart\u00edn at\u00f3 su caballo en su paso por la comuna y el significado hist\u00f3rico que ese lugar genera para la historia comunal y como uno de los \u00edconos de la hermandad chileno-argentina en torno al Ej\u00e9rcito Libertador.<\/p>\n<p>Despu\u00e9s la comitiva recorri\u00f3 parte de la Calle Comercio, lugar en el cual la Antrop\u00f3loga Social Leda Chopitea hizo una detallada exposici\u00f3n del tipo de construcci\u00f3n y or\u00edgenes de una de las postales m\u00e1s famosas de la comuna ante unos atentos y entusiastas j\u00f3venes que no se perdieron un s\u00f3lo detalle de la narraci\u00f3n de la profesional.<\/p>\n<p>Para finalizar, los estudiantes junto a la Profesora Jefe del 4\u00ba B\u00e1sico A, M\u00f3nica Fern\u00e1ndez, conocieron la Hacienda Lo Vicu\u00f1a y tambi\u00e9n la capilla del sector, interioriz\u00e1ndose de sus inicios, los usos y oficios de la hacienda, el proceso de reforma agraria y tambi\u00e9n los futuros proyectos e ideas que giran en torno a ese lugar, para posteriormente recorrer las instalaciones de la hacienda que encant\u00f3 a los peque\u00f1os que valoraron el recorrido por la comuna de Putaendo, incluso un peque\u00f1o agradeci\u00f3 a la antrop\u00f3loga Leda Chopitea y al Frente de Protecci\u00f3n del Patrimonio por haberlos invitado a recorrer la comuna.<\/p>\n<p>La profesora M\u00f3nica Fern\u00e1ndez agradeci\u00f3 la invitaci\u00f3n de la agrupaci\u00f3n putaendina y se\u00f1al\u00f3 que \u00abAgradecida de la invitaci\u00f3n a este pueblo maravilloso, yo soy una amante de la historia y es muy importante que mis estudiantes tengan de entender nuestra historia y poder valorar estas casas antiguas, porque verdaderamente la Calle Comercio es una maravilla, el templo es fant\u00e1stico y todos los lugares que hemos recorrido hoy en Putaendo nos han dejado perplejos con la belleza que tienen\u00bb.<\/p>\n<p>Por su parte, Leda Chopitea se mostr\u00f3 satisfecha con el recorrido e indic\u00f3 que \u00abes muy importante dar a conocer nuestro patrimonio cultural a trav\u00e9s de la juventud y a trav\u00e9s de la educaci\u00f3n ayudando a los profesores que nos visitan para que de alguna manera entre todos podamos seguir conservando el cuidado y el respeto hacia nuestros monumentos que forman parte de nuestra historia y de nuestra identidad, por lo que ojala sean muchos m\u00e1s los colegios e instituciones que se interesen en conocer Putaendo\u00bb.<\/p>\n<p>Patricio Gallardo M.<\/p>\n<div class=\"tiled-gallery type-rectangular tiled-gallery-unresized\" data-original-width=\"640\" data-carousel-extra='null' itemscope itemtype=\"http:\/\/schema.org\/ImageGallery\" > <div class=\"gallery-row\" style=\"width: 640px; height: 291px;\" data-original-width=\"640\" data-original-height=\"291\" > <div class=\"gallery-group images-1\" style=\"width: 427px; height: 291px;\" data-original-width=\"427\" data-original-height=\"291\" > <div class=\"tiled-gallery-item tiled-gallery-item-large\" itemprop=\"associatedMedia\" itemscope itemtype=\"http:\/\/schema.org\/ImageObject\"> <a href=\"https:\/\/eltrabajo.cl\/portal\/alumnos-del-alonso-de-ercilla-de-san-felipe-realizan-recorrido-patrimonial\/leda-chopitea-antropologa-social\/\" border=\"0\" itemprop=\"url\"> <meta itemprop=\"width\" content=\"423\"> <meta itemprop=\"height\" content=\"287\"> <img decoding=\"async\" class=\"\" data-attachment-id=\"47018\" data-orig-file=\"https:\/\/eltrabajo.cl\/portal\/wp-content\/uploads\/2014\/05\/LEDA-CHOPITEA-ANTROPOLOGA-SOCIAL.jpg\" data-orig-size=\"529,358\" data-comments-opened=\"1\" data-image-meta=\"{&quot;aperture&quot;:&quot;3.2&quot;,&quot;credit&quot;:&quot;&quot;,&quot;camera&quot;:&quot;Canon EOS REBEL T3&quot;,&quot;caption&quot;:&quot;&quot;,&quot;created_timestamp&quot;:&quot;1388580269&quot;,&quot;copyright&quot;:&quot;&quot;,&quot;focal_length&quot;:&quot;21&quot;,&quot;iso&quot;:&quot;100&quot;,&quot;shutter_speed&quot;:&quot;0.000625&quot;,&quot;title&quot;:&quot;&quot;}\" data-image-title=\"LEDA CHOPITEA ANTROPOLOGA SOCIAL\" data-image-description=\"&lt;p&gt;Antrop\u00f3loga Social, Leda Chopitea.&lt;\/p&gt; \" data-medium-file=\"https:\/\/i0.wp.com\/eltrabajo.cl\/portal\/wp-content\/uploads\/2014\/05\/LEDA-CHOPITEA-ANTROPOLOGA-SOCIAL.jpg?fit=300%2C203&#038;ssl=1\" data-large-file=\"https:\/\/i0.wp.com\/eltrabajo.cl\/portal\/wp-content\/uploads\/2014\/05\/LEDA-CHOPITEA-ANTROPOLOGA-SOCIAL.jpg?fit=529%2C358&#038;ssl=1\" src=\"https:\/\/i0.wp.com\/eltrabajo.cl\/portal\/wp-content\/uploads\/2014\/05\/LEDA-CHOPITEA-ANTROPOLOGA-SOCIAL.jpg?w=423&#038;h=287&#038;ssl=1\" srcset=\"https:\/\/i0.wp.com\/eltrabajo.cl\/portal\/wp-content\/uploads\/2014\/05\/LEDA-CHOPITEA-ANTROPOLOGA-SOCIAL.jpg?w=529&amp;ssl=1 529w, https:\/\/i0.wp.com\/eltrabajo.cl\/portal\/wp-content\/uploads\/2014\/05\/LEDA-CHOPITEA-ANTROPOLOGA-SOCIAL.jpg?resize=200%2C135&amp;ssl=1 200w, https:\/\/i0.wp.com\/eltrabajo.cl\/portal\/wp-content\/uploads\/2014\/05\/LEDA-CHOPITEA-ANTROPOLOGA-SOCIAL.jpg?resize=300%2C203&amp;ssl=1 300w, https:\/\/i0.wp.com\/eltrabajo.cl\/portal\/wp-content\/uploads\/2014\/05\/LEDA-CHOPITEA-ANTROPOLOGA-SOCIAL.jpg?resize=150%2C101&amp;ssl=1 150w, https:\/\/i0.wp.com\/eltrabajo.cl\/portal\/wp-content\/uploads\/2014\/05\/LEDA-CHOPITEA-ANTROPOLOGA-SOCIAL.jpg?resize=400%2C270&amp;ssl=1 400w\" width=\"423\" height=\"287\" loading=\"lazy\" data-original-width=\"423\" data-original-height=\"287\" itemprop=\"http:\/\/schema.org\/image\" title=\"LEDA CHOPITEA ANTROPOLOGA SOCIAL\" alt=\"Antrop\u00f3loga Social, Leda Chopitea.\" style=\"width: 423px; height: 287px;\" \/> <\/a> <div class=\"tiled-gallery-caption\" itemprop=\"caption description\"> Antrop\u00f3loga Social, Leda Chopitea. <\/div> <\/div> <\/div> <!-- close group --> <div class=\"gallery-group images-2\" style=\"width: 213px; height: 291px;\" data-original-width=\"213\" data-original-height=\"291\" > <div class=\"tiled-gallery-item tiled-gallery-item-small\" itemprop=\"associatedMedia\" itemscope itemtype=\"http:\/\/schema.org\/ImageObject\"> <a href=\"https:\/\/eltrabajo.cl\/portal\/alumnos-del-alonso-de-ercilla-de-san-felipe-realizan-recorrido-patrimonial\/monica-fernandez-prof-jefe-4to-a-cae\/\" border=\"0\" itemprop=\"url\"> <meta itemprop=\"width\" content=\"209\"> <meta itemprop=\"height\" content=\"141\"> <img decoding=\"async\" class=\"\" data-attachment-id=\"47019\" data-orig-file=\"https:\/\/eltrabajo.cl\/portal\/wp-content\/uploads\/2014\/05\/MONICA-FERNANDEZ-PROF-JEFE-4TO-A-CAE.jpg\" data-orig-size=\"529,358\" data-comments-opened=\"1\" data-image-meta=\"{&quot;aperture&quot;:&quot;3.5&quot;,&quot;credit&quot;:&quot;&quot;,&quot;camera&quot;:&quot;Canon EOS REBEL T3&quot;,&quot;caption&quot;:&quot;&quot;,&quot;created_timestamp&quot;:&quot;1388580136&quot;,&quot;copyright&quot;:&quot;&quot;,&quot;focal_length&quot;:&quot;28&quot;,&quot;iso&quot;:&quot;100&quot;,&quot;shutter_speed&quot;:&quot;0.0004&quot;,&quot;title&quot;:&quot;&quot;}\" data-image-title=\"MONICA FERNANDEZ PROF JEFE 4TO A CAE\" data-image-description=\"&lt;p&gt;Profesora Jefe del 4\u00ba B\u00e1sico A, M\u00f3nica Fern\u00e1ndez.&lt;\/p&gt; \" data-medium-file=\"https:\/\/i0.wp.com\/eltrabajo.cl\/portal\/wp-content\/uploads\/2014\/05\/MONICA-FERNANDEZ-PROF-JEFE-4TO-A-CAE.jpg?fit=300%2C203&#038;ssl=1\" data-large-file=\"https:\/\/i0.wp.com\/eltrabajo.cl\/portal\/wp-content\/uploads\/2014\/05\/MONICA-FERNANDEZ-PROF-JEFE-4TO-A-CAE.jpg?fit=529%2C358&#038;ssl=1\" src=\"https:\/\/i0.wp.com\/eltrabajo.cl\/portal\/wp-content\/uploads\/2014\/05\/MONICA-FERNANDEZ-PROF-JEFE-4TO-A-CAE.jpg?w=209&#038;h=141&#038;ssl=1\" srcset=\"https:\/\/i0.wp.com\/eltrabajo.cl\/portal\/wp-content\/uploads\/2014\/05\/MONICA-FERNANDEZ-PROF-JEFE-4TO-A-CAE.jpg?w=529&amp;ssl=1 529w, https:\/\/i0.wp.com\/eltrabajo.cl\/portal\/wp-content\/uploads\/2014\/05\/MONICA-FERNANDEZ-PROF-JEFE-4TO-A-CAE.jpg?resize=200%2C135&amp;ssl=1 200w, https:\/\/i0.wp.com\/eltrabajo.cl\/portal\/wp-content\/uploads\/2014\/05\/MONICA-FERNANDEZ-PROF-JEFE-4TO-A-CAE.jpg?resize=300%2C203&amp;ssl=1 300w, https:\/\/i0.wp.com\/eltrabajo.cl\/portal\/wp-content\/uploads\/2014\/05\/MONICA-FERNANDEZ-PROF-JEFE-4TO-A-CAE.jpg?resize=150%2C101&amp;ssl=1 150w, https:\/\/i0.wp.com\/eltrabajo.cl\/portal\/wp-content\/uploads\/2014\/05\/MONICA-FERNANDEZ-PROF-JEFE-4TO-A-CAE.jpg?resize=400%2C270&amp;ssl=1 400w\" width=\"209\" height=\"141\" loading=\"lazy\" data-original-width=\"209\" data-original-height=\"141\" itemprop=\"http:\/\/schema.org\/image\" title=\"MONICA FERNANDEZ PROF JEFE 4TO A CAE\" alt=\"Profesora Jefe del 4\u00ba B\u00e1sico A, M\u00f3nica Fern\u00e1ndez.\" style=\"width: 209px; height: 141px;\" \/> <\/a> <div class=\"tiled-gallery-caption\" itemprop=\"caption description\"> Profesora Jefe del 4\u00ba B\u00e1sico A, M\u00f3nica Fern\u00e1ndez. <\/div> <\/div> <div class=\"tiled-gallery-item tiled-gallery-item-small\" itemprop=\"associatedMedia\" itemscope itemtype=\"http:\/\/schema.org\/ImageObject\"> <a href=\"https:\/\/eltrabajo.cl\/portal\/alumnos-del-alonso-de-ercilla-de-san-felipe-realizan-recorrido-patrimonial\/peques2\/\" border=\"0\" itemprop=\"url\"> <meta itemprop=\"width\" content=\"209\"> <meta itemprop=\"height\" content=\"142\"> <img decoding=\"async\" class=\"\" data-attachment-id=\"47020\" data-orig-file=\"https:\/\/eltrabajo.cl\/portal\/wp-content\/uploads\/2014\/05\/Peques2.jpg\" data-orig-size=\"529,359\" data-comments-opened=\"1\" data-image-meta=\"{&quot;aperture&quot;:&quot;5.6&quot;,&quot;credit&quot;:&quot;&quot;,&quot;camera&quot;:&quot;Canon EOS REBEL T3&quot;,&quot;caption&quot;:&quot;&quot;,&quot;created_timestamp&quot;:&quot;1388577383&quot;,&quot;copyright&quot;:&quot;&quot;,&quot;focal_length&quot;:&quot;21&quot;,&quot;iso&quot;:&quot;100&quot;,&quot;shutter_speed&quot;:&quot;0.01&quot;,&quot;title&quot;:&quot;&quot;}\" data-image-title=\"Peques2\" data-image-description=\"&lt;p&gt;Los estudiantes junto a la Profesora Jefe del 4\u00ba B\u00e1sico A, M\u00f3nica Fern\u00e1ndez, conocieron la Hacienda Lo Vicu\u00f1a y tambi\u00e9n la capilla del sector.&lt;\/p&gt; \" data-medium-file=\"https:\/\/i0.wp.com\/eltrabajo.cl\/portal\/wp-content\/uploads\/2014\/05\/Peques2.jpg?fit=300%2C203&#038;ssl=1\" data-large-file=\"https:\/\/i0.wp.com\/eltrabajo.cl\/portal\/wp-content\/uploads\/2014\/05\/Peques2.jpg?fit=529%2C359&#038;ssl=1\" src=\"https:\/\/i0.wp.com\/eltrabajo.cl\/portal\/wp-content\/uploads\/2014\/05\/Peques2.jpg?w=209&#038;h=142&#038;ssl=1\" srcset=\"https:\/\/i0.wp.com\/eltrabajo.cl\/portal\/wp-content\/uploads\/2014\/05\/Peques2.jpg?w=529&amp;ssl=1 529w, https:\/\/i0.wp.com\/eltrabajo.cl\/portal\/wp-content\/uploads\/2014\/05\/Peques2.jpg?resize=200%2C135&amp;ssl=1 200w, https:\/\/i0.wp.com\/eltrabajo.cl\/portal\/wp-content\/uploads\/2014\/05\/Peques2.jpg?resize=300%2C203&amp;ssl=1 300w, https:\/\/i0.wp.com\/eltrabajo.cl\/portal\/wp-content\/uploads\/2014\/05\/Peques2.jpg?resize=150%2C101&amp;ssl=1 150w, https:\/\/i0.wp.com\/eltrabajo.cl\/portal\/wp-content\/uploads\/2014\/05\/Peques2.jpg?resize=400%2C271&amp;ssl=1 400w\" width=\"209\" height=\"142\" loading=\"lazy\" data-original-width=\"209\" data-original-height=\"142\" itemprop=\"http:\/\/schema.org\/image\" title=\"Peques2\" alt=\"Los estudiantes junto a la Profesora Jefe del 4\u00ba B\u00e1sico A, M\u00f3nica Fern\u00e1ndez, conocieron la Hacienda Lo Vicu\u00f1a y tambi\u00e9n la capilla del sector.\" style=\"width: 209px; height: 142px;\" \/> <\/a> <div class=\"tiled-gallery-caption\" itemprop=\"caption description\"> Los estudiantes junto a la Profesora Jefe del 4\u00ba B\u00e1sico A, M\u00f3nica Fern\u00e1ndez, conocieron la Hacienda Lo Vicu\u00f1a y tambi\u00e9n la capilla del sector. <\/div> <\/div> <\/div> <!-- close group --> <\/div> <!-- close row --> <\/div>\n","protected":false},"excerpt":{"rendered":"<p>PUTAENDO.- La ma\u00f1ana de este jueves, un grupo importante de estudiantes del 4\u00ba B\u00e1sico A del Colegio Alonso De Ercilla de San Felipe, realizaron un recorrido patrimonial por diferentes lugares hist\u00f3ricos de&#8230;<\/p>\n","protected":false},"author":482,"featured_media":47017,"comment_status":"open","ping_status":"closed","sticky":false,"template":"","format":"standard","meta":{"advanced_seo_description":"","jetpack_seo_html_title":"","jetpack_seo_noindex":false,"_jetpack_memberships_contains_paid_content":false,"footnotes":""},"categories":[15],"tags":[],"class_list":["post-47016","post","type-post","status-publish","format-standard","has-post-thumbnail","hentry","category-comunidad"],"jetpack_featured_media_url":"https:\/\/i0.wp.com\/eltrabajo.cl\/portal\/wp-content\/uploads\/2014\/05\/Peques1.jpg?fit=528%2C247&ssl=1","jetpack_sharing_enabled":true,"jetpack_likes_enabled":true,"jetpack-related-posts":[],"_links":{"self":[{"href":"https:\/\/eltrabajo.cl\/portal\/wp-json\/wp\/v2\/posts\/47016","targetHints":{"allow":["GET"]}}],"collection":[{"href":"https:\/\/eltrabajo.cl\/portal\/wp-json\/wp\/v2\/posts"}],"about":[{"href":"https:\/\/eltrabajo.cl\/portal\/wp-json\/wp\/v2\/types\/post"}],"author":[{"embeddable":true,"href":"https:\/\/eltrabajo.cl\/portal\/wp-json\/wp\/v2\/users\/482"}],"replies":[{"embeddable":true,"href":"https:\/\/eltrabajo.cl\/portal\/wp-json\/wp\/v2\/comments?post=47016"}],"version-history":[{"count":0,"href":"https:\/\/eltrabajo.cl\/portal\/wp-json\/wp\/v2\/posts\/47016\/revisions"}],"wp:featuredmedia":[{"embeddable":true,"href":"https:\/\/eltrabajo.cl\/portal\/wp-json\/wp\/v2\/media\/47017"}],"wp:attachment":[{"href":"https:\/\/eltrabajo.cl\/portal\/wp-json\/wp\/v2\/media?parent=47016"}],"wp:term":[{"taxonomy":"category","embeddable":true,"href":"https:\/\/eltrabajo.cl\/portal\/wp-json\/wp\/v2\/categories?post=47016"},{"taxonomy":"post_tag","embeddable":true,"href":"https:\/\/eltrabajo.cl\/portal\/wp-json\/wp\/v2\/tags?post=47016"}],"curies":[{"name":"wp","href":"https:\/\/api.w.org\/{rel}","templated":true}]}}