{"id":47023,"date":"2014-05-30T09:37:06","date_gmt":"2014-05-30T13:37:06","guid":{"rendered":"http:\/\/www.eltrabajo.cl\/portal\/?p=47023"},"modified":"2014-05-30T09:37:06","modified_gmt":"2014-05-30T13:37:06","slug":"realizan-poda-de-peligrosos-arboles-en-el-sector-de-alborada","status":"publish","type":"post","link":"https:\/\/eltrabajo.cl\/portal\/realizan-poda-de-peligrosos-arboles-en-el-sector-de-alborada\/","title":{"rendered":"Realizan poda de peligrosos \u00e1rboles en el sector de Alborada"},"content":{"rendered":"<figure id=\"attachment_47024\" aria-describedby=\"caption-attachment-47024\" style=\"width: 529px\" class=\"wp-caption alignnone\"><a href=\"https:\/\/i0.wp.com\/www.eltrabajo.cl\/portal\/wp-content\/uploads\/2014\/05\/Arboles1.jpg\"><img data-recalc-dims=\"1\" loading=\"lazy\" decoding=\"async\" class=\"size-full wp-image-47024\" alt=\"Esta semana se realiz\u00f3 la poda de peligrosos \u00e1rboles que se encontraban en el sector centro de la comuna, espec\u00edficamente en Alborada, frente al Centro de Salud.\" src=\"https:\/\/i0.wp.com\/www.eltrabajo.cl\/portal\/wp-content\/uploads\/2014\/05\/Arboles1.jpg?resize=529%2C363\" width=\"529\" height=\"363\" srcset=\"https:\/\/i0.wp.com\/eltrabajo.cl\/portal\/wp-content\/uploads\/2014\/05\/Arboles1.jpg?w=529&amp;ssl=1 529w, https:\/\/i0.wp.com\/eltrabajo.cl\/portal\/wp-content\/uploads\/2014\/05\/Arboles1.jpg?resize=200%2C137&amp;ssl=1 200w, https:\/\/i0.wp.com\/eltrabajo.cl\/portal\/wp-content\/uploads\/2014\/05\/Arboles1.jpg?resize=300%2C205&amp;ssl=1 300w, https:\/\/i0.wp.com\/eltrabajo.cl\/portal\/wp-content\/uploads\/2014\/05\/Arboles1.jpg?resize=150%2C102&amp;ssl=1 150w, https:\/\/i0.wp.com\/eltrabajo.cl\/portal\/wp-content\/uploads\/2014\/05\/Arboles1.jpg?resize=400%2C274&amp;ssl=1 400w\" sizes=\"auto, (max-width: 529px) 100vw, 529px\" \/><\/a><figcaption id=\"caption-attachment-47024\" class=\"wp-caption-text\">Esta semana se realiz\u00f3 la poda de peligrosos \u00e1rboles que se encontraban en el sector centro de la comuna, espec\u00edficamente en Alborada, frente al Centro de Salud.<\/figcaption><\/figure>\n<p><strong>RINCONADA.<\/strong>&#8211; Esta semana se realiz\u00f3 la poda de peligrosos \u00e1rboles que se encontraban en el sector centro de la comuna, espec\u00edficamente en Alborada, frente al Centro de Salud. Estos \u00e1rboles se encontraban emplazados en un terreno perteneciente al templo evang\u00e9lico de la Iglesia Jesucristo Fundamento Apost\u00f3lico y sus frondosas y altas ramas atentaban contra la estructura del templo religioso.<\/p>\n<p>Para este trabajo solicitado por la comunidad el Alcalde Pedro Caballer\u00eda se contact\u00f3 con Bomberos de Los Andes para gestionar la ayuda tan necesaria, ya que para la poda de estos \u00e1rboles de gran magnitud se necesitaba personal y maquinaria especializada. Es as\u00ed como se concret\u00f3 esta iniciativa que redunda en la seguridad de los habitantes del sector.<\/p>\n<p>El Alcalde Pedro Caballer\u00eda quien estuvo al pendiente de la ejecuci\u00f3n de esta poda y quien personalmente gestion\u00f3 esta ayuda para los vecinos dijo que \u201cesto significa mucho para estos vecinos que desde ahora ya pueden estar tranquilos en cuanto a la seguridad de su templo religioso, desde el municipio hicimos todas las gestiones necesarias porque sab\u00edamos que esto pod\u00eda ocasionar un eventual accidente en un futuro pr\u00f3ximo\u201d.<\/p>\n<p>H\u00e9ctor Pueyes, pastor de la Iglesia Jesucristo Fundamento Apost\u00f3lico y quien estuvo presente durante la poda, se mostr\u00f3 satisfecho por el trabajo realizado y expres\u00f3 que \u201cresulta que muchos a\u00f1os hab\u00edamos estado tratando, y por medio de la Municipalidad de Rinconada tratamos de conseguir el carro de Los Andes y se hicieron todas las gestiones, agradecemos al Alcalde Pedro Caballer\u00eda y al Concejo, esto es muy bueno, nunca hab\u00edamos tenido esta ayuda de otro lado, estoy muy agradecido\u201d.<\/p>\n<p>El Comandante de Bomberos de Los Andes Johnny Arriaza, quien tuvo a cargo el operativo explic\u00f3 que \u201ceste es un sector muy vulnerable debido a la cantidad de \u00e1rboles y a la inclinaci\u00f3n que tienen, a solicitud del pastor de esta iglesia procedimos a prestarle apoyo para cortar los \u00e1rboles, estaba muy propenso a que caigan todos estos troncos sobre la iglesia\u201d. Con esto se soluciona un problema que se acarre\u00f3 por a\u00f1os en el sector de Alborada y que ten\u00eda muy preocupados a los fieles de la antes mencionada congregaci\u00f3n religiosa.<\/p>\n<p>&nbsp;<\/p>\n","protected":false},"excerpt":{"rendered":"<p>RINCONADA.&#8211; Esta semana se realiz\u00f3 la poda de peligrosos \u00e1rboles que se encontraban en el sector centro de la comuna, espec\u00edficamente en Alborada, frente al Centro de Salud. Estos \u00e1rboles se encontraban&#8230;<\/p>\n","protected":false},"author":482,"featured_media":47024,"comment_status":"open","ping_status":"closed","sticky":false,"template":"","format":"standard","meta":{"advanced_seo_description":"","jetpack_seo_html_title":"","jetpack_seo_noindex":false,"_jetpack_memberships_contains_paid_content":false,"footnotes":""},"categories":[15],"tags":[],"class_list":["post-47023","post","type-post","status-publish","format-standard","has-post-thumbnail","hentry","category-comunidad"],"jetpack_featured_media_url":"https:\/\/i0.wp.com\/eltrabajo.cl\/portal\/wp-content\/uploads\/2014\/05\/Arboles1.jpg?fit=529%2C363&ssl=1","jetpack_sharing_enabled":true,"jetpack_likes_enabled":true,"jetpack-related-posts":[],"_links":{"self":[{"href":"https:\/\/eltrabajo.cl\/portal\/wp-json\/wp\/v2\/posts\/47023","targetHints":{"allow":["GET"]}}],"collection":[{"href":"https:\/\/eltrabajo.cl\/portal\/wp-json\/wp\/v2\/posts"}],"about":[{"href":"https:\/\/eltrabajo.cl\/portal\/wp-json\/wp\/v2\/types\/post"}],"author":[{"embeddable":true,"href":"https:\/\/eltrabajo.cl\/portal\/wp-json\/wp\/v2\/users\/482"}],"replies":[{"embeddable":true,"href":"https:\/\/eltrabajo.cl\/portal\/wp-json\/wp\/v2\/comments?post=47023"}],"version-history":[{"count":0,"href":"https:\/\/eltrabajo.cl\/portal\/wp-json\/wp\/v2\/posts\/47023\/revisions"}],"wp:featuredmedia":[{"embeddable":true,"href":"https:\/\/eltrabajo.cl\/portal\/wp-json\/wp\/v2\/media\/47024"}],"wp:attachment":[{"href":"https:\/\/eltrabajo.cl\/portal\/wp-json\/wp\/v2\/media?parent=47023"}],"wp:term":[{"taxonomy":"category","embeddable":true,"href":"https:\/\/eltrabajo.cl\/portal\/wp-json\/wp\/v2\/categories?post=47023"},{"taxonomy":"post_tag","embeddable":true,"href":"https:\/\/eltrabajo.cl\/portal\/wp-json\/wp\/v2\/tags?post=47023"}],"curies":[{"name":"wp","href":"https:\/\/api.w.org\/{rel}","templated":true}]}}