{"id":47032,"date":"2014-05-30T09:41:38","date_gmt":"2014-05-30T13:41:38","guid":{"rendered":"http:\/\/www.eltrabajo.cl\/portal\/?p=47032"},"modified":"2014-05-30T09:41:38","modified_gmt":"2014-05-30T13:41:38","slug":"trabajador-denuncia-detencion-arbitraria-por-parte-de-funcionarios-de-carabineros","status":"publish","type":"post","link":"https:\/\/eltrabajo.cl\/portal\/trabajador-denuncia-detencion-arbitraria-por-parte-de-funcionarios-de-carabineros\/","title":{"rendered":"Trabajador denuncia detenci\u00f3n arbitraria por parte de funcionarios de Carabineros"},"content":{"rendered":"<figure id=\"attachment_47033\" aria-describedby=\"caption-attachment-47033\" style=\"width: 317px\" class=\"wp-caption alignleft\"><a href=\"https:\/\/i0.wp.com\/www.eltrabajo.cl\/portal\/wp-content\/uploads\/2014\/05\/jorge-parra.jpg\"><img data-recalc-dims=\"1\" loading=\"lazy\" decoding=\"async\" class=\" wp-image-47033 \" alt=\"Jorge Parra Lobos asegura haber sido detenido en forma arbitraria por Carabineros.\" src=\"https:\/\/i0.wp.com\/www.eltrabajo.cl\/portal\/wp-content\/uploads\/2014\/05\/jorge-parra.jpg?resize=317%2C240\" width=\"317\" height=\"240\" srcset=\"https:\/\/i0.wp.com\/eltrabajo.cl\/portal\/wp-content\/uploads\/2014\/05\/jorge-parra.jpg?w=528&amp;ssl=1 528w, https:\/\/i0.wp.com\/eltrabajo.cl\/portal\/wp-content\/uploads\/2014\/05\/jorge-parra.jpg?resize=198%2C150&amp;ssl=1 198w, https:\/\/i0.wp.com\/eltrabajo.cl\/portal\/wp-content\/uploads\/2014\/05\/jorge-parra.jpg?resize=300%2C227&amp;ssl=1 300w, https:\/\/i0.wp.com\/eltrabajo.cl\/portal\/wp-content\/uploads\/2014\/05\/jorge-parra.jpg?resize=150%2C113&amp;ssl=1 150w, https:\/\/i0.wp.com\/eltrabajo.cl\/portal\/wp-content\/uploads\/2014\/05\/jorge-parra.jpg?resize=400%2C303&amp;ssl=1 400w\" sizes=\"auto, (max-width: 317px) 100vw, 317px\" \/><\/a><figcaption id=\"caption-attachment-47033\" class=\"wp-caption-text\">Jorge Parra Lobos asegura haber sido detenido en forma arbitraria por Carabineros.<\/figcaption><\/figure>\n<p>Una \u00abindagaci\u00f3n administrativa\u00bb inici\u00f3 la Segunda Comisar\u00eda de Carabineros de San Felipe ante la denuncia de Jorge Eduardo Parra Lobos, quien asegura haber sido detenido en forma arbitraria el domingo pasado por personal de Carabineros en el bandej\u00f3n central frente al cuartel de la Tercera Compa\u00f1\u00eda de Bomberos de San Felipe.<\/p>\n<p>Parra dijo desempe\u00f1arse como cuidador de autos los domingos en el sector de la feria Diego de Almagro, adem\u00e1s de tener un trabajo estable y formal. El d\u00eda de los hechos fue a comprar una cerveza en lata y cuando regresaba junto a su mujer lleg\u00f3 Carabineros y procedi\u00f3 a controlarle la identidad, procediendo a detenerlo porque portaba la lata de cerveza, la que estaba cerrada, seg\u00fan manifiesta.<\/p>\n<p>El hecho se registr\u00f3 a eso de las 13 horas luego que vecinos del sector alertaran a Carabineros por la presencia de gente consumiendo licor en la v\u00eda p\u00fablica, circunstancia en la cual lo habr\u00edan confundido con los bebedores: \u00abUno de los carabineros me dijo que yo hab\u00eda estado preso, yo nunca he estado preso, si me confundi\u00f3 con un hermano, porque tengo un hermano menor que estuvo preso, que a lo mejor me confundi\u00f3 porque somos casi iguales, pero pienso que no corresponde lo que \u00e9l hizo\u00bb.<\/p>\n<p><strong>\u00abINDAGACI\u00d3N ADMINISTRATIVA\u00bb<\/strong><\/p>\n<p>Respecto a la versi\u00f3n de Jorge Parra, el Capit\u00e1n de Carabineros Alfredo Castillo se\u00f1al\u00f3 que \u00e9sta es bastante distinta al parte policial, por lo que se est\u00e1 realizando una \u2018indagaci\u00f3n administrativa\u2019 luego que \u00e9ste se presentara el 27 de este mes en la comisar\u00eda dando cuenta de la situaci\u00f3n, \u00aby como su versi\u00f3n no es exactamente igual, se dispuso esta indagaci\u00f3n administrativa\u00bb.<\/p>\n<p><strong>&#8211; \u00bfEsto tiene alguna fecha tope?<\/strong><\/p>\n<p>&#8211; \u00abNo tiene una fecha definitiva, pero s\u00ed en un tiempo muy corto se le va a dar una respuesta a esta persona al respecto, para poder establecer qu\u00e9 sucedi\u00f3\u00bb.<\/p>\n<p>&nbsp;<\/p>\n","protected":false},"excerpt":{"rendered":"<p>Una \u00abindagaci\u00f3n administrativa\u00bb inici\u00f3 la Segunda Comisar\u00eda de Carabineros de San Felipe ante la denuncia de Jorge Eduardo Parra Lobos, quien asegura haber sido detenido en forma arbitraria el domingo pasado por&#8230;<\/p>\n","protected":false},"author":482,"featured_media":47033,"comment_status":"open","ping_status":"closed","sticky":false,"template":"","format":"standard","meta":{"advanced_seo_description":"","jetpack_seo_html_title":"","jetpack_seo_noindex":false,"_jetpack_memberships_contains_paid_content":false,"footnotes":""},"categories":[15],"tags":[],"class_list":["post-47032","post","type-post","status-publish","format-standard","has-post-thumbnail","hentry","category-comunidad"],"jetpack_featured_media_url":"https:\/\/i0.wp.com\/eltrabajo.cl\/portal\/wp-content\/uploads\/2014\/05\/jorge-parra.jpg?fit=528%2C400&ssl=1","jetpack_sharing_enabled":true,"jetpack_likes_enabled":true,"jetpack-related-posts":[],"_links":{"self":[{"href":"https:\/\/eltrabajo.cl\/portal\/wp-json\/wp\/v2\/posts\/47032","targetHints":{"allow":["GET"]}}],"collection":[{"href":"https:\/\/eltrabajo.cl\/portal\/wp-json\/wp\/v2\/posts"}],"about":[{"href":"https:\/\/eltrabajo.cl\/portal\/wp-json\/wp\/v2\/types\/post"}],"author":[{"embeddable":true,"href":"https:\/\/eltrabajo.cl\/portal\/wp-json\/wp\/v2\/users\/482"}],"replies":[{"embeddable":true,"href":"https:\/\/eltrabajo.cl\/portal\/wp-json\/wp\/v2\/comments?post=47032"}],"version-history":[{"count":0,"href":"https:\/\/eltrabajo.cl\/portal\/wp-json\/wp\/v2\/posts\/47032\/revisions"}],"wp:featuredmedia":[{"embeddable":true,"href":"https:\/\/eltrabajo.cl\/portal\/wp-json\/wp\/v2\/media\/47033"}],"wp:attachment":[{"href":"https:\/\/eltrabajo.cl\/portal\/wp-json\/wp\/v2\/media?parent=47032"}],"wp:term":[{"taxonomy":"category","embeddable":true,"href":"https:\/\/eltrabajo.cl\/portal\/wp-json\/wp\/v2\/categories?post=47032"},{"taxonomy":"post_tag","embeddable":true,"href":"https:\/\/eltrabajo.cl\/portal\/wp-json\/wp\/v2\/tags?post=47032"}],"curies":[{"name":"wp","href":"https:\/\/api.w.org\/{rel}","templated":true}]}}