{"id":47036,"date":"2014-05-30T09:47:26","date_gmt":"2014-05-30T13:47:26","guid":{"rendered":"http:\/\/www.eltrabajo.cl\/portal\/?p=47036"},"modified":"2014-05-30T09:47:26","modified_gmt":"2014-05-30T13:47:26","slug":"invitan-a-docentes-a-la-pasantia-cultural-la-ciudad-un-espacio-educativo","status":"publish","type":"post","link":"https:\/\/eltrabajo.cl\/portal\/invitan-a-docentes-a-la-pasantia-cultural-la-ciudad-un-espacio-educativo\/","title":{"rendered":"Invitan a docentes a la \u2018Pasant\u00eda Cultural La ciudad, un espacio educativo\u2019"},"content":{"rendered":"<figure id=\"attachment_47037\" aria-describedby=\"caption-attachment-47037\" style=\"width: 529px\" class=\"wp-caption alignnone\"><a href=\"https:\/\/i0.wp.com\/www.eltrabajo.cl\/portal\/wp-content\/uploads\/2014\/05\/SEO.jpg\"><img data-recalc-dims=\"1\" loading=\"lazy\" decoding=\"async\" class=\"size-full wp-image-47037\" alt=\"Por ello los profesores seleccionados tendr\u00e1n la posibilidad de conocer el trabajo que se realiza en el Observatorio La Silla, propiedad del Observatorio Europeo Austral (ESO).\" src=\"https:\/\/i0.wp.com\/www.eltrabajo.cl\/portal\/wp-content\/uploads\/2014\/05\/SEO.jpg?resize=529%2C462\" width=\"529\" height=\"462\" srcset=\"https:\/\/i0.wp.com\/eltrabajo.cl\/portal\/wp-content\/uploads\/2014\/05\/SEO.jpg?w=529&amp;ssl=1 529w, https:\/\/i0.wp.com\/eltrabajo.cl\/portal\/wp-content\/uploads\/2014\/05\/SEO.jpg?resize=171%2C150&amp;ssl=1 171w, https:\/\/i0.wp.com\/eltrabajo.cl\/portal\/wp-content\/uploads\/2014\/05\/SEO.jpg?resize=300%2C262&amp;ssl=1 300w, https:\/\/i0.wp.com\/eltrabajo.cl\/portal\/wp-content\/uploads\/2014\/05\/SEO.jpg?resize=150%2C131&amp;ssl=1 150w, https:\/\/i0.wp.com\/eltrabajo.cl\/portal\/wp-content\/uploads\/2014\/05\/SEO.jpg?resize=400%2C349&amp;ssl=1 400w\" sizes=\"auto, (max-width: 529px) 100vw, 529px\" \/><\/a><figcaption id=\"caption-attachment-47037\" class=\"wp-caption-text\">Por ello los profesores seleccionados tendr\u00e1n la posibilidad de conocer el trabajo que se realiza en el Observatorio La Silla, propiedad del Observatorio Europeo Austral (ESO).<\/figcaption><\/figure>\n<p>Fundaci\u00f3n Futuro invita a los profesores de todo el pa\u00eds, a postular a una nueva versi\u00f3n de su Pasant\u00eda Cultural La ciudad, un espacio educativo, a realizarse en La Serena, la segunda ciudad fundada en el pa\u00eds y que posee un rico patrimonio cultural. El viaje, con todos los gastos cubiertos por la fundaci\u00f3n, ser\u00e1 durante las vacaciones de invierno.<\/p>\n<p>El objetivo de esta pasant\u00eda es ense\u00f1arle a los docentes c\u00f3mo trabajar las distintas asignaturas en su ciudad, buscando con ello generar aprendizajes m\u00e1s profundos pero tambi\u00e9n un aprecio por el lugar donde se vive. As\u00ed los estudiantes se convierten en mejores ciudadanos, preocupados por el entorno, por las dem\u00e1s personas y verdaderos guardianes del patrimonio.<\/p>\n<p>El viaje de tres d\u00edas incluye conocer los monumentos nacionales presentes en La Serena, su centro hist\u00f3rico (declarado Zona T\u00edpica), sus iglesias y construcciones neocoloniales, as\u00ed como el Plan Serena, creado por el ex-presidente Gabriel Gonz\u00e1lez Videla, quien naci\u00f3 en dicha ciudad. Tambi\u00e9n se recorrer\u00e1 la Ruta Mistraliana, para conocer en profundidad a nuestra Premio Nobel, Gabriela Mistral. Desde la primera escuela donde hizo clases hasta su mausoleo en Montegrande, Valle del Elqui.<\/p>\n<p><strong>CIELO CLARO<\/strong><\/p>\n<p>Magdalena Pi\u00f1era, Directora de Fundaci\u00f3n Futuro, se\u00f1ala que \u00abtengo la certeza que la ciudad habla mucho sobre la historia de las localidades, y es un espacio educativo que los profesores debieran ocupar de forma m\u00e1s sistem\u00e1tica, con m\u00e1s creatividad y m\u00e1s entusiasmo, pues conocer la ciudad permite contactarnos con nuestra realidad\u00bb.<\/p>\n<p>La Cuarta Regi\u00f3n cuenta adem\u00e1s, con otro gran patrimonio: sus cielos. La claridad de estos m\u00e1s las pocas noches con nubes hacen de este un lugar privilegiado para la observaci\u00f3n del universo. Por ello los profesores seleccionados tendr\u00e1n la posibilidad de conocer el trabajo que se realiza en el Observatorio La Silla, propiedad del Observatorio Europeo Austral (ESO). Fue inaugurado en 1969 por el Presidente Eduardo Frei Montalva, lo que junto al observatorio del Cerro Tololo, dio pie para convertir a Chile en el principal lugar de observaci\u00f3n del hemisferio sur.<\/p>\n<p>La pasant\u00eda costea el pasaje a\u00e9reo, alojamiento, alimentaci\u00f3n y traslados a los lugares de inter\u00e9s cultural. Para postular se deben descargar las bases desde www.fundacionfuturo.cl. A la fecha 969 profesores de todo el pa\u00eds han sido beneficiados en pasant\u00edas anteriores, realizadas desde Arica a Punta Arenas.<\/p>\n<p>&nbsp;<\/p>\n","protected":false},"excerpt":{"rendered":"<p>Fundaci\u00f3n Futuro invita a los profesores de todo el pa\u00eds, a postular a una nueva versi\u00f3n de su Pasant\u00eda Cultural La ciudad, un espacio educativo, a realizarse en La Serena, la segunda&#8230;<\/p>\n","protected":false},"author":482,"featured_media":47037,"comment_status":"open","ping_status":"closed","sticky":false,"template":"","format":"standard","meta":{"advanced_seo_description":"","jetpack_seo_html_title":"","jetpack_seo_noindex":false,"_jetpack_memberships_contains_paid_content":false,"footnotes":""},"categories":[1],"tags":[],"class_list":["post-47036","post","type-post","status-publish","format-standard","has-post-thumbnail","hentry","category-cronica"],"jetpack_featured_media_url":"https:\/\/i0.wp.com\/eltrabajo.cl\/portal\/wp-content\/uploads\/2014\/05\/SEO.jpg?fit=529%2C462&ssl=1","jetpack_sharing_enabled":true,"jetpack_likes_enabled":true,"jetpack-related-posts":[],"_links":{"self":[{"href":"https:\/\/eltrabajo.cl\/portal\/wp-json\/wp\/v2\/posts\/47036","targetHints":{"allow":["GET"]}}],"collection":[{"href":"https:\/\/eltrabajo.cl\/portal\/wp-json\/wp\/v2\/posts"}],"about":[{"href":"https:\/\/eltrabajo.cl\/portal\/wp-json\/wp\/v2\/types\/post"}],"author":[{"embeddable":true,"href":"https:\/\/eltrabajo.cl\/portal\/wp-json\/wp\/v2\/users\/482"}],"replies":[{"embeddable":true,"href":"https:\/\/eltrabajo.cl\/portal\/wp-json\/wp\/v2\/comments?post=47036"}],"version-history":[{"count":0,"href":"https:\/\/eltrabajo.cl\/portal\/wp-json\/wp\/v2\/posts\/47036\/revisions"}],"wp:featuredmedia":[{"embeddable":true,"href":"https:\/\/eltrabajo.cl\/portal\/wp-json\/wp\/v2\/media\/47037"}],"wp:attachment":[{"href":"https:\/\/eltrabajo.cl\/portal\/wp-json\/wp\/v2\/media?parent=47036"}],"wp:term":[{"taxonomy":"category","embeddable":true,"href":"https:\/\/eltrabajo.cl\/portal\/wp-json\/wp\/v2\/categories?post=47036"},{"taxonomy":"post_tag","embeddable":true,"href":"https:\/\/eltrabajo.cl\/portal\/wp-json\/wp\/v2\/tags?post=47036"}],"curies":[{"name":"wp","href":"https:\/\/api.w.org\/{rel}","templated":true}]}}