{"id":47039,"date":"2014-05-30T09:49:08","date_gmt":"2014-05-30T13:49:08","guid":{"rendered":"http:\/\/www.eltrabajo.cl\/portal\/?p=47039"},"modified":"2014-05-30T09:49:08","modified_gmt":"2014-05-30T13:49:08","slug":"llaman-a-cronicos-y-adultos-mayores-a-vacunarse-contra-la-influenza","status":"publish","type":"post","link":"https:\/\/eltrabajo.cl\/portal\/llaman-a-cronicos-y-adultos-mayores-a-vacunarse-contra-la-influenza\/","title":{"rendered":"Llaman a cr\u00f3nicos y adultos mayores a vacunarse contra la influenza"},"content":{"rendered":"<figure id=\"attachment_47040\" aria-describedby=\"caption-attachment-47040\" style=\"width: 529px\" class=\"wp-caption alignnone\"><a href=\"https:\/\/i0.wp.com\/www.eltrabajo.cl\/portal\/wp-content\/uploads\/2014\/05\/Vacunas1.jpg\"><img data-recalc-dims=\"1\" loading=\"lazy\" decoding=\"async\" class=\"size-full wp-image-47040\" alt=\"En el caso del Cesfam Segismundo Iturra, el horario de atenci\u00f3n es de lunes a jueves de 8:00 a 16:00 horas y el viernes de 8:00 a 15:00 horas. \" src=\"https:\/\/i0.wp.com\/www.eltrabajo.cl\/portal\/wp-content\/uploads\/2014\/05\/Vacunas1.jpg?resize=529%2C333\" width=\"529\" height=\"333\" srcset=\"https:\/\/i0.wp.com\/eltrabajo.cl\/portal\/wp-content\/uploads\/2014\/05\/Vacunas1.jpg?w=529&amp;ssl=1 529w, https:\/\/i0.wp.com\/eltrabajo.cl\/portal\/wp-content\/uploads\/2014\/05\/Vacunas1.jpg?resize=200%2C125&amp;ssl=1 200w, https:\/\/i0.wp.com\/eltrabajo.cl\/portal\/wp-content\/uploads\/2014\/05\/Vacunas1.jpg?resize=300%2C188&amp;ssl=1 300w, https:\/\/i0.wp.com\/eltrabajo.cl\/portal\/wp-content\/uploads\/2014\/05\/Vacunas1.jpg?resize=150%2C94&amp;ssl=1 150w, https:\/\/i0.wp.com\/eltrabajo.cl\/portal\/wp-content\/uploads\/2014\/05\/Vacunas1.jpg?resize=400%2C251&amp;ssl=1 400w\" sizes=\"auto, (max-width: 529px) 100vw, 529px\" \/><\/a><figcaption id=\"caption-attachment-47040\" class=\"wp-caption-text\">En el caso del Cesfam Segismundo Iturra, el horario de atenci\u00f3n es de lunes a jueves de 8:00 a 16:00 horas y el viernes de 8:00 a 15:00 horas.<\/figcaption><\/figure>\n<p>Hasta el pr\u00f3ximo viernes 6 de junio se prolong\u00f3 la campa\u00f1a de vacunaci\u00f3n contra la influenza, debido principalmente a la baja cobertura que se ha registrado en el grupo de adultos mayores y de pacientes con enfermedades cr\u00f3nicas. As\u00ed lo dio a conocer Katherine Serrano, Enfermera y Encargada (S) del Programa de Inmunizaci\u00f3n, quien realiz\u00f3 un llamado a estos dos grupos a acercarse a los centros de salud, colocarse la vacuna y protegerse durante el invierno.<\/p>\n<p>\u201cEsta es una enfermedad que afecta principalmente a estos grupos vulnerables, el adulto mayor que se contagia de la influenza puede estar grave hasta producir la muerte. Tenemos una cobertura de un 84% pero para que sea eficiente una campa\u00f1a debemos estar sobre el 90%, incluso 95% decimos que es una campa\u00f1a exitosa\u201d, dijo la profesional.<\/p>\n<p>En tanto los grupos de ni\u00f1os y embarazadas hasta las trece semanas que tambi\u00e9n deben vacunarse, acudieron a los centros de salud y est\u00e1n todos inmunizados, llegando incluso los ni\u00f1os a un 106% de cobertura. \u201cPrincipalmente el adulto mayor tiene el mito que la vacuna le produce m\u00e1s enfermedades, el que nosotros nos vacunemos no es que no nos resfriemos, la idea es que nos protejamos, para cuando uno se contagia de la influenza tenga el anticuerpo y se pueda defender\u201d, sostuvo Serrano.<\/p>\n<p>En tanto el grupo de personas postradas ya se encuentran todos cubiertos con la vacuna, as\u00ed como tambi\u00e9n sus familiares directos. El llamado de la autoridad de salud es a aquellas personas que todav\u00eda no se han inmunizado a acercarse a los centros de salud.<\/p>\n<p>&nbsp;<\/p>\n","protected":false},"excerpt":{"rendered":"<p>Hasta el pr\u00f3ximo viernes 6 de junio se prolong\u00f3 la campa\u00f1a de vacunaci\u00f3n contra la influenza, debido principalmente a la baja cobertura que se ha registrado en el grupo de adultos mayores&#8230;<\/p>\n","protected":false},"author":482,"featured_media":47040,"comment_status":"open","ping_status":"closed","sticky":false,"template":"","format":"standard","meta":{"advanced_seo_description":"","jetpack_seo_html_title":"","jetpack_seo_noindex":false,"_jetpack_memberships_contains_paid_content":false,"footnotes":""},"categories":[1],"tags":[],"class_list":["post-47039","post","type-post","status-publish","format-standard","has-post-thumbnail","hentry","category-cronica"],"jetpack_featured_media_url":"https:\/\/i0.wp.com\/eltrabajo.cl\/portal\/wp-content\/uploads\/2014\/05\/Vacunas1.jpg?fit=529%2C333&ssl=1","jetpack_sharing_enabled":true,"jetpack_likes_enabled":true,"jetpack-related-posts":[],"_links":{"self":[{"href":"https:\/\/eltrabajo.cl\/portal\/wp-json\/wp\/v2\/posts\/47039","targetHints":{"allow":["GET"]}}],"collection":[{"href":"https:\/\/eltrabajo.cl\/portal\/wp-json\/wp\/v2\/posts"}],"about":[{"href":"https:\/\/eltrabajo.cl\/portal\/wp-json\/wp\/v2\/types\/post"}],"author":[{"embeddable":true,"href":"https:\/\/eltrabajo.cl\/portal\/wp-json\/wp\/v2\/users\/482"}],"replies":[{"embeddable":true,"href":"https:\/\/eltrabajo.cl\/portal\/wp-json\/wp\/v2\/comments?post=47039"}],"version-history":[{"count":0,"href":"https:\/\/eltrabajo.cl\/portal\/wp-json\/wp\/v2\/posts\/47039\/revisions"}],"wp:featuredmedia":[{"embeddable":true,"href":"https:\/\/eltrabajo.cl\/portal\/wp-json\/wp\/v2\/media\/47040"}],"wp:attachment":[{"href":"https:\/\/eltrabajo.cl\/portal\/wp-json\/wp\/v2\/media?parent=47039"}],"wp:term":[{"taxonomy":"category","embeddable":true,"href":"https:\/\/eltrabajo.cl\/portal\/wp-json\/wp\/v2\/categories?post=47039"},{"taxonomy":"post_tag","embeddable":true,"href":"https:\/\/eltrabajo.cl\/portal\/wp-json\/wp\/v2\/tags?post=47039"}],"curies":[{"name":"wp","href":"https:\/\/api.w.org\/{rel}","templated":true}]}}