{"id":47042,"date":"2014-05-30T09:53:32","date_gmt":"2014-05-30T13:53:32","guid":{"rendered":"http:\/\/www.eltrabajo.cl\/portal\/?p=47042"},"modified":"2014-05-30T09:53:32","modified_gmt":"2014-05-30T13:53:32","slug":"arranca-la-9a-expo-feria-artesanal-y-micro-empresarial-2014","status":"publish","type":"post","link":"https:\/\/eltrabajo.cl\/portal\/arranca-la-9a-expo-feria-artesanal-y-micro-empresarial-2014\/","title":{"rendered":"Arranca la 9\u00aa Expo-feria Artesanal y Micro-empresarial 2014"},"content":{"rendered":"<figure id=\"attachment_47043\" aria-describedby=\"caption-attachment-47043\" style=\"width: 529px\" class=\"wp-caption alignnone\"><a href=\"https:\/\/i0.wp.com\/www.eltrabajo.cl\/portal\/wp-content\/uploads\/2014\/05\/El-Rastro1.jpg\"><img data-recalc-dims=\"1\" loading=\"lazy\" decoding=\"async\" class=\"size-full wp-image-47043\" alt=\"LOS ARTESANOS.- Ellos son parte de los integrantes de la Feria de Artesanos El Rastro. Estar\u00e1n varios d\u00edas ofreciendo su trabajo en la 9\u00aa Expo Feria Artesanal y Micro-empresarial 2014.\" src=\"https:\/\/i0.wp.com\/www.eltrabajo.cl\/portal\/wp-content\/uploads\/2014\/05\/El-Rastro1.jpg?resize=529%2C368\" width=\"529\" height=\"368\" srcset=\"https:\/\/i0.wp.com\/eltrabajo.cl\/portal\/wp-content\/uploads\/2014\/05\/El-Rastro1.jpg?w=529&amp;ssl=1 529w, https:\/\/i0.wp.com\/eltrabajo.cl\/portal\/wp-content\/uploads\/2014\/05\/El-Rastro1.jpg?resize=200%2C139&amp;ssl=1 200w, https:\/\/i0.wp.com\/eltrabajo.cl\/portal\/wp-content\/uploads\/2014\/05\/El-Rastro1.jpg?resize=300%2C208&amp;ssl=1 300w, https:\/\/i0.wp.com\/eltrabajo.cl\/portal\/wp-content\/uploads\/2014\/05\/El-Rastro1.jpg?resize=150%2C104&amp;ssl=1 150w, https:\/\/i0.wp.com\/eltrabajo.cl\/portal\/wp-content\/uploads\/2014\/05\/El-Rastro1.jpg?resize=400%2C278&amp;ssl=1 400w\" sizes=\"auto, (max-width: 529px) 100vw, 529px\" \/><\/a><figcaption id=\"caption-attachment-47043\" class=\"wp-caption-text\">LOS ARTESANOS.- Ellos son parte de los integrantes de la Feria de Artesanos El Rastro. Estar\u00e1n varios d\u00edas ofreciendo su trabajo en la 9\u00aa Expo Feria Artesanal y Micro-empresarial 2014.<\/figcaption><\/figure>\n<p>Desde este viernes se realizar\u00e1 la novena Expo-feria Artesanal y Microempresarias San Felipe 2014, oportunidad en que participar\u00e1n alrededor de 80 expositores, artesanos del Valle de Aconcagua, constituyendo una de las m\u00e1s masiva iniciativa que se ha presentado en la comuna este a\u00f1o. La Expo-feria est\u00e1 organizada por Feria El Rastro y la Municipalidad de San Felipe, se realizar\u00e1 desde este viernes 30 de mayo en la Plaza de Armas y en ella participar\u00e1n expositores de Los Andes, Quillota, Quilpu\u00e9, Santiago, Rancagua, Paine y de esta comuna, quienes mostrar\u00e1n distintos productos, tanto en artesan\u00eda como especialidades campesinas, entre las que se cuentan artesan\u00eda en cuero, en madera, lana, aceite de oliva, champ\u00fa y productos org\u00e1nicos, entre otros.<\/p>\n<figure id=\"attachment_47044\" aria-describedby=\"caption-attachment-47044\" style=\"width: 370px\" class=\"wp-caption alignright\"><a href=\"https:\/\/i0.wp.com\/www.eltrabajo.cl\/portal\/wp-content\/uploads\/2014\/05\/Feria12.jpg\"><img data-recalc-dims=\"1\" loading=\"lazy\" decoding=\"async\" class=\" wp-image-47044 \" alt=\"Desde este viernes se realizar\u00e1 la novena Expo-feria Artesanal y Microempresarias San Felipe 2014.\" src=\"https:\/\/i0.wp.com\/www.eltrabajo.cl\/portal\/wp-content\/uploads\/2014\/05\/Feria12.jpg?resize=370%2C252\" width=\"370\" height=\"252\" srcset=\"https:\/\/i0.wp.com\/eltrabajo.cl\/portal\/wp-content\/uploads\/2014\/05\/Feria12.jpg?w=528&amp;ssl=1 528w, https:\/\/i0.wp.com\/eltrabajo.cl\/portal\/wp-content\/uploads\/2014\/05\/Feria12.jpg?resize=200%2C136&amp;ssl=1 200w, https:\/\/i0.wp.com\/eltrabajo.cl\/portal\/wp-content\/uploads\/2014\/05\/Feria12.jpg?resize=300%2C204&amp;ssl=1 300w, https:\/\/i0.wp.com\/eltrabajo.cl\/portal\/wp-content\/uploads\/2014\/05\/Feria12.jpg?resize=150%2C102&amp;ssl=1 150w, https:\/\/i0.wp.com\/eltrabajo.cl\/portal\/wp-content\/uploads\/2014\/05\/Feria12.jpg?resize=400%2C272&amp;ssl=1 400w\" sizes=\"auto, (max-width: 370px) 100vw, 370px\" \/><\/a><figcaption id=\"caption-attachment-47044\" class=\"wp-caption-text\">Desde este viernes se realizar\u00e1 la novena Expo-feria Artesanal y Microempresarias San Felipe 2014.<\/figcaption><\/figure>\n<p>\u201cLa expo se inicia el viernes a las diez de la ma\u00f1ana, la inauguraci\u00f3n es a las 12:00 horas con las autoridades comunales y dura hasta el domingo 1 de junio. Los tres d\u00edas abre a las 10:00 horas y cierra a las 20:00 horas, van a participar muchos artesanos, este es un espacio para todos ellos y para los microempresarios para que puedan potenciar sus negocios\u201d, dijo Odette Illanes, Encargada de Turismo de la Municipalidad de San Felipe.<\/p>\n<p><strong>TODOS INVITADOS<\/strong><\/p>\n<p>La Directiva de Feria El Rastro invit\u00f3 a los vecinos a acercarse hasta el sector c\u00e9ntrico para visitar la expo feria artesanal y disfrutar y tambi\u00e9n conocer los productos. \u201cEl d\u00eda viernes que nos acompa\u00f1en en la inauguraci\u00f3n y tambi\u00e9n nos visiten, aparte de todo lo que es artesan\u00eda tenemos juegos para los ni\u00f1os\u201d, dijo Olivia Ram\u00edrez, presidenta de El Rastro.<\/p>\n<p>La idea de este tipo de iniciativas es promover todos los productos manufacturados en forma artesanal, en distintos rubros, como se\u00f1al\u00f3 Marco Bradanovich, Vicepresidente de El Rastro. \u201cAqu\u00ed trajimos una muestra de cosas que vamos a mostrar, es bastante amplio el rubro, tenemos desde las yerbas, las hojas de stevia, caf\u00e9 de cebada, hay miel, aceite de nuez, cremas\u201d, explic\u00f3 Bradanovich. La invitaci\u00f3n a participar es a toda la comunidad del Valle de Aconcagua a acercarse hasta la plaza de armas para conocer y disfrutar de todos estos productos, que son totalmente naturales.<\/p>\n<p>&nbsp;<\/p>\n","protected":false},"excerpt":{"rendered":"<p>Desde este viernes se realizar\u00e1 la novena Expo-feria Artesanal y Microempresarias San Felipe 2014, oportunidad en que participar\u00e1n alrededor de 80 expositores, artesanos del Valle de Aconcagua, constituyendo una de las m\u00e1s&#8230;<\/p>\n","protected":false},"author":482,"featured_media":47043,"comment_status":"open","ping_status":"closed","sticky":false,"template":"","format":"standard","meta":{"advanced_seo_description":"","jetpack_seo_html_title":"","jetpack_seo_noindex":false,"_jetpack_memberships_contains_paid_content":false,"footnotes":""},"categories":[1],"tags":[],"class_list":["post-47042","post","type-post","status-publish","format-standard","has-post-thumbnail","hentry","category-cronica"],"jetpack_featured_media_url":"https:\/\/i0.wp.com\/eltrabajo.cl\/portal\/wp-content\/uploads\/2014\/05\/El-Rastro1.jpg?fit=529%2C368&ssl=1","jetpack_sharing_enabled":true,"jetpack_likes_enabled":true,"jetpack-related-posts":[],"_links":{"self":[{"href":"https:\/\/eltrabajo.cl\/portal\/wp-json\/wp\/v2\/posts\/47042","targetHints":{"allow":["GET"]}}],"collection":[{"href":"https:\/\/eltrabajo.cl\/portal\/wp-json\/wp\/v2\/posts"}],"about":[{"href":"https:\/\/eltrabajo.cl\/portal\/wp-json\/wp\/v2\/types\/post"}],"author":[{"embeddable":true,"href":"https:\/\/eltrabajo.cl\/portal\/wp-json\/wp\/v2\/users\/482"}],"replies":[{"embeddable":true,"href":"https:\/\/eltrabajo.cl\/portal\/wp-json\/wp\/v2\/comments?post=47042"}],"version-history":[{"count":0,"href":"https:\/\/eltrabajo.cl\/portal\/wp-json\/wp\/v2\/posts\/47042\/revisions"}],"wp:featuredmedia":[{"embeddable":true,"href":"https:\/\/eltrabajo.cl\/portal\/wp-json\/wp\/v2\/media\/47043"}],"wp:attachment":[{"href":"https:\/\/eltrabajo.cl\/portal\/wp-json\/wp\/v2\/media?parent=47042"}],"wp:term":[{"taxonomy":"category","embeddable":true,"href":"https:\/\/eltrabajo.cl\/portal\/wp-json\/wp\/v2\/categories?post=47042"},{"taxonomy":"post_tag","embeddable":true,"href":"https:\/\/eltrabajo.cl\/portal\/wp-json\/wp\/v2\/tags?post=47042"}],"curies":[{"name":"wp","href":"https:\/\/api.w.org\/{rel}","templated":true}]}}