{"id":47047,"date":"2014-05-30T09:56:01","date_gmt":"2014-05-30T13:56:01","guid":{"rendered":"http:\/\/www.eltrabajo.cl\/portal\/?p=47047"},"modified":"2014-05-30T09:56:01","modified_gmt":"2014-05-30T13:56:01","slug":"tras-marcha-en-el-centro-trabajadores-del-aseo-logran-acuerdo-con-municipio","status":"publish","type":"post","link":"https:\/\/eltrabajo.cl\/portal\/tras-marcha-en-el-centro-trabajadores-del-aseo-logran-acuerdo-con-municipio\/","title":{"rendered":"Tras marcha en el centro trabajadores del aseo logran acuerdo con Municipio"},"content":{"rendered":"<figure id=\"attachment_47048\" aria-describedby=\"caption-attachment-47048\" style=\"width: 529px\" class=\"wp-caption alignnone\"><a href=\"https:\/\/i0.wp.com\/www.eltrabajo.cl\/portal\/wp-content\/uploads\/2014\/05\/marcha-trabajadores-aseo.jpg\"><img data-recalc-dims=\"1\" loading=\"lazy\" decoding=\"async\" class=\"size-full wp-image-47048\" alt=\"Los trabajadores rechazaron la oferta inicial de recibir su dinero en cinco cuotas, exigiendo que el pago se realice en solo tres cuotas como m\u00e1ximo.\" src=\"https:\/\/i0.wp.com\/www.eltrabajo.cl\/portal\/wp-content\/uploads\/2014\/05\/marcha-trabajadores-aseo.jpg?resize=529%2C297\" width=\"529\" height=\"297\" srcset=\"https:\/\/i0.wp.com\/eltrabajo.cl\/portal\/wp-content\/uploads\/2014\/05\/marcha-trabajadores-aseo.jpg?w=529&amp;ssl=1 529w, https:\/\/i0.wp.com\/eltrabajo.cl\/portal\/wp-content\/uploads\/2014\/05\/marcha-trabajadores-aseo.jpg?resize=200%2C112&amp;ssl=1 200w, https:\/\/i0.wp.com\/eltrabajo.cl\/portal\/wp-content\/uploads\/2014\/05\/marcha-trabajadores-aseo.jpg?resize=300%2C168&amp;ssl=1 300w, https:\/\/i0.wp.com\/eltrabajo.cl\/portal\/wp-content\/uploads\/2014\/05\/marcha-trabajadores-aseo.jpg?resize=150%2C84&amp;ssl=1 150w, https:\/\/i0.wp.com\/eltrabajo.cl\/portal\/wp-content\/uploads\/2014\/05\/marcha-trabajadores-aseo.jpg?resize=400%2C224&amp;ssl=1 400w\" sizes=\"auto, (max-width: 529px) 100vw, 529px\" \/><\/a><figcaption id=\"caption-attachment-47048\" class=\"wp-caption-text\">Los trabajadores rechazaron la oferta inicial de recibir su dinero en cinco cuotas, exigiendo que el pago se realice en solo tres cuotas como m\u00e1ximo.<\/figcaption><\/figure>\n<p>Tras una manifestaci\u00f3n desarrollada la tarde de ayer frente a la Municipalidad de San Felipe por parte de trabajadores de Proactiva, que demandan del municipio el pago de 118 millones de pesos correspondiente a un bono compensatorio para los trabajadores, entregado por la Subdere a los municipios del pa\u00eds y que \u00e9stos se gastaron, finalmente se logr\u00f3 llegar a acuerdo entre los trabajadores y la Municipalidad representada por su Alcalde Patricio Freire Canto.<\/p>\n<figure id=\"attachment_47049\" aria-describedby=\"caption-attachment-47049\" style=\"width: 317px\" class=\"wp-caption alignright\"><a href=\"https:\/\/i0.wp.com\/www.eltrabajo.cl\/portal\/wp-content\/uploads\/2014\/05\/marcha-aseo-hugo-martinez-araya.jpg\"><img data-recalc-dims=\"1\" loading=\"lazy\" decoding=\"async\" class=\" wp-image-47049 \" alt=\"El presidente del Sindicato de Trabajadores de Proactiva,  Hugo Mart\u00ednez Araya, se reuni\u00f3 con el Alcalde Patricio Freire logrando llegar a acuerdo.\" src=\"https:\/\/i0.wp.com\/www.eltrabajo.cl\/portal\/wp-content\/uploads\/2014\/05\/marcha-aseo-hugo-martinez-araya.jpg?resize=317%2C241\" width=\"317\" height=\"241\" srcset=\"https:\/\/i0.wp.com\/eltrabajo.cl\/portal\/wp-content\/uploads\/2014\/05\/marcha-aseo-hugo-martinez-araya.jpg?w=529&amp;ssl=1 529w, https:\/\/i0.wp.com\/eltrabajo.cl\/portal\/wp-content\/uploads\/2014\/05\/marcha-aseo-hugo-martinez-araya.jpg?resize=197%2C150&amp;ssl=1 197w, https:\/\/i0.wp.com\/eltrabajo.cl\/portal\/wp-content\/uploads\/2014\/05\/marcha-aseo-hugo-martinez-araya.jpg?resize=300%2C227&amp;ssl=1 300w, https:\/\/i0.wp.com\/eltrabajo.cl\/portal\/wp-content\/uploads\/2014\/05\/marcha-aseo-hugo-martinez-araya.jpg?resize=150%2C113&amp;ssl=1 150w, https:\/\/i0.wp.com\/eltrabajo.cl\/portal\/wp-content\/uploads\/2014\/05\/marcha-aseo-hugo-martinez-araya.jpg?resize=400%2C303&amp;ssl=1 400w\" sizes=\"auto, (max-width: 317px) 100vw, 317px\" \/><\/a><figcaption id=\"caption-attachment-47049\" class=\"wp-caption-text\">El presidente del Sindicato de Trabajadores de Proactiva, Hugo Mart\u00ednez Araya, se reuni\u00f3 con el Alcalde Patricio Freire logrando llegar a acuerdo.<\/figcaption><\/figure>\n<p>Hugo Mart\u00ednez Araya, presidente del Sindicato de Trabajadores de Proactiva San Felipe, se\u00f1al\u00f3 que logr\u00f3 reunirse con el Alcalde Patricio Freire la tarde de ayer, donde el edil les ofreci\u00f3 cancelar la deuda en cinco cuotas, oferta que una vez traspasada a los trabajadores fue rechazada por \u00e9stos, quienes exigieron el pago en tres cuotas.<\/p>\n<p>La manifestaci\u00f3n de los trabajadores que levantaron pancartas exigiendo el pago de sus dineros, se desarroll\u00f3 en total normalidad, logr\u00e1ndose finalmente un acuerdo en horas de la tarde de este jueves, cuando el Alcalde Patricio Freire lleg\u00f3 a consenso con los trabajadores del aseo domiciliario, comprometiendo el pago de casi $118 millones que ser\u00e1n cancelados en tres cuotas.<\/p>\n<p>El jefe comunal dialog\u00f3 con los dirigentes de los trabajadores que llegaron hasta la municipalidad y present\u00f3 esa propuesta, que establece el pago de tres cuotas, la primera a ser cancelada los primeros d\u00edas de junio y la segunda y tercera cuotas el 25 de julio y 25 de agosto respectivamente, la que fue aceptada por los trabajadores.<\/p>\n<p>\u201cVamos a pagar en tres cuotas este acuerdo, la primera se cancelar\u00e1 antes del 8 de junio. Siempre desde el primer d\u00eda pensamos en pagar, pero quer\u00eda tener claridad y hoy en conversaci\u00f3n que tuve con la Subdere nos permiti\u00f3 llegar a un buen acuerdo. En relaci\u00f3n a los recursos, una parte vendr\u00e1 de la Subdere y otra el municipio realizar\u00e1 los esfuerzos para cancelar a los trabajadores\u201d, se\u00f1al\u00f3 el Alcalde Patricio Freire.<\/p>\n<p>El jefe comunal destac\u00f3 el trabajo que se realiz\u00f3 al interior del municipio para lograr el acuerdo y se mostr\u00f3 conforme con la negociaci\u00f3n. \u201cTeniendo claridad en la parte jur\u00eddica, de la forma como debemos actuar y tener los recursos tambi\u00e9n disponibles, nos permiten ser responsables para establecer los acuerdos\u201d, dijo el edil.<\/p>\n<p>El lunes pr\u00f3ximo en tanto debe ser redactado el acuerdo, donde participar\u00e1n los dirigentes de los trabajadores, la empresa y el municipio.<\/p>\n<p>Cabe destacar que el contrato entre la Municipalidad y la actual empresa Proactiva finaliza el pr\u00f3ximo 30 de junio, momento a partir del cual existe un acuerdo con el municipio para que los actuales trabajadores sean contratados por la empresa que se adjudique la licitaci\u00f3n del servicio de recolecci\u00f3n a partir de esa fecha.<\/p>\n","protected":false},"excerpt":{"rendered":"<p>Tras una manifestaci\u00f3n desarrollada la tarde de ayer frente a la Municipalidad de San Felipe por parte de trabajadores de Proactiva, que demandan del municipio el pago de 118 millones de pesos&#8230;<\/p>\n","protected":false},"author":482,"featured_media":47048,"comment_status":"open","ping_status":"closed","sticky":false,"template":"","format":"standard","meta":{"advanced_seo_description":"","jetpack_seo_html_title":"","jetpack_seo_noindex":false,"_jetpack_memberships_contains_paid_content":false,"footnotes":""},"categories":[15],"tags":[],"class_list":["post-47047","post","type-post","status-publish","format-standard","has-post-thumbnail","hentry","category-comunidad"],"jetpack_featured_media_url":"https:\/\/i0.wp.com\/eltrabajo.cl\/portal\/wp-content\/uploads\/2014\/05\/marcha-trabajadores-aseo.jpg?fit=529%2C297&ssl=1","jetpack_sharing_enabled":true,"jetpack_likes_enabled":true,"jetpack-related-posts":[],"_links":{"self":[{"href":"https:\/\/eltrabajo.cl\/portal\/wp-json\/wp\/v2\/posts\/47047","targetHints":{"allow":["GET"]}}],"collection":[{"href":"https:\/\/eltrabajo.cl\/portal\/wp-json\/wp\/v2\/posts"}],"about":[{"href":"https:\/\/eltrabajo.cl\/portal\/wp-json\/wp\/v2\/types\/post"}],"author":[{"embeddable":true,"href":"https:\/\/eltrabajo.cl\/portal\/wp-json\/wp\/v2\/users\/482"}],"replies":[{"embeddable":true,"href":"https:\/\/eltrabajo.cl\/portal\/wp-json\/wp\/v2\/comments?post=47047"}],"version-history":[{"count":0,"href":"https:\/\/eltrabajo.cl\/portal\/wp-json\/wp\/v2\/posts\/47047\/revisions"}],"wp:featuredmedia":[{"embeddable":true,"href":"https:\/\/eltrabajo.cl\/portal\/wp-json\/wp\/v2\/media\/47048"}],"wp:attachment":[{"href":"https:\/\/eltrabajo.cl\/portal\/wp-json\/wp\/v2\/media?parent=47047"}],"wp:term":[{"taxonomy":"category","embeddable":true,"href":"https:\/\/eltrabajo.cl\/portal\/wp-json\/wp\/v2\/categories?post=47047"},{"taxonomy":"post_tag","embeddable":true,"href":"https:\/\/eltrabajo.cl\/portal\/wp-json\/wp\/v2\/tags?post=47047"}],"curies":[{"name":"wp","href":"https:\/\/api.w.org\/{rel}","templated":true}]}}